{"id":277,"date":"2009-03-04T17:58:37","date_gmt":"2009-03-04T16:58:37","guid":{"rendered":"http:\/\/blog.karlstetter.net\/?p=277"},"modified":"2013-03-25T00:42:47","modified_gmt":"2013-03-24T23:42:47","slug":"karlstetter-20-kick-off-meeting-am-0903","status":"publish","type":"post","link":"https:\/\/www.karlstetter.net\/jkblog\/2009\/03\/04\/karlstetter-20-kick-off-meeting-am-0903\/","title":{"rendered":"Karlstetter 2.0: Kick-off Meeting am 09.03. ;-)"},"content":{"rendered":"<p>Seit dem <a title=\"Karlstetter 2.0 loading (33%)\" href=\"https:\/\/www.karlstetter.net\/jkblog\/2008\/08\/30\/karlstetter-20-loading-33\/\" target=\"_blank\">letzten Beitrag im August<\/a> sind nun doch schon einige Wochen und Monate vergangen, der Bauch von Bettina wurde runder und aus dem damals winzigen Punkt, ist ein stattlicher kleiner Junge geworden.<\/p>\n<p>Der Junge wird nat\u00fcrlich einen &#8222;anst\u00e4ndigen&#8220; Namen erhalten und nicht Karlstetter 2.0 hei\u00dfen. Wir haben uns beide schon fr\u00fchzeitig f\u00fcr Jonas entschieden. Der errechnte Geburtstermin des Rackers w\u00e4re der 19.03. gewesen.<\/p>\n<p>Da Jonas aber scheinbar einiges vom Papa genetisch geerbt hat, besitzt der &#8222;Kleine&#8220; schon eine so beachtliche &#8222;Gr\u00f6\u00dfe&#8220;, dass der liebe Herr Dr. uns (speziell Bettina) zu einem geplanten Kaiserschnitt geraten hat. Demnach durften wir uns einen Termin (klingt bei einer Geburt nat\u00fcrlich komisch) aussuchen, dabei hat uns der n\u00e4chste Montag aufgrund des Datums 09.03.09 aus zweierlei Sicht zugesagt.<\/p>\n<p>Zuhause ist soweit auch alles vorbereitet, sprich das <a href=\"http:\/\/www.paidi.de\/babyzimmer\/babyzimmer\/holzdekore\/rico\/\" target=\"_blank\">Kinderzimmer<\/a> ist eingerichtet (Danke nochmal Michi), der <a href=\"http:\/\/www.gesslein.de\/kinderwagen-f6.htm\" target=\"_blank\">Kinderwagen<\/a> justiert und Windeln\/Pflegemittel ausreichend auf Vorrat.<\/p>\n<p>Ab Montag beginnt f\u00fcr uns also eine neue Zeitrechnung, auf die wir uns sehr gespannt freuen. \ud83d\ude42<\/p>\n<p>Werfen wir noch kurz einen letzten Blick auf Jonas in seiner &#8222;Einzimmerwohnung&#8220;.<\/p>\n<div class=\"tiled-gallery type-rectangular tiled-gallery-unresized\" data-original-width=\"500\" data-carousel-extra='{&quot;blog_id&quot;:1,&quot;permalink&quot;:&quot;https:\\\/\\\/www.karlstetter.net\\\/jkblog\\\/2009\\\/03\\\/04\\\/karlstetter-20-kick-off-meeting-am-0903\\\/&quot;,&quot;likes_blog_id&quot;:48637387}' itemscope itemtype=\"http:\/\/schema.org\/ImageGallery\" > <div class=\"gallery-row\" style=\"width: 500px; height: 187px;\" data-original-width=\"500\" data-original-height=\"187\" > <div class=\"gallery-group images-1\" style=\"width: 249px; height: 187px;\" data-original-width=\"249\" data-original-height=\"187\" > <div class=\"tiled-gallery-item tiled-gallery-item-small\" itemprop=\"associatedMedia\" itemscope itemtype=\"http:\/\/schema.org\/ImageObject\"> <a href=\"https:\/\/www.karlstetter.net\/jkblog\/2009\/03\/04\/karlstetter-20-kick-off-meeting-am-0903\/karlstetter20\/\" border=\"0\" itemprop=\"url\"> <meta itemprop=\"width\" content=\"245\"> <meta itemprop=\"height\" content=\"183\"> <img decoding=\"async\" class=\"\" data-attachment-id=\"2180\" data-orig-file=\"https:\/\/www.karlstetter.net\/jkblog\/wp-content\/uploads\/2009\/03\/Karlstetter20.jpg\" data-orig-size=\"800,600\" data-comments-opened=\"1\" data-image-meta=\"{&quot;aperture&quot;:&quot;3.5&quot;,&quot;credit&quot;:&quot;&quot;,&quot;camera&quot;:&quot;DSC-H5&quot;,&quot;caption&quot;:&quot;&quot;,&quot;created_timestamp&quot;:&quot;1235940045&quot;,&quot;copyright&quot;:&quot;&quot;,&quot;focal_length&quot;:&quot;13.5&quot;,&quot;iso&quot;:&quot;125&quot;,&quot;shutter_speed&quot;:&quot;0.0166666666667&quot;,&quot;title&quot;:&quot;&quot;,&quot;orientation&quot;:&quot;1&quot;}\" data-image-title=\"Karlstetter20\" data-image-description=\"\" data-medium-file=\"https:\/\/i0.wp.com\/www.karlstetter.net\/jkblog\/wp-content\/uploads\/2009\/03\/Karlstetter20.jpg?fit=400%2C300&#038;ssl=1\" data-large-file=\"https:\/\/i0.wp.com\/www.karlstetter.net\/jkblog\/wp-content\/uploads\/2009\/03\/Karlstetter20.jpg?fit=800%2C600&#038;ssl=1\" src=\"https:\/\/i0.wp.com\/www.karlstetter.net\/jkblog\/wp-content\/uploads\/2009\/03\/Karlstetter20.jpg?w=245&#038;h=183&#038;ssl=1\" srcset=\"https:\/\/i0.wp.com\/www.karlstetter.net\/jkblog\/wp-content\/uploads\/2009\/03\/Karlstetter20.jpg?w=800&amp;ssl=1 800w, https:\/\/i0.wp.com\/www.karlstetter.net\/jkblog\/wp-content\/uploads\/2009\/03\/Karlstetter20.jpg?resize=200%2C150&amp;ssl=1 200w, https:\/\/i0.wp.com\/www.karlstetter.net\/jkblog\/wp-content\/uploads\/2009\/03\/Karlstetter20.jpg?resize=400%2C300&amp;ssl=1 400w, https:\/\/i0.wp.com\/www.karlstetter.net\/jkblog\/wp-content\/uploads\/2009\/03\/Karlstetter20.jpg?resize=768%2C576&amp;ssl=1 768w\" width=\"245\" height=\"183\" loading=\"lazy\" data-original-width=\"245\" data-original-height=\"183\" itemprop=\"http:\/\/schema.org\/image\" title=\"Karlstetter20\" alt=\"Karlstetter 2.0 loading\" style=\"width: 245px; height: 183px;\" \/> <\/a> <div class=\"tiled-gallery-caption\" itemprop=\"caption description\"> Karlstetter 2.0 loading <\/div> <\/div> <\/div> <!-- close group --> <div class=\"gallery-group images-1\" style=\"width: 251px; height: 187px;\" data-original-width=\"251\" data-original-height=\"187\" > <div class=\"tiled-gallery-item tiled-gallery-item-small\" itemprop=\"associatedMedia\" itemscope itemtype=\"http:\/\/schema.org\/ImageObject\"> <a href=\"https:\/\/www.karlstetter.net\/jkblog\/2009\/03\/04\/karlstetter-20-kick-off-meeting-am-0903\/little_jonas\/\" border=\"0\" itemprop=\"url\"> <meta itemprop=\"width\" content=\"247\"> <meta itemprop=\"height\" content=\"183\"> <img decoding=\"async\" class=\"\" data-attachment-id=\"2181\" data-orig-file=\"https:\/\/www.karlstetter.net\/jkblog\/wp-content\/uploads\/2009\/03\/Little_Jonas.jpg\" data-orig-size=\"800,593\" data-comments-opened=\"1\" data-image-meta=\"{&quot;aperture&quot;:&quot;0&quot;,&quot;credit&quot;:&quot;&quot;,&quot;camera&quot;:&quot;&quot;,&quot;caption&quot;:&quot;&quot;,&quot;created_timestamp&quot;:&quot;0&quot;,&quot;copyright&quot;:&quot;&quot;,&quot;focal_length&quot;:&quot;0&quot;,&quot;iso&quot;:&quot;0&quot;,&quot;shutter_speed&quot;:&quot;0&quot;,&quot;title&quot;:&quot;&quot;,&quot;orientation&quot;:&quot;1&quot;}\" data-image-title=\"Little_Jonas\" data-image-description=\"\" data-medium-file=\"https:\/\/i0.wp.com\/www.karlstetter.net\/jkblog\/wp-content\/uploads\/2009\/03\/Little_Jonas.jpg?fit=400%2C297&#038;ssl=1\" data-large-file=\"https:\/\/i0.wp.com\/www.karlstetter.net\/jkblog\/wp-content\/uploads\/2009\/03\/Little_Jonas.jpg?fit=800%2C593&#038;ssl=1\" src=\"https:\/\/i0.wp.com\/www.karlstetter.net\/jkblog\/wp-content\/uploads\/2009\/03\/Little_Jonas.jpg?w=247&#038;h=183&#038;ssl=1\" srcset=\"https:\/\/i0.wp.com\/www.karlstetter.net\/jkblog\/wp-content\/uploads\/2009\/03\/Little_Jonas.jpg?w=800&amp;ssl=1 800w, https:\/\/i0.wp.com\/www.karlstetter.net\/jkblog\/wp-content\/uploads\/2009\/03\/Little_Jonas.jpg?resize=200%2C148&amp;ssl=1 200w, https:\/\/i0.wp.com\/www.karlstetter.net\/jkblog\/wp-content\/uploads\/2009\/03\/Little_Jonas.jpg?resize=400%2C297&amp;ssl=1 400w, https:\/\/i0.wp.com\/www.karlstetter.net\/jkblog\/wp-content\/uploads\/2009\/03\/Little_Jonas.jpg?resize=768%2C569&amp;ssl=1 768w\" width=\"247\" height=\"183\" loading=\"lazy\" data-original-width=\"247\" data-original-height=\"183\" itemprop=\"http:\/\/schema.org\/image\" title=\"Little_Jonas\" alt=\"Letztes Jonas Bild aus der Einzimmerwohnung\" style=\"width: 247px; height: 183px;\" \/> <\/a> <div class=\"tiled-gallery-caption\" itemprop=\"caption description\"> Letztes Jonas Bild aus der Einzimmerwohnung <\/div> <\/div> <\/div> <!-- close group --> <\/div> <!-- close row --> <\/div>\n<p>&nbsp;<\/p>\n<p>To be continued&#8230;<\/p>\n<div class=\"shariff\"><ul class=\"shariff-buttons theme-default orientation-horizontal buttonsize-medium\"><li class=\"shariff-button facebook shariff-nocustomcolor\" style=\"background-color:#4273c8\"><a href=\"https:\/\/www.facebook.com\/sharer\/sharer.php?u=https%3A%2F%2Fwww.karlstetter.net%2Fjkblog%2F2009%2F03%2F04%2Fkarlstetter-20-kick-off-meeting-am-0903%2F\" title=\"Bei Facebook teilen\" aria-label=\"Bei Facebook teilen\" role=\"button\" rel=\"nofollow\" class=\"shariff-link\" style=\"; background-color:#3b5998; color:#fff\" target=\"_blank\"><span class=\"shariff-icon\" style=\"\"><svg width=\"32px\" height=\"20px\" xmlns=\"http:\/\/www.w3.org\/2000\/svg\" viewBox=\"0 0 18 32\"><path fill=\"#3b5998\" d=\"M17.1 0.2v4.7h-2.8q-1.5 0-2.1 0.6t-0.5 1.9v3.4h5.2l-0.7 5.3h-4.5v13.6h-5.5v-13.6h-4.5v-5.3h4.5v-3.9q0-3.3 1.9-5.2t5-1.8q2.6 0 4.1 0.2z\"\/><\/svg><\/span><span class=\"shariff-text\">teilen<\/span>&nbsp;<\/a><\/li><li class=\"shariff-button twitter shariff-nocustomcolor\" style=\"background-color:#595959\"><a href=\"https:\/\/twitter.com\/share?url=https%3A%2F%2Fwww.karlstetter.net%2Fjkblog%2F2009%2F03%2F04%2Fkarlstetter-20-kick-off-meeting-am-0903%2F&text=Karlstetter%202.0%3A%20Kick-off%20Meeting%20am%2009.03.%20%3B-%29&via=monacobazi\" title=\"Bei X teilen\" aria-label=\"Bei X teilen\" role=\"button\" rel=\"noopener nofollow\" class=\"shariff-link\" style=\"; background-color:#000; color:#fff\" target=\"_blank\"><span class=\"shariff-icon\" style=\"\"><svg width=\"32px\" height=\"20px\" xmlns=\"http:\/\/www.w3.org\/2000\/svg\" viewBox=\"0 0 24 24\"><path fill=\"#000\" d=\"M14.258 10.152L23.176 0h-2.113l-7.747 8.813L7.133 0H0l9.352 13.328L0 23.973h2.113l8.176-9.309 6.531 9.309h7.133zm-2.895 3.293l-.949-1.328L2.875 1.56h3.246l6.086 8.523.945 1.328 7.91 11.078h-3.246zm0 0\"\/><\/svg><\/span><span class=\"shariff-text\">teilen<\/span>&nbsp;<\/a><\/li><li class=\"shariff-button whatsapp shariff-nocustomcolor\" style=\"background-color:#5cbe4a\"><a href=\"https:\/\/api.whatsapp.com\/send?text=https%3A%2F%2Fwww.karlstetter.net%2Fjkblog%2F2009%2F03%2F04%2Fkarlstetter-20-kick-off-meeting-am-0903%2F%20Karlstetter%202.0%3A%20Kick-off%20Meeting%20am%2009.03.%20%3B-%29\" title=\"Bei Whatsapp teilen\" aria-label=\"Bei Whatsapp teilen\" role=\"button\" rel=\"noopener nofollow\" class=\"shariff-link\" style=\"; background-color:#34af23; color:#fff\" target=\"_blank\"><span class=\"shariff-icon\" style=\"\"><svg width=\"32px\" height=\"20px\" xmlns=\"http:\/\/www.w3.org\/2000\/svg\" viewBox=\"0 0 32 32\"><path fill=\"#34af23\" d=\"M17.6 17.4q0.2 0 1.7 0.8t1.6 0.9q0 0.1 0 0.3 0 0.6-0.3 1.4-0.3 0.7-1.3 1.2t-1.8 0.5q-1 0-3.4-1.1-1.7-0.8-3-2.1t-2.6-3.3q-1.3-1.9-1.3-3.5v-0.1q0.1-1.6 1.3-2.8 0.4-0.4 0.9-0.4 0.1 0 0.3 0t0.3 0q0.3 0 0.5 0.1t0.3 0.5q0.1 0.4 0.6 1.6t0.4 1.3q0 0.4-0.6 1t-0.6 0.8q0 0.1 0.1 0.3 0.6 1.3 1.8 2.4 1 0.9 2.7 1.8 0.2 0.1 0.4 0.1 0.3 0 1-0.9t0.9-0.9zM14 26.9q2.3 0 4.3-0.9t3.6-2.4 2.4-3.6 0.9-4.3-0.9-4.3-2.4-3.6-3.6-2.4-4.3-0.9-4.3 0.9-3.6 2.4-2.4 3.6-0.9 4.3q0 3.6 2.1 6.6l-1.4 4.2 4.3-1.4q2.8 1.9 6.2 1.9zM14 2.2q2.7 0 5.2 1.1t4.3 2.9 2.9 4.3 1.1 5.2-1.1 5.2-2.9 4.3-4.3 2.9-5.2 1.1q-3.5 0-6.5-1.7l-7.4 2.4 2.4-7.2q-1.9-3.2-1.9-6.9 0-2.7 1.1-5.2t2.9-4.3 4.3-2.9 5.2-1.1z\"\/><\/svg><\/span><span class=\"shariff-text\">teilen<\/span>&nbsp;<\/a><\/li><li class=\"shariff-button mailto shariff-nocustomcolor\" style=\"background-color:#a8a8a8\"><a href=\"mailto:?body=https%3A%2F%2Fwww.karlstetter.net%2Fjkblog%2F2009%2F03%2F04%2Fkarlstetter-20-kick-off-meeting-am-0903%2F&subject=Karlstetter%202.0%3A%20Kick-off%20Meeting%20am%2009.03.%20%3B-%29\" title=\"Per E-Mail versenden\" aria-label=\"Per E-Mail versenden\" role=\"button\" rel=\"noopener nofollow\" class=\"shariff-link\" style=\"; background-color:#999; color:#fff\"><span class=\"shariff-icon\" style=\"\"><svg width=\"32px\" height=\"20px\" xmlns=\"http:\/\/www.w3.org\/2000\/svg\" viewBox=\"0 0 32 32\"><path fill=\"#999\" d=\"M32 12.7v14.2q0 1.2-0.8 2t-2 0.9h-26.3q-1.2 0-2-0.9t-0.8-2v-14.2q0.8 0.9 1.8 1.6 6.5 4.4 8.9 6.1 1 0.8 1.6 1.2t1.7 0.9 2 0.4h0.1q0.9 0 2-0.4t1.7-0.9 1.6-1.2q3-2.2 8.9-6.1 1-0.7 1.8-1.6zM32 7.4q0 1.4-0.9 2.7t-2.2 2.2q-6.7 4.7-8.4 5.8-0.2 0.1-0.7 0.5t-1 0.7-0.9 0.6-1.1 0.5-0.9 0.2h-0.1q-0.4 0-0.9-0.2t-1.1-0.5-0.9-0.6-1-0.7-0.7-0.5q-1.6-1.1-4.7-3.2t-3.6-2.6q-1.1-0.7-2.1-2t-1-2.5q0-1.4 0.7-2.3t2.1-0.9h26.3q1.2 0 2 0.8t0.9 2z\"\/><\/svg><\/span><span class=\"shariff-text\">E-Mail<\/span>&nbsp;<\/a><\/li><li class=\"shariff-button printer shariff-nocustomcolor\" style=\"background-color:#a8a8a8\"><a href=\"javascript:window.print()\" title=\"drucken\" aria-label=\"drucken\" role=\"button\" rel=\"noopener nofollow\" class=\"shariff-link\" style=\"; background-color:#999; color:#fff\"><span class=\"shariff-icon\" style=\"\"><svg width=\"32px\" height=\"20px\" xmlns=\"http:\/\/www.w3.org\/2000\/svg\" viewBox=\"0 0 30 32\"><path fill=\"#999\" d=\"M6.8 27.4h16v-4.6h-16v4.6zM6.8 16h16v-6.8h-2.8q-0.7 0-1.2-0.5t-0.5-1.2v-2.8h-11.4v11.4zM27.4 17.2q0-0.5-0.3-0.8t-0.8-0.4-0.8 0.4-0.3 0.8 0.3 0.8 0.8 0.3 0.8-0.3 0.3-0.8zM29.7 17.2v7.4q0 0.2-0.2 0.4t-0.4 0.2h-4v2.8q0 0.7-0.5 1.2t-1.2 0.5h-17.2q-0.7 0-1.2-0.5t-0.5-1.2v-2.8h-4q-0.2 0-0.4-0.2t-0.2-0.4v-7.4q0-1.4 1-2.4t2.4-1h1.2v-9.7q0-0.7 0.5-1.2t1.2-0.5h12q0.7 0 1.6 0.4t1.3 0.8l2.7 2.7q0.5 0.5 0.9 1.4t0.4 1.6v4.6h1.1q1.4 0 2.4 1t1 2.4z\"\/><\/svg><\/span><span class=\"shariff-text\">drucken<\/span>&nbsp;<\/a><\/li><li class=\"shariff-button info shariff-nocustomcolor\" style=\"background-color:#eee\"><a href=\"http:\/\/ct.de\/-2467514\" title=\"Weitere Informationen\" aria-label=\"Weitere Informationen\" role=\"button\" rel=\"noopener \" class=\"shariff-link\" style=\"; background-color:#fff; color:#fff\" target=\"_blank\"><span class=\"shariff-icon\" style=\"\"><svg width=\"32px\" height=\"20px\" xmlns=\"http:\/\/www.w3.org\/2000\/svg\" viewBox=\"0 0 11 32\"><path fill=\"#999\" d=\"M11.4 24v2.3q0 0.5-0.3 0.8t-0.8 0.4h-9.1q-0.5 0-0.8-0.4t-0.4-0.8v-2.3q0-0.5 0.4-0.8t0.8-0.4h1.1v-6.8h-1.1q-0.5 0-0.8-0.4t-0.4-0.8v-2.3q0-0.5 0.4-0.8t0.8-0.4h6.8q0.5 0 0.8 0.4t0.4 0.8v10.3h1.1q0.5 0 0.8 0.4t0.3 0.8zM9.2 3.4v3.4q0 0.5-0.4 0.8t-0.8 0.4h-4.6q-0.4 0-0.8-0.4t-0.4-0.8v-3.4q0-0.4 0.4-0.8t0.8-0.4h4.6q0.5 0 0.8 0.4t0.4 0.8z\"\/><\/svg><\/span><\/a><\/li><\/ul><\/div>","protected":false},"excerpt":{"rendered":"<p>Seit dem letzten Beitrag im August sind nun doch schon einige Wochen und Monate vergangen, der Bauch von Bettina wurde runder und aus dem damals winzigen Punkt, ist ein stattlicher kleiner Junge geworden. Der Junge wird nat\u00fcrlich einen &#8222;anst\u00e4ndigen&#8220; Namen erhalten und nicht Karlstetter&#46;&#46;&#46;<\/p>\n","protected":false},"author":2,"featured_media":0,"comment_status":"open","ping_status":"open","sticky":false,"template":"","format":"standard","meta":{"jetpack_post_was_ever_published":false,"_jetpack_newsletter_access":"","_jetpack_dont_email_post_to_subs":false,"_jetpack_newsletter_tier_id":0,"_jetpack_memberships_contains_paywalled_content":false,"_jetpack_memberships_contains_paid_content":false,"footnotes":""},"categories":[6],"tags":[48,597,247,285,345,419],"class_list":["post-277","post","type-post","status-publish","format-standard","hentry","category-jk-jr","tag-baby","tag-jk-jr","tag-jonas","tag-mama","tag-papa","tag-schwangerschaft"],"yoast_head":"<!-- This site is optimized with the Yoast SEO plugin v27.4 - https:\/\/yoast.com\/product\/yoast-seo-wordpress\/ -->\n<title>Karlstetter 2.0: Kick-off Meeting am 09.03. ;-) - jk blog<\/title>\n<meta name=\"robots\" content=\"index, follow, max-snippet:-1, max-image-preview:large, max-video-preview:-1\" \/>\n<link rel=\"canonical\" href=\"https:\/\/www.karlstetter.net\/jkblog\/2009\/03\/04\/karlstetter-20-kick-off-meeting-am-0903\/\" \/>\n<meta property=\"og:locale\" content=\"de_DE\" \/>\n<meta property=\"og:type\" content=\"article\" \/>\n<meta property=\"og:title\" content=\"Karlstetter 2.0: Kick-off Meeting am 09.03. ;-) - jk blog\" \/>\n<meta property=\"og:description\" content=\"Seit dem letzten Beitrag im August sind nun doch schon einige Wochen und Monate vergangen, der Bauch von Bettina wurde runder und aus dem damals winzigen Punkt, ist ein stattlicher kleiner Junge geworden. Der Junge wird nat\u00fcrlich einen &#8222;anst\u00e4ndigen&#8220; Namen erhalten und nicht Karlstetter&#046;&#046;&#046;\" \/>\n<meta property=\"og:url\" content=\"https:\/\/www.karlstetter.net\/jkblog\/2009\/03\/04\/karlstetter-20-kick-off-meeting-am-0903\/\" \/>\n<meta property=\"og:site_name\" content=\"jk blog\" \/>\n<meta property=\"article:author\" content=\"https:\/\/de-de.facebook.com\/bayernbazi\" \/>\n<meta property=\"article:published_time\" content=\"2009-03-04T16:58:37+00:00\" \/>\n<meta property=\"article:modified_time\" content=\"2013-03-24T23:42:47+00:00\" \/>\n<meta property=\"og:image\" content=\"https:\/\/i2.wp.com\/www.karlstetter.net\/jkblog\/wp-content\/uploads\/2009\/03\/Karlstetter20.jpg?w=344&#038;h=258&#038;ssl=1\" \/>\n<meta name=\"author\" content=\"JK\" \/>\n<meta name=\"twitter:label1\" content=\"Verfasst von\" \/>\n\t<meta name=\"twitter:data1\" content=\"JK\" \/>\n\t<meta name=\"twitter:label2\" content=\"Gesch\u00e4tzte Lesezeit\" \/>\n\t<meta name=\"twitter:data2\" content=\"1\u00a0Minute\" \/>\n<script type=\"application\/ld+json\" class=\"yoast-schema-graph\">{\"@context\":\"https:\\\/\\\/schema.org\",\"@graph\":[{\"@type\":\"Article\",\"@id\":\"https:\\\/\\\/www.karlstetter.net\\\/jkblog\\\/2009\\\/03\\\/04\\\/karlstetter-20-kick-off-meeting-am-0903\\\/#article\",\"isPartOf\":{\"@id\":\"https:\\\/\\\/www.karlstetter.net\\\/jkblog\\\/2009\\\/03\\\/04\\\/karlstetter-20-kick-off-meeting-am-0903\\\/\"},\"author\":{\"name\":\"JK\",\"@id\":\"https:\\\/\\\/www.karlstetter.net\\\/jkblog\\\/#\\\/schema\\\/person\\\/2a92019bcb282ecce17aa7ec379f3d29\"},\"headline\":\"Karlstetter 2.0: Kick-off Meeting am 09.03. ;-)\",\"datePublished\":\"2009-03-04T16:58:37+00:00\",\"dateModified\":\"2013-03-24T23:42:47+00:00\",\"mainEntityOfPage\":{\"@id\":\"https:\\\/\\\/www.karlstetter.net\\\/jkblog\\\/2009\\\/03\\\/04\\\/karlstetter-20-kick-off-meeting-am-0903\\\/\"},\"wordCount\":193,\"commentCount\":5,\"publisher\":{\"@id\":\"https:\\\/\\\/www.karlstetter.net\\\/jkblog\\\/#organization\"},\"keywords\":[\"Baby\",\"JK jr.\",\"Jonas\",\"Mama\",\"Papa\",\"Schwangerschaft\"],\"articleSection\":[\"JK jr.\"],\"inLanguage\":\"de\",\"potentialAction\":[{\"@type\":\"CommentAction\",\"name\":\"Comment\",\"target\":[\"https:\\\/\\\/www.karlstetter.net\\\/jkblog\\\/2009\\\/03\\\/04\\\/karlstetter-20-kick-off-meeting-am-0903\\\/#respond\"]}]},{\"@type\":\"WebPage\",\"@id\":\"https:\\\/\\\/www.karlstetter.net\\\/jkblog\\\/2009\\\/03\\\/04\\\/karlstetter-20-kick-off-meeting-am-0903\\\/\",\"url\":\"https:\\\/\\\/www.karlstetter.net\\\/jkblog\\\/2009\\\/03\\\/04\\\/karlstetter-20-kick-off-meeting-am-0903\\\/\",\"name\":\"Karlstetter 2.0: Kick-off Meeting am 09.03. ;-) - jk blog\",\"isPartOf\":{\"@id\":\"https:\\\/\\\/www.karlstetter.net\\\/jkblog\\\/#website\"},\"datePublished\":\"2009-03-04T16:58:37+00:00\",\"dateModified\":\"2013-03-24T23:42:47+00:00\",\"breadcrumb\":{\"@id\":\"https:\\\/\\\/www.karlstetter.net\\\/jkblog\\\/2009\\\/03\\\/04\\\/karlstetter-20-kick-off-meeting-am-0903\\\/#breadcrumb\"},\"inLanguage\":\"de\",\"potentialAction\":[{\"@type\":\"ReadAction\",\"target\":[\"https:\\\/\\\/www.karlstetter.net\\\/jkblog\\\/2009\\\/03\\\/04\\\/karlstetter-20-kick-off-meeting-am-0903\\\/\"]}]},{\"@type\":\"BreadcrumbList\",\"@id\":\"https:\\\/\\\/www.karlstetter.net\\\/jkblog\\\/2009\\\/03\\\/04\\\/karlstetter-20-kick-off-meeting-am-0903\\\/#breadcrumb\",\"itemListElement\":[{\"@type\":\"ListItem\",\"position\":1,\"name\":\"Startseite\",\"item\":\"https:\\\/\\\/www.karlstetter.net\\\/jkblog\\\/\"},{\"@type\":\"ListItem\",\"position\":2,\"name\":\"Karlstetter 2.0: Kick-off Meeting am 09.03. ;-)\"}]},{\"@type\":\"WebSite\",\"@id\":\"https:\\\/\\\/www.karlstetter.net\\\/jkblog\\\/#website\",\"url\":\"https:\\\/\\\/www.karlstetter.net\\\/jkblog\\\/\",\"name\":\"jk blog\",\"description\":\"M\u00fcnchner Allerlei seit 2005\",\"publisher\":{\"@id\":\"https:\\\/\\\/www.karlstetter.net\\\/jkblog\\\/#organization\"},\"potentialAction\":[{\"@type\":\"SearchAction\",\"target\":{\"@type\":\"EntryPoint\",\"urlTemplate\":\"https:\\\/\\\/www.karlstetter.net\\\/jkblog\\\/?s={search_term_string}\"},\"query-input\":{\"@type\":\"PropertyValueSpecification\",\"valueRequired\":true,\"valueName\":\"search_term_string\"}}],\"inLanguage\":\"de\"},{\"@type\":\"Organization\",\"@id\":\"https:\\\/\\\/www.karlstetter.net\\\/jkblog\\\/#organization\",\"name\":\"jk blog\",\"url\":\"https:\\\/\\\/www.karlstetter.net\\\/jkblog\\\/\",\"logo\":{\"@type\":\"ImageObject\",\"inLanguage\":\"de\",\"@id\":\"https:\\\/\\\/www.karlstetter.net\\\/jkblog\\\/#\\\/schema\\\/logo\\\/image\\\/\",\"url\":\"https:\\\/\\\/i0.wp.com\\\/www.karlstetter.net\\\/jkblog\\\/wp-content\\\/uploads\\\/2022\\\/08\\\/jkblog_2022_Logo.png?fit=500%2C213&ssl=1\",\"contentUrl\":\"https:\\\/\\\/i0.wp.com\\\/www.karlstetter.net\\\/jkblog\\\/wp-content\\\/uploads\\\/2022\\\/08\\\/jkblog_2022_Logo.png?fit=500%2C213&ssl=1\",\"width\":500,\"height\":213,\"caption\":\"jk blog\"},\"image\":{\"@id\":\"https:\\\/\\\/www.karlstetter.net\\\/jkblog\\\/#\\\/schema\\\/logo\\\/image\\\/\"}},{\"@type\":\"Person\",\"@id\":\"https:\\\/\\\/www.karlstetter.net\\\/jkblog\\\/#\\\/schema\\\/person\\\/2a92019bcb282ecce17aa7ec379f3d29\",\"name\":\"JK\",\"image\":{\"@type\":\"ImageObject\",\"inLanguage\":\"de\",\"@id\":\"https:\\\/\\\/secure.gravatar.com\\\/avatar\\\/61120a9cd0caf6f8ef48873f0e5a0bf445b011424a20c8e2f0565ecc84bc047e?s=96&d=mm&r=x\",\"url\":\"https:\\\/\\\/secure.gravatar.com\\\/avatar\\\/61120a9cd0caf6f8ef48873f0e5a0bf445b011424a20c8e2f0565ecc84bc047e?s=96&d=mm&r=x\",\"contentUrl\":\"https:\\\/\\\/secure.gravatar.com\\\/avatar\\\/61120a9cd0caf6f8ef48873f0e5a0bf445b011424a20c8e2f0565ecc84bc047e?s=96&d=mm&r=x\",\"caption\":\"JK\"},\"sameAs\":[\"https:\\\/\\\/www.jkblog.de\",\"https:\\\/\\\/de-de.facebook.com\\\/bayernbazi\",\"https:\\\/\\\/x.com\\\/monacobazi\"],\"url\":\"https:\\\/\\\/www.karlstetter.net\\\/jkblog\\\/author\\\/jk\\\/\"}]}<\/script>\n<!-- \/ Yoast SEO plugin. -->","yoast_head_json":{"title":"Karlstetter 2.0: Kick-off Meeting am 09.03. ;-) - jk blog","robots":{"index":"index","follow":"follow","max-snippet":"max-snippet:-1","max-image-preview":"max-image-preview:large","max-video-preview":"max-video-preview:-1"},"canonical":"https:\/\/www.karlstetter.net\/jkblog\/2009\/03\/04\/karlstetter-20-kick-off-meeting-am-0903\/","og_locale":"de_DE","og_type":"article","og_title":"Karlstetter 2.0: Kick-off Meeting am 09.03. ;-) - jk blog","og_description":"Seit dem letzten Beitrag im August sind nun doch schon einige Wochen und Monate vergangen, der Bauch von Bettina wurde runder und aus dem damals winzigen Punkt, ist ein stattlicher kleiner Junge geworden. Der Junge wird nat\u00fcrlich einen &#8222;anst\u00e4ndigen&#8220; Namen erhalten und nicht Karlstetter&#46;&#46;&#46;","og_url":"https:\/\/www.karlstetter.net\/jkblog\/2009\/03\/04\/karlstetter-20-kick-off-meeting-am-0903\/","og_site_name":"jk blog","article_author":"https:\/\/de-de.facebook.com\/bayernbazi","article_published_time":"2009-03-04T16:58:37+00:00","article_modified_time":"2013-03-24T23:42:47+00:00","og_image":[{"url":"https:\/\/i2.wp.com\/www.karlstetter.net\/jkblog\/wp-content\/uploads\/2009\/03\/Karlstetter20.jpg?w=344&#038;h=258&#038;ssl=1","type":"","width":"","height":""}],"author":"JK","twitter_misc":{"Verfasst von":"JK","Gesch\u00e4tzte Lesezeit":"1\u00a0Minute"},"schema":{"@context":"https:\/\/schema.org","@graph":[{"@type":"Article","@id":"https:\/\/www.karlstetter.net\/jkblog\/2009\/03\/04\/karlstetter-20-kick-off-meeting-am-0903\/#article","isPartOf":{"@id":"https:\/\/www.karlstetter.net\/jkblog\/2009\/03\/04\/karlstetter-20-kick-off-meeting-am-0903\/"},"author":{"name":"JK","@id":"https:\/\/www.karlstetter.net\/jkblog\/#\/schema\/person\/2a92019bcb282ecce17aa7ec379f3d29"},"headline":"Karlstetter 2.0: Kick-off Meeting am 09.03. ;-)","datePublished":"2009-03-04T16:58:37+00:00","dateModified":"2013-03-24T23:42:47+00:00","mainEntityOfPage":{"@id":"https:\/\/www.karlstetter.net\/jkblog\/2009\/03\/04\/karlstetter-20-kick-off-meeting-am-0903\/"},"wordCount":193,"commentCount":5,"publisher":{"@id":"https:\/\/www.karlstetter.net\/jkblog\/#organization"},"keywords":["Baby","JK jr.","Jonas","Mama","Papa","Schwangerschaft"],"articleSection":["JK jr."],"inLanguage":"de","potentialAction":[{"@type":"CommentAction","name":"Comment","target":["https:\/\/www.karlstetter.net\/jkblog\/2009\/03\/04\/karlstetter-20-kick-off-meeting-am-0903\/#respond"]}]},{"@type":"WebPage","@id":"https:\/\/www.karlstetter.net\/jkblog\/2009\/03\/04\/karlstetter-20-kick-off-meeting-am-0903\/","url":"https:\/\/www.karlstetter.net\/jkblog\/2009\/03\/04\/karlstetter-20-kick-off-meeting-am-0903\/","name":"Karlstetter 2.0: Kick-off Meeting am 09.03. ;-) - jk blog","isPartOf":{"@id":"https:\/\/www.karlstetter.net\/jkblog\/#website"},"datePublished":"2009-03-04T16:58:37+00:00","dateModified":"2013-03-24T23:42:47+00:00","breadcrumb":{"@id":"https:\/\/www.karlstetter.net\/jkblog\/2009\/03\/04\/karlstetter-20-kick-off-meeting-am-0903\/#breadcrumb"},"inLanguage":"de","potentialAction":[{"@type":"ReadAction","target":["https:\/\/www.karlstetter.net\/jkblog\/2009\/03\/04\/karlstetter-20-kick-off-meeting-am-0903\/"]}]},{"@type":"BreadcrumbList","@id":"https:\/\/www.karlstetter.net\/jkblog\/2009\/03\/04\/karlstetter-20-kick-off-meeting-am-0903\/#breadcrumb","itemListElement":[{"@type":"ListItem","position":1,"name":"Startseite","item":"https:\/\/www.karlstetter.net\/jkblog\/"},{"@type":"ListItem","position":2,"name":"Karlstetter 2.0: Kick-off Meeting am 09.03. ;-)"}]},{"@type":"WebSite","@id":"https:\/\/www.karlstetter.net\/jkblog\/#website","url":"https:\/\/www.karlstetter.net\/jkblog\/","name":"jk blog","description":"M\u00fcnchner Allerlei seit 2005","publisher":{"@id":"https:\/\/www.karlstetter.net\/jkblog\/#organization"},"potentialAction":[{"@type":"SearchAction","target":{"@type":"EntryPoint","urlTemplate":"https:\/\/www.karlstetter.net\/jkblog\/?s={search_term_string}"},"query-input":{"@type":"PropertyValueSpecification","valueRequired":true,"valueName":"search_term_string"}}],"inLanguage":"de"},{"@type":"Organization","@id":"https:\/\/www.karlstetter.net\/jkblog\/#organization","name":"jk blog","url":"https:\/\/www.karlstetter.net\/jkblog\/","logo":{"@type":"ImageObject","inLanguage":"de","@id":"https:\/\/www.karlstetter.net\/jkblog\/#\/schema\/logo\/image\/","url":"https:\/\/i0.wp.com\/www.karlstetter.net\/jkblog\/wp-content\/uploads\/2022\/08\/jkblog_2022_Logo.png?fit=500%2C213&ssl=1","contentUrl":"https:\/\/i0.wp.com\/www.karlstetter.net\/jkblog\/wp-content\/uploads\/2022\/08\/jkblog_2022_Logo.png?fit=500%2C213&ssl=1","width":500,"height":213,"caption":"jk blog"},"image":{"@id":"https:\/\/www.karlstetter.net\/jkblog\/#\/schema\/logo\/image\/"}},{"@type":"Person","@id":"https:\/\/www.karlstetter.net\/jkblog\/#\/schema\/person\/2a92019bcb282ecce17aa7ec379f3d29","name":"JK","image":{"@type":"ImageObject","inLanguage":"de","@id":"https:\/\/secure.gravatar.com\/avatar\/61120a9cd0caf6f8ef48873f0e5a0bf445b011424a20c8e2f0565ecc84bc047e?s=96&d=mm&r=x","url":"https:\/\/secure.gravatar.com\/avatar\/61120a9cd0caf6f8ef48873f0e5a0bf445b011424a20c8e2f0565ecc84bc047e?s=96&d=mm&r=x","contentUrl":"https:\/\/secure.gravatar.com\/avatar\/61120a9cd0caf6f8ef48873f0e5a0bf445b011424a20c8e2f0565ecc84bc047e?s=96&d=mm&r=x","caption":"JK"},"sameAs":["https:\/\/www.jkblog.de","https:\/\/de-de.facebook.com\/bayernbazi","https:\/\/x.com\/monacobazi"],"url":"https:\/\/www.karlstetter.net\/jkblog\/author\/jk\/"}]}},"jetpack_featured_media_url":"","jetpack_shortlink":"https:\/\/wp.me\/p3i4NZ-4t","jetpack_sharing_enabled":true,"_links":{"self":[{"href":"https:\/\/www.karlstetter.net\/jkblog\/wp-json\/wp\/v2\/posts\/277","targetHints":{"allow":["GET"]}}],"collection":[{"href":"https:\/\/www.karlstetter.net\/jkblog\/wp-json\/wp\/v2\/posts"}],"about":[{"href":"https:\/\/www.karlstetter.net\/jkblog\/wp-json\/wp\/v2\/types\/post"}],"author":[{"embeddable":true,"href":"https:\/\/www.karlstetter.net\/jkblog\/wp-json\/wp\/v2\/users\/2"}],"replies":[{"embeddable":true,"href":"https:\/\/www.karlstetter.net\/jkblog\/wp-json\/wp\/v2\/comments?post=277"}],"version-history":[{"count":2,"href":"https:\/\/www.karlstetter.net\/jkblog\/wp-json\/wp\/v2\/posts\/277\/revisions"}],"predecessor-version":[{"id":2182,"href":"https:\/\/www.karlstetter.net\/jkblog\/wp-json\/wp\/v2\/posts\/277\/revisions\/2182"}],"wp:attachment":[{"href":"https:\/\/www.karlstetter.net\/jkblog\/wp-json\/wp\/v2\/media?parent=277"}],"wp:term":[{"taxonomy":"category","embeddable":true,"href":"https:\/\/www.karlstetter.net\/jkblog\/wp-json\/wp\/v2\/categories?post=277"},{"taxonomy":"post_tag","embeddable":true,"href":"https:\/\/www.karlstetter.net\/jkblog\/wp-json\/wp\/v2\/tags?post=277"}],"curies":[{"name":"wp","href":"https:\/\/api.w.org\/{rel}","templated":true}]}}