{"id":2854,"date":"2014-07-09T17:00:04","date_gmt":"2014-07-09T15:00:04","guid":{"rendered":"http:\/\/www.karlstetter.net\/jkblog\/?p=2854"},"modified":"2014-08-06T00:10:02","modified_gmt":"2014-08-05T22:10:02","slug":"wir-gruenden-einen-bayern-fanclub","status":"publish","type":"post","link":"https:\/\/www.karlstetter.net\/jkblog\/2014\/07\/09\/wir-gruenden-einen-bayern-fanclub\/","title":{"rendered":"Wir gr\u00fcnden einen Bayern-Fanclub! Bist Du dabei?"},"content":{"rendered":"<p>Ja ich wei\u00df, die \u00dcberschrift f\u00e4llt gleich mit der T\u00fcr ins Haus. \ud83d\ude09<\/p>\n<p>Aber im Zeitalter der immer k\u00fcrzer werdenden Aufmerksamkeitsspanne, muss man halt gleich ein Zeichen setzen. F\u00fcr die, die jetzt noch weiterlesen habe ich nat\u00fcrlich Antworten und Hintergrundinfos zun den berechtigten Fragen<\/p>\n<p><strong>Wieso? Weshalb? Warum?<\/strong><\/p>\n<p>Wie der ein oder andere Fu\u00dfballinteressierte sicher wei\u00df, bin ich &#8211; auch dank meines Opas &#8211; seit meiner Kindheit gl\u00fchender Bayern-Fan und schon 24 Jahre Mitglied bei meinem Herzensverein. Von ERFOLGSFAN kann also keine Rede sein. Auch wenn die &#8222;Ups&#8220; nat\u00fcrlich auf all die Jahre gesehen die &#8222;Downs&#8220; extrem \u00fcberwiegen. \ud83d\ude09<\/p>\n<p>Anfangs (bis 2001) noch Jahreskartenbesitzer, war der Besuch jedes Heimspiels im Olympiastadion nat\u00fcrlich Pflicht. Aber auch Europacup-Spiele im tiefsten Winter mit nur knapp 20.000 Zuschauern durfte ich frierend &#8211; aber immer ohne lange Unterhose &#8211; erleben. So etwas gibt es seit Er\u00f6ffnung der Allianz-Arena nat\u00fcrlich nicht mehr, da ist jeder Kick restlos ausverkauft. Auch ohne Jahreskarte komme ich zum Gl\u00fcck, aufgrund meiner und auch Opas langj\u00e4hriger Mitgliedschaft (der hatte sogar noch FCB-Spiele im Gr\u00fcnwalder verfolgt), in den Genu\u00df des ein oder anderen Heimspiels, zu dem mich immer mal wieder meine liebe Frau oder sehr gute Freunde begleiten. Den Rest schaue ich beim \u00f6rtlichen Pay-TV-Sender. Absoluter H\u00f6hepunkt war nat\u00fcrlich das letztj\u00e4hrige Champions-League Finale in Wembley. Die dort erlebten Emotionen lassen sich nicht in Worte fassen, so etwas muss man live erlebt haben. \ud83d\ude42<\/p>\n<p>Aber ich schweife ab, zur\u00fcck zum eigentlichen Thema, das da lautet <span style=\"color: #ff0000;\"><strong>FC BAYERN FANCLUB<\/strong><\/span>.<\/p>\n<p>Schon \u00fcber viele Jahre begleitet mich der Gedanke einen Fanclub zu gr\u00fcnden, jedoch eher so beil\u00e4ufig, teils aus einer Bier- oder Pl\u00f6rre-Laune heraus (z.B. Jerome-Boateng-Fanclub). \ud83d\ude09<\/p>\n<p><strong>Warum wird jetzt auf einmal ernst gemacht?<\/strong><\/p>\n<p>Tja, das hat mehr oder weniger zwei &#8222;Haupt-Gr\u00fcnde&#8220;.<\/p>\n<p>Erstens der FCBCLFBS. Die meisten meiner Freunde auf Facebook werden sofort wissen was gemeint ist, den anderen sei es kurz erkl\u00e4rt. FCBCLFBS steht f\u00fcr <strong>F<\/strong>C <strong>B<\/strong>ayern <strong>C<\/strong>hampions <strong>L<\/strong>eague <strong>F<\/strong>ace<strong>B<\/strong>ook <strong>S<\/strong>tammtisch. Im Prinzip die Online-Variante des \u00fcblichen Stammtisches in jedem bayerischen Wirtshaus. Eher zuf\u00e4llig ergab sich vor knapp zwei Jahren aus einem simplen Post zu einem Live-Spiel eine rege Diskussionsrunde mit ein paar Freundinnen und Freunden. Daraus entwickelte sich mehr oder minder eine Tradition, mit einer Stammtischmannschaft und etlichen G\u00e4sten (und auch nur Lesern der Beitr\u00e4ge). \u00dcber 100 Kommentare w\u00e4hrend eines Live-Spiels gerh\u00f6rten nun fast zur Tagesordnung, der H\u00f6hepunkt liegt aktuell bei 178.<br \/>\nHier wurde mir erst so richtig klar, wie viele meiner Freunde da drau\u00dfen &#8222;echte&#8220; Bayernfans sind, mit denen ich meinungstechnisch nahezu auf einer Wellenl\u00e4nge liege. Allein dieses Potential und der Spa\u00df bei jedem Spiel, waren f\u00fcr mich schon eine enorme Motivation in Richtung Fanclubgr\u00fcndung.<\/p>\n<p>Zweitens ein &#8222;Ideen-Unterst\u00fctzer&#8220;, jemand der an so einem Projekt aktiv mitarbeiten will und mir das Gef\u00fchl gibt nicht alles selber machen zu m\u00fcssen. Diesen &#8222;Jemand&#8220;\u00a0 habe ich in Person von Christian Beck gefunden, einige werden ihn vielleicht kennen. Anfang des Jahres habe ich ihm bei einem DFB-Pokal-Heimspiel von meiner Idee erz\u00e4hlt. Er war wohl\u00a0 ab der ersten Sekunde \u00fcberzeugt und sprach mich Wochen sp\u00e4ter nochmal auf das Thema an. Das hatte mir imponiert, also beschlossen wir beide bei einem leckeren &#8222;Willi&#8220; im <a href=\"http:\/\/www.franzz.com\/\" target=\"_blank\">Franzz<\/a> das Projekt Fanclub umsetzen zu wollen, mit ihm als stellvertretenden Vorsitzenden und mir als Hauptansprechpartner.<\/p>\n<p>Dieser Blog-Eintrag ist praktisch die erste Information und Werbema\u00dfnahme um euer Interesse an einem &#8222;eigenen&#8220; FC Bayern Fanclub auszuloten. Denn wie der Name Fanclub ja schon besagt, sind die Fans und Unterst\u00fctzer das Herz und die Seele des Ganzen, ohne die ein solches Gemeinschafts-Projekt ja keinen Sinn macht.<\/p>\n<p>Bevor jeder &#8222;Ja, ich bin dabei!&#8220; schreit (wovon ich nat\u00fcrlich ausgehe) \ud83d\ude09 , hier noch ein paar Informationen, z.B. was im ersten Schritt n\u00f6tig ist, um beim gro\u00dfen FCB einen offiziellen Fanclub zu gr\u00fcnden bzw. welche Vorteile man dann genie\u00dft. Hier ein Auszug von der <a href=\"http:\/\/www.fcbayern.de\/de\/fans\/fan-betreuung\/fanclub-gruendung\/\" target=\"_blank\">offiziellen Bayern-Webseite<\/a>:<\/p>\n<blockquote><p><strong>Aufgaben<\/strong><\/p>\n<p>Wir vertrauen darauf, dass Sie uns als eingetragener Fanclub unserem Grundsatz gem\u00e4\u00df fair unterst\u00fctzen und durch Ihre Aktion das Erscheinungsbild unseres Vereins positiv mitpr\u00e4gen. Als Fanclub sind Sie in gewisser Weise auch <span style=\"color: #ff0000;\">Botschafter des FC Bayern M\u00fcnchen<\/span>.<\/p>\n<p><strong>Voraussetzungen zur Fanclubgr\u00fcndung<\/strong><\/p>\n<p>Die Eintragung in unser offizielles Fanclub-Verzeichnis ist mit keinerlei Kosten verbunden, kann jedoch aus organisatorischen Gr\u00fcnden erst ab einer Mitgliederzahl von <strong>mindestens 25 Personen<\/strong> erfolgen (die Mitgliedschaft beim FC Bayern ist nicht erforderlich). Das Mindestalter des Ansprechpartners sowie des Stellvertreters betr\u00e4gt 18 Jahre.<\/p>\n<p><strong>Vorteile<\/strong><\/p>\n<ol>\n<li><em>Ihre Eintrittskarten-Bestellungen f\u00fcr alle Heim- und Ausw\u00e4rtsspiele werden selbstverst\u00e4ndlich bevorzugt behandelt.<\/em><\/li>\n<li><em>Bei Heimspielen entfallen die Bearbeitungsgeb\u00fchren. Sie zahlen nur das Porto. Voraussetzung hierf\u00fcr: Sammelbestellung \u00fcber einen Kaufberechtigten. Die Bestellung muss generell schriftlich gegen Vorkasse erfolgen, siehe Kundeninformation zur Kartenbestellung<\/em><\/li>\n<li><em>F\u00fcr wohlt\u00e4tige Zwecke und zur Mitgliederwerbung stellen wir gerne \u2013 soweit m\u00f6glich \u2013 diverse Fanartikel zur Verf\u00fcgung<\/em><\/li>\n<li><em>F\u00fcr Fanclubs besteht die M\u00f6glichkeit, von unseren Spielern und Verantwortlichen besucht zu werden.<\/em><\/li>\n<li><em>Darstellungsm\u00f6glichkeit auf der Fan-Seite in der Stadionzeitschrift \u201eBayern-Magazin\u201c.<\/em><\/li>\n<li><em>Das Herstellen spezieller Fanclub-Artikel kann grunds\u00e4tzlich nur nach Genehmigung der Fan- und Fanclubbetreuung erfolgen.<\/em><\/li>\n<li><em>Es werden F\u00fchrungen in der Allianz Arena am Tag vor einem Heimspiel des FC Bayern speziell f\u00fcr Fanclubs durchgef\u00fchrt.<\/em><\/li>\n<li><em>Fanclubmitglieder erhalten 10% Rabatt auf schriftliche Fanartikelbestellungen (ausgenommen bereits reduzierte Ware).<\/em><\/li>\n<\/ol>\n<\/blockquote>\n<p>Das klingt doch schon mal gar nicht soooo aufwendig und bedeutet im ersten Schritt keine Kosten.<\/p>\n<p>Sollten sich demnach gen\u00fcgend Interessenten finden (also 25 oder mehr), melden wir den Fanclub offiziell bei Bayern an. \u00dcber einen Fanclubnamen (haben da schon ein paar Ideen), evtl. Mitgliedsbeitr\u00e4ge, Veranstaltungen, Clubtreffen, etc. darf dann nat\u00fcrlich die gesamte Mitgliedschaft demokratisch entscheiden.<\/p>\n<p>Wenn wir also dein Interesse geweckt haben und Du dabei sein willst, w\u00fcrden wir dich bitten <strong>bis 18. Juli<\/strong> deine Daten in das folgende <a href=\"http:\/\/eepurl.com\/V8Mrn\" target=\"_blank\">Formular<\/a> (Link klicken, oder auf das untere Bild klicken) einzutragen. Anschlie\u00dfend schickt Euch das System eine Mail, in der ihr bitte auch den Best\u00e4tigungsbutton dr\u00fccken musst, um final in die Interessenten-Liste augneommen zu werden. Lieben Dank.<\/p>\n<p><a href=\"http:\/\/jkblog.us1.list-manage1.com\/subscribe?u=42a367bf7c1d6367c66f66c1b&amp;id=f908735b3f\" target=\"_blank\"><img data-recalc-dims=\"1\" loading=\"lazy\" decoding=\"async\" data-attachment-id=\"2878\" data-permalink=\"https:\/\/www.karlstetter.net\/jkblog\/2014\/07\/09\/wir-gruenden-einen-bayern-fanclub\/fcbfc-formular\/\" data-orig-file=\"https:\/\/i0.wp.com\/www.karlstetter.net\/jkblog\/wp-content\/uploads\/2014\/07\/FCBFC-Formular.jpg?fit=600%2C316&amp;ssl=1\" data-orig-size=\"600,316\" data-comments-opened=\"1\" data-image-meta=\"{&quot;aperture&quot;:&quot;0&quot;,&quot;credit&quot;:&quot;&quot;,&quot;camera&quot;:&quot;&quot;,&quot;caption&quot;:&quot;&quot;,&quot;created_timestamp&quot;:&quot;0&quot;,&quot;copyright&quot;:&quot;&quot;,&quot;focal_length&quot;:&quot;0&quot;,&quot;iso&quot;:&quot;0&quot;,&quot;shutter_speed&quot;:&quot;0&quot;,&quot;title&quot;:&quot;&quot;,&quot;orientation&quot;:&quot;0&quot;}\" data-image-title=\"FCBFC-Formular\" data-image-description=\"\" data-image-caption=\"\" data-large-file=\"https:\/\/i0.wp.com\/www.karlstetter.net\/jkblog\/wp-content\/uploads\/2014\/07\/FCBFC-Formular.jpg?fit=600%2C316&amp;ssl=1\" class=\"aligncenter size-full wp-image-2878\" src=\"https:\/\/i0.wp.com\/www.karlstetter.net\/jkblog\/wp-content\/uploads\/2014\/07\/FCBFC-Formular.jpg?resize=600%2C316&#038;ssl=1\" alt=\"FCBFC-Formular\" width=\"600\" height=\"316\" srcset=\"https:\/\/i0.wp.com\/www.karlstetter.net\/jkblog\/wp-content\/uploads\/2014\/07\/FCBFC-Formular.jpg?w=600&amp;ssl=1 600w, https:\/\/i0.wp.com\/www.karlstetter.net\/jkblog\/wp-content\/uploads\/2014\/07\/FCBFC-Formular.jpg?resize=200%2C105&amp;ssl=1 200w, https:\/\/i0.wp.com\/www.karlstetter.net\/jkblog\/wp-content\/uploads\/2014\/07\/FCBFC-Formular.jpg?resize=400%2C211&amp;ssl=1 400w\" sizes=\"auto, (max-width: 600px) 100vw, 600px\" \/><\/a><\/p>\n<p>Die erhobenen Daten sind von Bayernseite aus vorgegeben und werden auch nur f\u00fcr Fanclubangelegenheiten verwendet.Alle die sich bis zu diesem Datum angemeldet haben, d\u00fcrfen dann ab 19. Juli \u00fcber den finalen Namen des Fanclubs abstimmen, sofern nat\u00fcrlich 25 Leute zusammengekommen sind. \u00dcber das Formular d\u00fcrfen gerne erste Vorschl\u00e4ge abgegeben werden.<\/p>\n<p>F\u00fcr Fragen aller Art den Fanclub betreffend stehen wir nat\u00fcrlich zur Verf\u00fcgung.<\/p>\n<p>Nat\u00fcrlich d\u00fcrft ihr diesen Beitrag auch an eure FCB-Freunde oder die Bayernfans in der Familie weiterleiten.<\/p>\n<p>Auf geht&#8217;s ihr Roten!<\/p>\n<p>Beste Gr\u00fc\u00dfe<br \/>\nDie Fanclubinitiatoren<\/p>\n<div class=\"shariff\"><ul class=\"shariff-buttons theme-default orientation-horizontal buttonsize-medium\"><li class=\"shariff-button facebook shariff-nocustomcolor\" style=\"background-color:#4273c8\"><a href=\"https:\/\/www.facebook.com\/sharer\/sharer.php?u=https%3A%2F%2Fwww.karlstetter.net%2Fjkblog%2F2014%2F07%2F09%2Fwir-gruenden-einen-bayern-fanclub%2F\" title=\"Bei Facebook teilen\" aria-label=\"Bei Facebook teilen\" role=\"button\" rel=\"nofollow\" class=\"shariff-link\" style=\"; background-color:#3b5998; color:#fff\" target=\"_blank\"><span class=\"shariff-icon\" style=\"\"><svg width=\"32px\" height=\"20px\" xmlns=\"http:\/\/www.w3.org\/2000\/svg\" viewBox=\"0 0 18 32\"><path fill=\"#3b5998\" d=\"M17.1 0.2v4.7h-2.8q-1.5 0-2.1 0.6t-0.5 1.9v3.4h5.2l-0.7 5.3h-4.5v13.6h-5.5v-13.6h-4.5v-5.3h4.5v-3.9q0-3.3 1.9-5.2t5-1.8q2.6 0 4.1 0.2z\"\/><\/svg><\/span><span class=\"shariff-text\">teilen<\/span>&nbsp;<\/a><\/li><li class=\"shariff-button twitter shariff-nocustomcolor\" style=\"background-color:#595959\"><a href=\"https:\/\/twitter.com\/share?url=https%3A%2F%2Fwww.karlstetter.net%2Fjkblog%2F2014%2F07%2F09%2Fwir-gruenden-einen-bayern-fanclub%2F&text=Wir%20gr%C3%BCnden%20einen%20Bayern-Fanclub%21%20Bist%20Du%20dabei%3F&via=monacobazi\" title=\"Bei X teilen\" aria-label=\"Bei X teilen\" role=\"button\" rel=\"noopener nofollow\" class=\"shariff-link\" style=\"; background-color:#000; color:#fff\" target=\"_blank\"><span class=\"shariff-icon\" style=\"\"><svg width=\"32px\" height=\"20px\" xmlns=\"http:\/\/www.w3.org\/2000\/svg\" viewBox=\"0 0 24 24\"><path fill=\"#000\" d=\"M14.258 10.152L23.176 0h-2.113l-7.747 8.813L7.133 0H0l9.352 13.328L0 23.973h2.113l8.176-9.309 6.531 9.309h7.133zm-2.895 3.293l-.949-1.328L2.875 1.56h3.246l6.086 8.523.945 1.328 7.91 11.078h-3.246zm0 0\"\/><\/svg><\/span><span class=\"shariff-text\">teilen<\/span>&nbsp;<\/a><\/li><li class=\"shariff-button whatsapp shariff-nocustomcolor\" style=\"background-color:#5cbe4a\"><a href=\"https:\/\/api.whatsapp.com\/send?text=https%3A%2F%2Fwww.karlstetter.net%2Fjkblog%2F2014%2F07%2F09%2Fwir-gruenden-einen-bayern-fanclub%2F%20Wir%20gr%C3%BCnden%20einen%20Bayern-Fanclub%21%20Bist%20Du%20dabei%3F\" title=\"Bei Whatsapp teilen\" aria-label=\"Bei Whatsapp teilen\" role=\"button\" rel=\"noopener nofollow\" class=\"shariff-link\" style=\"; background-color:#34af23; color:#fff\" target=\"_blank\"><span class=\"shariff-icon\" style=\"\"><svg width=\"32px\" height=\"20px\" xmlns=\"http:\/\/www.w3.org\/2000\/svg\" viewBox=\"0 0 32 32\"><path fill=\"#34af23\" d=\"M17.6 17.4q0.2 0 1.7 0.8t1.6 0.9q0 0.1 0 0.3 0 0.6-0.3 1.4-0.3 0.7-1.3 1.2t-1.8 0.5q-1 0-3.4-1.1-1.7-0.8-3-2.1t-2.6-3.3q-1.3-1.9-1.3-3.5v-0.1q0.1-1.6 1.3-2.8 0.4-0.4 0.9-0.4 0.1 0 0.3 0t0.3 0q0.3 0 0.5 0.1t0.3 0.5q0.1 0.4 0.6 1.6t0.4 1.3q0 0.4-0.6 1t-0.6 0.8q0 0.1 0.1 0.3 0.6 1.3 1.8 2.4 1 0.9 2.7 1.8 0.2 0.1 0.4 0.1 0.3 0 1-0.9t0.9-0.9zM14 26.9q2.3 0 4.3-0.9t3.6-2.4 2.4-3.6 0.9-4.3-0.9-4.3-2.4-3.6-3.6-2.4-4.3-0.9-4.3 0.9-3.6 2.4-2.4 3.6-0.9 4.3q0 3.6 2.1 6.6l-1.4 4.2 4.3-1.4q2.8 1.9 6.2 1.9zM14 2.2q2.7 0 5.2 1.1t4.3 2.9 2.9 4.3 1.1 5.2-1.1 5.2-2.9 4.3-4.3 2.9-5.2 1.1q-3.5 0-6.5-1.7l-7.4 2.4 2.4-7.2q-1.9-3.2-1.9-6.9 0-2.7 1.1-5.2t2.9-4.3 4.3-2.9 5.2-1.1z\"\/><\/svg><\/span><span class=\"shariff-text\">teilen<\/span>&nbsp;<\/a><\/li><li class=\"shariff-button mailto shariff-nocustomcolor\" style=\"background-color:#a8a8a8\"><a href=\"mailto:?body=https%3A%2F%2Fwww.karlstetter.net%2Fjkblog%2F2014%2F07%2F09%2Fwir-gruenden-einen-bayern-fanclub%2F&subject=Wir%20gr%C3%BCnden%20einen%20Bayern-Fanclub%21%20Bist%20Du%20dabei%3F\" title=\"Per E-Mail versenden\" aria-label=\"Per E-Mail versenden\" role=\"button\" rel=\"noopener nofollow\" class=\"shariff-link\" style=\"; background-color:#999; color:#fff\"><span class=\"shariff-icon\" style=\"\"><svg width=\"32px\" height=\"20px\" xmlns=\"http:\/\/www.w3.org\/2000\/svg\" viewBox=\"0 0 32 32\"><path fill=\"#999\" d=\"M32 12.7v14.2q0 1.2-0.8 2t-2 0.9h-26.3q-1.2 0-2-0.9t-0.8-2v-14.2q0.8 0.9 1.8 1.6 6.5 4.4 8.9 6.1 1 0.8 1.6 1.2t1.7 0.9 2 0.4h0.1q0.9 0 2-0.4t1.7-0.9 1.6-1.2q3-2.2 8.9-6.1 1-0.7 1.8-1.6zM32 7.4q0 1.4-0.9 2.7t-2.2 2.2q-6.7 4.7-8.4 5.8-0.2 0.1-0.7 0.5t-1 0.7-0.9 0.6-1.1 0.5-0.9 0.2h-0.1q-0.4 0-0.9-0.2t-1.1-0.5-0.9-0.6-1-0.7-0.7-0.5q-1.6-1.1-4.7-3.2t-3.6-2.6q-1.1-0.7-2.1-2t-1-2.5q0-1.4 0.7-2.3t2.1-0.9h26.3q1.2 0 2 0.8t0.9 2z\"\/><\/svg><\/span><span class=\"shariff-text\">E-Mail<\/span>&nbsp;<\/a><\/li><li class=\"shariff-button printer shariff-nocustomcolor\" style=\"background-color:#a8a8a8\"><a href=\"javascript:window.print()\" title=\"drucken\" aria-label=\"drucken\" role=\"button\" rel=\"noopener nofollow\" class=\"shariff-link\" style=\"; background-color:#999; color:#fff\"><span class=\"shariff-icon\" style=\"\"><svg width=\"32px\" height=\"20px\" xmlns=\"http:\/\/www.w3.org\/2000\/svg\" viewBox=\"0 0 30 32\"><path fill=\"#999\" d=\"M6.8 27.4h16v-4.6h-16v4.6zM6.8 16h16v-6.8h-2.8q-0.7 0-1.2-0.5t-0.5-1.2v-2.8h-11.4v11.4zM27.4 17.2q0-0.5-0.3-0.8t-0.8-0.4-0.8 0.4-0.3 0.8 0.3 0.8 0.8 0.3 0.8-0.3 0.3-0.8zM29.7 17.2v7.4q0 0.2-0.2 0.4t-0.4 0.2h-4v2.8q0 0.7-0.5 1.2t-1.2 0.5h-17.2q-0.7 0-1.2-0.5t-0.5-1.2v-2.8h-4q-0.2 0-0.4-0.2t-0.2-0.4v-7.4q0-1.4 1-2.4t2.4-1h1.2v-9.7q0-0.7 0.5-1.2t1.2-0.5h12q0.7 0 1.6 0.4t1.3 0.8l2.7 2.7q0.5 0.5 0.9 1.4t0.4 1.6v4.6h1.1q1.4 0 2.4 1t1 2.4z\"\/><\/svg><\/span><span class=\"shariff-text\">drucken<\/span>&nbsp;<\/a><\/li><li class=\"shariff-button info shariff-nocustomcolor\" style=\"background-color:#eee\"><a href=\"http:\/\/ct.de\/-2467514\" title=\"Weitere Informationen\" aria-label=\"Weitere Informationen\" role=\"button\" rel=\"noopener \" class=\"shariff-link\" style=\"; background-color:#fff; color:#fff\" target=\"_blank\"><span class=\"shariff-icon\" style=\"\"><svg width=\"32px\" height=\"20px\" xmlns=\"http:\/\/www.w3.org\/2000\/svg\" viewBox=\"0 0 11 32\"><path fill=\"#999\" d=\"M11.4 24v2.3q0 0.5-0.3 0.8t-0.8 0.4h-9.1q-0.5 0-0.8-0.4t-0.4-0.8v-2.3q0-0.5 0.4-0.8t0.8-0.4h1.1v-6.8h-1.1q-0.5 0-0.8-0.4t-0.4-0.8v-2.3q0-0.5 0.4-0.8t0.8-0.4h6.8q0.5 0 0.8 0.4t0.4 0.8v10.3h1.1q0.5 0 0.8 0.4t0.3 0.8zM9.2 3.4v3.4q0 0.5-0.4 0.8t-0.8 0.4h-4.6q-0.4 0-0.8-0.4t-0.4-0.8v-3.4q0-0.4 0.4-0.8t0.8-0.4h4.6q0.5 0 0.8 0.4t0.4 0.8z\"\/><\/svg><\/span><\/a><\/li><\/ul><\/div>","protected":false},"excerpt":{"rendered":"<p>Ja ich wei\u00df, die \u00dcberschrift f\u00e4llt gleich mit der T\u00fcr ins Haus. \ud83d\ude09 Aber im Zeitalter der immer k\u00fcrzer werdenden Aufmerksamkeitsspanne, muss man halt gleich ein Zeichen setzen. F\u00fcr die, die jetzt noch weiterlesen habe ich nat\u00fcrlich Antworten und Hintergrundinfos zun den berechtigten Fragen&#46;&#46;&#46;<\/p>\n","protected":false},"author":2,"featured_media":2857,"comment_status":"open","ping_status":"open","sticky":false,"template":"","format":"standard","meta":{"jetpack_post_was_ever_published":false,"_jetpack_newsletter_access":"","_jetpack_dont_email_post_to_subs":false,"_jetpack_newsletter_tier_id":0,"_jetpack_memberships_contains_paywalled_content":false,"_jetpack_memberships_contains_paid_content":false,"footnotes":""},"categories":[572,5],"tags":[601,152,573,574],"class_list":["post-2854","post","type-post","status-publish","format-standard","has-post-thumbnail","hentry","category-fanclub","category-fusball","tag-fanclub","tag-fc-bayern","tag-gruendung","tag-interessenten"],"yoast_head":"<!-- This site is optimized with the Yoast SEO plugin v27.4 - https:\/\/yoast.com\/product\/yoast-seo-wordpress\/ -->\n<title>Wir gr\u00fcnden einen Bayern-Fanclub! Bist Du dabei? - jk blog<\/title>\n<meta name=\"description\" content=\"Schon \u00fcber viele Jahre begleitet mich der Gedanke einen Bayern-Fanclub zu gr\u00fcnden, jedoch eher so beil\u00e4ufig, teils aus einer Bier- oder Pl\u00f6rre-Laune heraus (z.B. Jerome-Boateng-Fanclub). ;-)\" \/>\n<meta name=\"robots\" content=\"index, follow, max-snippet:-1, max-image-preview:large, max-video-preview:-1\" \/>\n<link rel=\"canonical\" href=\"https:\/\/www.karlstetter.net\/jkblog\/2014\/07\/09\/wir-gruenden-einen-bayern-fanclub\/\" \/>\n<meta property=\"og:locale\" content=\"de_DE\" \/>\n<meta property=\"og:type\" content=\"article\" \/>\n<meta property=\"og:title\" content=\"Wir gr\u00fcnden einen Bayern-Fanclub! Bist Du dabei? - jk blog\" \/>\n<meta property=\"og:description\" content=\"Schon \u00fcber viele Jahre begleitet mich der Gedanke einen Bayern-Fanclub zu gr\u00fcnden, jedoch eher so beil\u00e4ufig, teils aus einer Bier- oder Pl\u00f6rre-Laune heraus (z.B. Jerome-Boateng-Fanclub). ;-)\" \/>\n<meta property=\"og:url\" content=\"https:\/\/www.karlstetter.net\/jkblog\/2014\/07\/09\/wir-gruenden-einen-bayern-fanclub\/\" \/>\n<meta property=\"og:site_name\" content=\"jk blog\" \/>\n<meta property=\"article:author\" content=\"https:\/\/de-de.facebook.com\/bayernbazi\" \/>\n<meta property=\"article:published_time\" content=\"2014-07-09T15:00:04+00:00\" \/>\n<meta property=\"article:modified_time\" content=\"2014-08-05T22:10:02+00:00\" \/>\n<meta property=\"og:image\" content=\"https:\/\/www.karlstetter.net\/jkblog\/wp-content\/uploads\/2014\/06\/P-FCB-FANCLUB.png\" \/>\n\t<meta property=\"og:image:width\" content=\"1024\" \/>\n\t<meta property=\"og:image:height\" content=\"150\" \/>\n\t<meta property=\"og:image:type\" content=\"image\/png\" \/>\n<meta name=\"author\" content=\"JK\" \/>\n<meta name=\"twitter:label1\" content=\"Verfasst von\" \/>\n\t<meta name=\"twitter:data1\" content=\"JK\" \/>\n\t<meta name=\"twitter:label2\" content=\"Gesch\u00e4tzte Lesezeit\" \/>\n\t<meta name=\"twitter:data2\" content=\"6\u00a0Minuten\" \/>\n<script type=\"application\/ld+json\" class=\"yoast-schema-graph\">{\"@context\":\"https:\\\/\\\/schema.org\",\"@graph\":[{\"@type\":\"Article\",\"@id\":\"https:\\\/\\\/www.karlstetter.net\\\/jkblog\\\/2014\\\/07\\\/09\\\/wir-gruenden-einen-bayern-fanclub\\\/#article\",\"isPartOf\":{\"@id\":\"https:\\\/\\\/www.karlstetter.net\\\/jkblog\\\/2014\\\/07\\\/09\\\/wir-gruenden-einen-bayern-fanclub\\\/\"},\"author\":{\"name\":\"JK\",\"@id\":\"https:\\\/\\\/www.karlstetter.net\\\/jkblog\\\/#\\\/schema\\\/person\\\/2a92019bcb282ecce17aa7ec379f3d29\"},\"headline\":\"Wir gr\u00fcnden einen Bayern-Fanclub! Bist Du dabei?\",\"datePublished\":\"2014-07-09T15:00:04+00:00\",\"dateModified\":\"2014-08-05T22:10:02+00:00\",\"mainEntityOfPage\":{\"@id\":\"https:\\\/\\\/www.karlstetter.net\\\/jkblog\\\/2014\\\/07\\\/09\\\/wir-gruenden-einen-bayern-fanclub\\\/\"},\"wordCount\":1112,\"commentCount\":2,\"publisher\":{\"@id\":\"https:\\\/\\\/www.karlstetter.net\\\/jkblog\\\/#organization\"},\"image\":{\"@id\":\"https:\\\/\\\/www.karlstetter.net\\\/jkblog\\\/2014\\\/07\\\/09\\\/wir-gruenden-einen-bayern-fanclub\\\/#primaryimage\"},\"thumbnailUrl\":\"https:\\\/\\\/i0.wp.com\\\/www.karlstetter.net\\\/jkblog\\\/wp-content\\\/uploads\\\/2014\\\/06\\\/P-FCB-FANCLUB.png?fit=1024%2C150&ssl=1\",\"keywords\":[\"Fanclub\",\"FC Bayern\",\"Gr\u00fcndung\",\"Interessenten\"],\"articleSection\":[\"Fanclub\",\"Fu\u00dfball\"],\"inLanguage\":\"de\",\"potentialAction\":[{\"@type\":\"CommentAction\",\"name\":\"Comment\",\"target\":[\"https:\\\/\\\/www.karlstetter.net\\\/jkblog\\\/2014\\\/07\\\/09\\\/wir-gruenden-einen-bayern-fanclub\\\/#respond\"]}]},{\"@type\":\"WebPage\",\"@id\":\"https:\\\/\\\/www.karlstetter.net\\\/jkblog\\\/2014\\\/07\\\/09\\\/wir-gruenden-einen-bayern-fanclub\\\/\",\"url\":\"https:\\\/\\\/www.karlstetter.net\\\/jkblog\\\/2014\\\/07\\\/09\\\/wir-gruenden-einen-bayern-fanclub\\\/\",\"name\":\"Wir gr\u00fcnden einen Bayern-Fanclub! Bist Du dabei? - jk blog\",\"isPartOf\":{\"@id\":\"https:\\\/\\\/www.karlstetter.net\\\/jkblog\\\/#website\"},\"primaryImageOfPage\":{\"@id\":\"https:\\\/\\\/www.karlstetter.net\\\/jkblog\\\/2014\\\/07\\\/09\\\/wir-gruenden-einen-bayern-fanclub\\\/#primaryimage\"},\"image\":{\"@id\":\"https:\\\/\\\/www.karlstetter.net\\\/jkblog\\\/2014\\\/07\\\/09\\\/wir-gruenden-einen-bayern-fanclub\\\/#primaryimage\"},\"thumbnailUrl\":\"https:\\\/\\\/i0.wp.com\\\/www.karlstetter.net\\\/jkblog\\\/wp-content\\\/uploads\\\/2014\\\/06\\\/P-FCB-FANCLUB.png?fit=1024%2C150&ssl=1\",\"datePublished\":\"2014-07-09T15:00:04+00:00\",\"dateModified\":\"2014-08-05T22:10:02+00:00\",\"description\":\"Schon \u00fcber viele Jahre begleitet mich der Gedanke einen Bayern-Fanclub zu gr\u00fcnden, jedoch eher so beil\u00e4ufig, teils aus einer Bier- oder Pl\u00f6rre-Laune heraus (z.B. Jerome-Boateng-Fanclub). ;-)\",\"breadcrumb\":{\"@id\":\"https:\\\/\\\/www.karlstetter.net\\\/jkblog\\\/2014\\\/07\\\/09\\\/wir-gruenden-einen-bayern-fanclub\\\/#breadcrumb\"},\"inLanguage\":\"de\",\"potentialAction\":[{\"@type\":\"ReadAction\",\"target\":[\"https:\\\/\\\/www.karlstetter.net\\\/jkblog\\\/2014\\\/07\\\/09\\\/wir-gruenden-einen-bayern-fanclub\\\/\"]}]},{\"@type\":\"ImageObject\",\"inLanguage\":\"de\",\"@id\":\"https:\\\/\\\/www.karlstetter.net\\\/jkblog\\\/2014\\\/07\\\/09\\\/wir-gruenden-einen-bayern-fanclub\\\/#primaryimage\",\"url\":\"https:\\\/\\\/i0.wp.com\\\/www.karlstetter.net\\\/jkblog\\\/wp-content\\\/uploads\\\/2014\\\/06\\\/P-FCB-FANCLUB.png?fit=1024%2C150&ssl=1\",\"contentUrl\":\"https:\\\/\\\/i0.wp.com\\\/www.karlstetter.net\\\/jkblog\\\/wp-content\\\/uploads\\\/2014\\\/06\\\/P-FCB-FANCLUB.png?fit=1024%2C150&ssl=1\",\"width\":1024,\"height\":150},{\"@type\":\"BreadcrumbList\",\"@id\":\"https:\\\/\\\/www.karlstetter.net\\\/jkblog\\\/2014\\\/07\\\/09\\\/wir-gruenden-einen-bayern-fanclub\\\/#breadcrumb\",\"itemListElement\":[{\"@type\":\"ListItem\",\"position\":1,\"name\":\"Startseite\",\"item\":\"https:\\\/\\\/www.karlstetter.net\\\/jkblog\\\/\"},{\"@type\":\"ListItem\",\"position\":2,\"name\":\"Wir gr\u00fcnden einen Bayern-Fanclub! Bist Du dabei?\"}]},{\"@type\":\"WebSite\",\"@id\":\"https:\\\/\\\/www.karlstetter.net\\\/jkblog\\\/#website\",\"url\":\"https:\\\/\\\/www.karlstetter.net\\\/jkblog\\\/\",\"name\":\"jk blog\",\"description\":\"M\u00fcnchner Allerlei seit 2005\",\"publisher\":{\"@id\":\"https:\\\/\\\/www.karlstetter.net\\\/jkblog\\\/#organization\"},\"potentialAction\":[{\"@type\":\"SearchAction\",\"target\":{\"@type\":\"EntryPoint\",\"urlTemplate\":\"https:\\\/\\\/www.karlstetter.net\\\/jkblog\\\/?s={search_term_string}\"},\"query-input\":{\"@type\":\"PropertyValueSpecification\",\"valueRequired\":true,\"valueName\":\"search_term_string\"}}],\"inLanguage\":\"de\"},{\"@type\":\"Organization\",\"@id\":\"https:\\\/\\\/www.karlstetter.net\\\/jkblog\\\/#organization\",\"name\":\"jk blog\",\"url\":\"https:\\\/\\\/www.karlstetter.net\\\/jkblog\\\/\",\"logo\":{\"@type\":\"ImageObject\",\"inLanguage\":\"de\",\"@id\":\"https:\\\/\\\/www.karlstetter.net\\\/jkblog\\\/#\\\/schema\\\/logo\\\/image\\\/\",\"url\":\"https:\\\/\\\/i0.wp.com\\\/www.karlstetter.net\\\/jkblog\\\/wp-content\\\/uploads\\\/2022\\\/08\\\/jkblog_2022_Logo.png?fit=500%2C213&ssl=1\",\"contentUrl\":\"https:\\\/\\\/i0.wp.com\\\/www.karlstetter.net\\\/jkblog\\\/wp-content\\\/uploads\\\/2022\\\/08\\\/jkblog_2022_Logo.png?fit=500%2C213&ssl=1\",\"width\":500,\"height\":213,\"caption\":\"jk blog\"},\"image\":{\"@id\":\"https:\\\/\\\/www.karlstetter.net\\\/jkblog\\\/#\\\/schema\\\/logo\\\/image\\\/\"}},{\"@type\":\"Person\",\"@id\":\"https:\\\/\\\/www.karlstetter.net\\\/jkblog\\\/#\\\/schema\\\/person\\\/2a92019bcb282ecce17aa7ec379f3d29\",\"name\":\"JK\",\"image\":{\"@type\":\"ImageObject\",\"inLanguage\":\"de\",\"@id\":\"https:\\\/\\\/secure.gravatar.com\\\/avatar\\\/61120a9cd0caf6f8ef48873f0e5a0bf445b011424a20c8e2f0565ecc84bc047e?s=96&d=mm&r=x\",\"url\":\"https:\\\/\\\/secure.gravatar.com\\\/avatar\\\/61120a9cd0caf6f8ef48873f0e5a0bf445b011424a20c8e2f0565ecc84bc047e?s=96&d=mm&r=x\",\"contentUrl\":\"https:\\\/\\\/secure.gravatar.com\\\/avatar\\\/61120a9cd0caf6f8ef48873f0e5a0bf445b011424a20c8e2f0565ecc84bc047e?s=96&d=mm&r=x\",\"caption\":\"JK\"},\"sameAs\":[\"https:\\\/\\\/www.jkblog.de\",\"https:\\\/\\\/de-de.facebook.com\\\/bayernbazi\",\"https:\\\/\\\/x.com\\\/monacobazi\"],\"url\":\"https:\\\/\\\/www.karlstetter.net\\\/jkblog\\\/author\\\/jk\\\/\"}]}<\/script>\n<!-- \/ Yoast SEO plugin. -->","yoast_head_json":{"title":"Wir gr\u00fcnden einen Bayern-Fanclub! Bist Du dabei? - jk blog","description":"Schon \u00fcber viele Jahre begleitet mich der Gedanke einen Bayern-Fanclub zu gr\u00fcnden, jedoch eher so beil\u00e4ufig, teils aus einer Bier- oder Pl\u00f6rre-Laune heraus (z.B. Jerome-Boateng-Fanclub). ;-)","robots":{"index":"index","follow":"follow","max-snippet":"max-snippet:-1","max-image-preview":"max-image-preview:large","max-video-preview":"max-video-preview:-1"},"canonical":"https:\/\/www.karlstetter.net\/jkblog\/2014\/07\/09\/wir-gruenden-einen-bayern-fanclub\/","og_locale":"de_DE","og_type":"article","og_title":"Wir gr\u00fcnden einen Bayern-Fanclub! Bist Du dabei? - jk blog","og_description":"Schon \u00fcber viele Jahre begleitet mich der Gedanke einen Bayern-Fanclub zu gr\u00fcnden, jedoch eher so beil\u00e4ufig, teils aus einer Bier- oder Pl\u00f6rre-Laune heraus (z.B. Jerome-Boateng-Fanclub). ;-)","og_url":"https:\/\/www.karlstetter.net\/jkblog\/2014\/07\/09\/wir-gruenden-einen-bayern-fanclub\/","og_site_name":"jk blog","article_author":"https:\/\/de-de.facebook.com\/bayernbazi","article_published_time":"2014-07-09T15:00:04+00:00","article_modified_time":"2014-08-05T22:10:02+00:00","og_image":[{"width":1024,"height":150,"url":"https:\/\/www.karlstetter.net\/jkblog\/wp-content\/uploads\/2014\/06\/P-FCB-FANCLUB.png","type":"image\/png"}],"author":"JK","twitter_misc":{"Verfasst von":"JK","Gesch\u00e4tzte Lesezeit":"6\u00a0Minuten"},"schema":{"@context":"https:\/\/schema.org","@graph":[{"@type":"Article","@id":"https:\/\/www.karlstetter.net\/jkblog\/2014\/07\/09\/wir-gruenden-einen-bayern-fanclub\/#article","isPartOf":{"@id":"https:\/\/www.karlstetter.net\/jkblog\/2014\/07\/09\/wir-gruenden-einen-bayern-fanclub\/"},"author":{"name":"JK","@id":"https:\/\/www.karlstetter.net\/jkblog\/#\/schema\/person\/2a92019bcb282ecce17aa7ec379f3d29"},"headline":"Wir gr\u00fcnden einen Bayern-Fanclub! Bist Du dabei?","datePublished":"2014-07-09T15:00:04+00:00","dateModified":"2014-08-05T22:10:02+00:00","mainEntityOfPage":{"@id":"https:\/\/www.karlstetter.net\/jkblog\/2014\/07\/09\/wir-gruenden-einen-bayern-fanclub\/"},"wordCount":1112,"commentCount":2,"publisher":{"@id":"https:\/\/www.karlstetter.net\/jkblog\/#organization"},"image":{"@id":"https:\/\/www.karlstetter.net\/jkblog\/2014\/07\/09\/wir-gruenden-einen-bayern-fanclub\/#primaryimage"},"thumbnailUrl":"https:\/\/i0.wp.com\/www.karlstetter.net\/jkblog\/wp-content\/uploads\/2014\/06\/P-FCB-FANCLUB.png?fit=1024%2C150&ssl=1","keywords":["Fanclub","FC Bayern","Gr\u00fcndung","Interessenten"],"articleSection":["Fanclub","Fu\u00dfball"],"inLanguage":"de","potentialAction":[{"@type":"CommentAction","name":"Comment","target":["https:\/\/www.karlstetter.net\/jkblog\/2014\/07\/09\/wir-gruenden-einen-bayern-fanclub\/#respond"]}]},{"@type":"WebPage","@id":"https:\/\/www.karlstetter.net\/jkblog\/2014\/07\/09\/wir-gruenden-einen-bayern-fanclub\/","url":"https:\/\/www.karlstetter.net\/jkblog\/2014\/07\/09\/wir-gruenden-einen-bayern-fanclub\/","name":"Wir gr\u00fcnden einen Bayern-Fanclub! Bist Du dabei? - jk blog","isPartOf":{"@id":"https:\/\/www.karlstetter.net\/jkblog\/#website"},"primaryImageOfPage":{"@id":"https:\/\/www.karlstetter.net\/jkblog\/2014\/07\/09\/wir-gruenden-einen-bayern-fanclub\/#primaryimage"},"image":{"@id":"https:\/\/www.karlstetter.net\/jkblog\/2014\/07\/09\/wir-gruenden-einen-bayern-fanclub\/#primaryimage"},"thumbnailUrl":"https:\/\/i0.wp.com\/www.karlstetter.net\/jkblog\/wp-content\/uploads\/2014\/06\/P-FCB-FANCLUB.png?fit=1024%2C150&ssl=1","datePublished":"2014-07-09T15:00:04+00:00","dateModified":"2014-08-05T22:10:02+00:00","description":"Schon \u00fcber viele Jahre begleitet mich der Gedanke einen Bayern-Fanclub zu gr\u00fcnden, jedoch eher so beil\u00e4ufig, teils aus einer Bier- oder Pl\u00f6rre-Laune heraus (z.B. Jerome-Boateng-Fanclub). ;-)","breadcrumb":{"@id":"https:\/\/www.karlstetter.net\/jkblog\/2014\/07\/09\/wir-gruenden-einen-bayern-fanclub\/#breadcrumb"},"inLanguage":"de","potentialAction":[{"@type":"ReadAction","target":["https:\/\/www.karlstetter.net\/jkblog\/2014\/07\/09\/wir-gruenden-einen-bayern-fanclub\/"]}]},{"@type":"ImageObject","inLanguage":"de","@id":"https:\/\/www.karlstetter.net\/jkblog\/2014\/07\/09\/wir-gruenden-einen-bayern-fanclub\/#primaryimage","url":"https:\/\/i0.wp.com\/www.karlstetter.net\/jkblog\/wp-content\/uploads\/2014\/06\/P-FCB-FANCLUB.png?fit=1024%2C150&ssl=1","contentUrl":"https:\/\/i0.wp.com\/www.karlstetter.net\/jkblog\/wp-content\/uploads\/2014\/06\/P-FCB-FANCLUB.png?fit=1024%2C150&ssl=1","width":1024,"height":150},{"@type":"BreadcrumbList","@id":"https:\/\/www.karlstetter.net\/jkblog\/2014\/07\/09\/wir-gruenden-einen-bayern-fanclub\/#breadcrumb","itemListElement":[{"@type":"ListItem","position":1,"name":"Startseite","item":"https:\/\/www.karlstetter.net\/jkblog\/"},{"@type":"ListItem","position":2,"name":"Wir gr\u00fcnden einen Bayern-Fanclub! Bist Du dabei?"}]},{"@type":"WebSite","@id":"https:\/\/www.karlstetter.net\/jkblog\/#website","url":"https:\/\/www.karlstetter.net\/jkblog\/","name":"jk blog","description":"M\u00fcnchner Allerlei seit 2005","publisher":{"@id":"https:\/\/www.karlstetter.net\/jkblog\/#organization"},"potentialAction":[{"@type":"SearchAction","target":{"@type":"EntryPoint","urlTemplate":"https:\/\/www.karlstetter.net\/jkblog\/?s={search_term_string}"},"query-input":{"@type":"PropertyValueSpecification","valueRequired":true,"valueName":"search_term_string"}}],"inLanguage":"de"},{"@type":"Organization","@id":"https:\/\/www.karlstetter.net\/jkblog\/#organization","name":"jk blog","url":"https:\/\/www.karlstetter.net\/jkblog\/","logo":{"@type":"ImageObject","inLanguage":"de","@id":"https:\/\/www.karlstetter.net\/jkblog\/#\/schema\/logo\/image\/","url":"https:\/\/i0.wp.com\/www.karlstetter.net\/jkblog\/wp-content\/uploads\/2022\/08\/jkblog_2022_Logo.png?fit=500%2C213&ssl=1","contentUrl":"https:\/\/i0.wp.com\/www.karlstetter.net\/jkblog\/wp-content\/uploads\/2022\/08\/jkblog_2022_Logo.png?fit=500%2C213&ssl=1","width":500,"height":213,"caption":"jk blog"},"image":{"@id":"https:\/\/www.karlstetter.net\/jkblog\/#\/schema\/logo\/image\/"}},{"@type":"Person","@id":"https:\/\/www.karlstetter.net\/jkblog\/#\/schema\/person\/2a92019bcb282ecce17aa7ec379f3d29","name":"JK","image":{"@type":"ImageObject","inLanguage":"de","@id":"https:\/\/secure.gravatar.com\/avatar\/61120a9cd0caf6f8ef48873f0e5a0bf445b011424a20c8e2f0565ecc84bc047e?s=96&d=mm&r=x","url":"https:\/\/secure.gravatar.com\/avatar\/61120a9cd0caf6f8ef48873f0e5a0bf445b011424a20c8e2f0565ecc84bc047e?s=96&d=mm&r=x","contentUrl":"https:\/\/secure.gravatar.com\/avatar\/61120a9cd0caf6f8ef48873f0e5a0bf445b011424a20c8e2f0565ecc84bc047e?s=96&d=mm&r=x","caption":"JK"},"sameAs":["https:\/\/www.jkblog.de","https:\/\/de-de.facebook.com\/bayernbazi","https:\/\/x.com\/monacobazi"],"url":"https:\/\/www.karlstetter.net\/jkblog\/author\/jk\/"}]}},"jetpack_featured_media_url":"https:\/\/i0.wp.com\/www.karlstetter.net\/jkblog\/wp-content\/uploads\/2014\/06\/P-FCB-FANCLUB.png?fit=1024%2C150&ssl=1","jetpack_shortlink":"https:\/\/wp.me\/p3i4NZ-K2","jetpack_sharing_enabled":true,"_links":{"self":[{"href":"https:\/\/www.karlstetter.net\/jkblog\/wp-json\/wp\/v2\/posts\/2854","targetHints":{"allow":["GET"]}}],"collection":[{"href":"https:\/\/www.karlstetter.net\/jkblog\/wp-json\/wp\/v2\/posts"}],"about":[{"href":"https:\/\/www.karlstetter.net\/jkblog\/wp-json\/wp\/v2\/types\/post"}],"author":[{"embeddable":true,"href":"https:\/\/www.karlstetter.net\/jkblog\/wp-json\/wp\/v2\/users\/2"}],"replies":[{"embeddable":true,"href":"https:\/\/www.karlstetter.net\/jkblog\/wp-json\/wp\/v2\/comments?post=2854"}],"version-history":[{"count":29,"href":"https:\/\/www.karlstetter.net\/jkblog\/wp-json\/wp\/v2\/posts\/2854\/revisions"}],"predecessor-version":[{"id":2919,"href":"https:\/\/www.karlstetter.net\/jkblog\/wp-json\/wp\/v2\/posts\/2854\/revisions\/2919"}],"wp:featuredmedia":[{"embeddable":true,"href":"https:\/\/www.karlstetter.net\/jkblog\/wp-json\/wp\/v2\/media\/2857"}],"wp:attachment":[{"href":"https:\/\/www.karlstetter.net\/jkblog\/wp-json\/wp\/v2\/media?parent=2854"}],"wp:term":[{"taxonomy":"category","embeddable":true,"href":"https:\/\/www.karlstetter.net\/jkblog\/wp-json\/wp\/v2\/categories?post=2854"},{"taxonomy":"post_tag","embeddable":true,"href":"https:\/\/www.karlstetter.net\/jkblog\/wp-json\/wp\/v2\/tags?post=2854"}],"curies":[{"name":"wp","href":"https:\/\/api.w.org\/{rel}","templated":true}]}}