{"id":335,"date":"2009-05-12T14:00:13","date_gmt":"2009-05-12T12:00:13","guid":{"rendered":"http:\/\/blog.karlstetter.net\/?p=335"},"modified":"2013-03-25T22:03:41","modified_gmt":"2013-03-25T21:03:41","slug":"i-believe-i-can-fly-teil-1","status":"publish","type":"post","link":"https:\/\/www.karlstetter.net\/jkblog\/2009\/05\/12\/i-believe-i-can-fly-teil-1\/","title":{"rendered":"I believe I can fly (Teil 1)"},"content":{"rendered":"<p>Am Samstag war es mit knapp einj\u00e4hriger Versp\u00e4tung (war eigentlich ein Geschenk von Bettina zum 30. \ud83d\ude09 ) endlich soweit, ich wagte mich an meinen Fallschirm-Tandem-Sprung. Ich hatte mir ja was mit Adrenalin gew\u00fcnscht.<\/p>\n<p>Da das Wetter super mitspielte, fuhren Bettina, Jonas, Verena, Flo und ich gegen Mittag zum Flugplatz nach Tannheim, der in der N\u00e4he von Memmingen liegt. Dort hatte ich um 13:00 Uhr bei den <a href=\"http:\/\/www.tandem-springen.net\/index-1.html\" target=\"_blank\">Flying Bones<\/a> den Termin f\u00fcr meinen Tandem-Sprung. Vor Ort wurde ich sogleich sehr freundlich in Empfang genommen und durfte noch schnell das &#8222;Schriftliche&#8220; erledigen. Meine Gr\u00f6\u00dfe stellte dann ein kleines organisatorisches Problem dar, weil mir der Overall in &#8222;L&#8220; leider zu klein war. Zum Gl\u00fcck fand sich dann doch noch das geeignete Outfit eine Nummer gr\u00f6\u00dfer.<\/p>\n<p>Dann war Trocken\u00fcbung angesagt, sprich man \u00fcbte mit dem Tandem-Master die Flug- und Landehaltung. Wie lustig das in der Theorie war, kann man an den dabei entstandenen Fotos sehen. Mein Tandem-Master war der etwas kleinere aber supernette Stefan Schr\u00f6der, der den ganzen Sprung zus\u00e4tzlich mit einer Handkamera auf Video festhielt. Und dann war es auch schon so weit.<\/p>\n<p>Nach dem Anlegen des Gurtzeugs und der Lederkappe bestiegen wir mit einem anderen Tandem-Paar den kleinen Flieger, der uns in wenigen Minuten auf ca. 3500 Meter brachte. Bis auf ein leichtes Kribbeln war ich eigentlich sehr gel\u00f6st und neugierig gespannt. Im Flieger selbst hatten wir eine relativ klare Sicht bis zum Bodensse und den Alpen. Irgendwann machte dann das erste P\u00e4rchen den Anfang und \u00f6ffnete die Austiegsluke und es wurde mit einem Schlag sehr laut und windig. Nachdem diese gesprungen waren, waren wir an der Reihe. Da man ja sehr eng verbunden ist und es sehr eng im Flieger war, mussten wir uns auf dem Hintern zum Ausstieg schieben.<\/p>\n<p>Dann kam der Blick ins Freie und der fl\u00f6\u00dft einem im ersten Moment schon Respekt ein. Aber da gab es kein Zur\u00fcck mehr. \ud83d\ude09 Denn sch\u00f6n langsam schob Stefan von hinten mich immer weiter aus der Luke, w\u00e4hrend ich sch\u00f6n mein Hohlkreuz machte und den Kopf in den Nacken legte. Und pl\u00f6tzlich ging es in freiem Fall bergab.<\/p>\n<p>Ein wirklich unbeschreibliches Gef\u00fchl von Schwerelosigkeit, Druck und Geschwindigkeit umflo\u00df meinen K\u00f6rper. Gesehen habe ich vom freien Fall leider nicht sehr viel, da die Brille beschlagen war und mir von unten in die Augen dr\u00fcckte, was jedoch egal war, da nach wenigen Sekunden (es waren wohl ca. 2.000 Meter!) der gro\u00dfe Ruck kam. Nat\u00fcrlich ist man im ersten Moment erleichtert, wenn man merkt, dass der Fallschirm aufgegangen ist. Jetzt durfte ich auch die Brille abnehmen und den fantastischen Ausblick genie\u00dfen.<\/p>\n<p>Tandem Master-Stefan lie\u00df mich f\u00fcr ein paar Minuten sogar den Schirm steuern, was sehr viel Spa\u00df machte. Wenig sp\u00e4ter nahm er die Steuerseile zur\u00fcck, denn wir begannen mit dem Landeanflug auf das Feld neben dem Flugplatz. Davor hatte ich ein wenig Bedenken, da man die Beine sch\u00f6n hoch nehmen muss um gemeinsam auf dem Popo landen zu k\u00f6nnen. Der Grund daf\u00fcr war, dass der Gurt an dem Oberschenkeln enorm dr\u00fcckte und ich wenig Gef\u00fchl in den Beinen hatte. War aber alles halb so schlimm, denn wir legten beide eine professionelle Arschlandung hin (siehe Video unten).<\/p>\n<p>Schon war der Spa\u00df leider vorbei. Was aber bleibt, ist ein Gef\u00fchl von positiver Energie etwas Au\u00dfergew\u00f6hnliches geschafft zu haben, was auf jeden Fall wiederholungsf\u00e4hig ist.<br \/>\nWieder am Platz angekommen bekam ich zum Schlu\u00df noch meine Skydiver-Urkunde \u00fcberreicht.<\/p>\n<p>Hier der Tag in Bildern und die Landung im Kurzvideo (das eigentliche Sprungvideo bekomme ich herst in ein zwei Wochen zugeschickt, wird aber 100% nachgereicht):<\/p>\n<div class=\"tiled-gallery type-square tiled-gallery-unresized\" data-original-width=\"500\" data-carousel-extra='{&quot;blog_id&quot;:1,&quot;permalink&quot;:&quot;https:\\\/\\\/www.karlstetter.net\\\/jkblog\\\/2009\\\/05\\\/12\\\/i-believe-i-can-fly-teil-1\\\/&quot;,&quot;likes_blog_id&quot;:48637387}' itemscope itemtype=\"http:\/\/schema.org\/ImageGallery\" > <div class=\"gallery-row\" style=\"width: 500px; height: 166px;\" data-original-width=\"500\" data-original-height=\"166\" > <div class=\"gallery-group\" style=\"width: 166px; height: 166px;\" data-original-width=\"166\" data-original-height=\"166\" > <div class=\"tiled-gallery-item \" itemprop=\"associatedMedia\" itemscope itemtype=\"http:\/\/schema.org\/ImageObject\"> <a href=\"https:\/\/www.karlstetter.net\/jkblog\/2009\/05\/12\/i-believe-i-can-fly-teil-1\/01-fallschirmsprung09\/\" border=\"0\" itemprop=\"url\"> <meta itemprop=\"width\" content=\"162\"> <meta itemprop=\"height\" content=\"162\"> <img decoding=\"async\" class=\"\" data-attachment-id=\"2228\" data-orig-file=\"https:\/\/www.karlstetter.net\/jkblog\/wp-content\/uploads\/2009\/05\/01-Fallschirmsprung09.jpg\" data-orig-size=\"800,600\" data-comments-opened=\"1\" data-image-meta=\"{&quot;aperture&quot;:&quot;3.9&quot;,&quot;credit&quot;:&quot;&quot;,&quot;camera&quot;:&quot;DMC-TZ3&quot;,&quot;caption&quot;:&quot;&quot;,&quot;created_timestamp&quot;:&quot;1241876410&quot;,&quot;copyright&quot;:&quot;&quot;,&quot;focal_length&quot;:&quot;6.5&quot;,&quot;iso&quot;:&quot;100&quot;,&quot;shutter_speed&quot;:&quot;0.0025&quot;,&quot;title&quot;:&quot;&quot;,&quot;orientation&quot;:&quot;1&quot;}\" data-image-title=\"01-Fallschirmsprung09\" data-image-description=\"\" data-medium-file=\"https:\/\/i0.wp.com\/www.karlstetter.net\/jkblog\/wp-content\/uploads\/2009\/05\/01-Fallschirmsprung09.jpg?fit=400%2C300&#038;ssl=1\" data-large-file=\"https:\/\/i0.wp.com\/www.karlstetter.net\/jkblog\/wp-content\/uploads\/2009\/05\/01-Fallschirmsprung09.jpg?fit=800%2C600&#038;ssl=1\" src=\"https:\/\/i0.wp.com\/www.karlstetter.net\/jkblog\/wp-content\/uploads\/2009\/05\/01-Fallschirmsprung09.jpg?w=162&#038;h=162&#038;crop=1&#038;ssl=1\" srcset=\"https:\/\/i0.wp.com\/www.karlstetter.net\/jkblog\/wp-content\/uploads\/2009\/05\/01-Fallschirmsprung09.jpg?resize=160%2C160&amp;ssl=1 160w, https:\/\/i0.wp.com\/www.karlstetter.net\/jkblog\/wp-content\/uploads\/2009\/05\/01-Fallschirmsprung09.jpg?resize=320%2C320&amp;ssl=1 320w, https:\/\/i0.wp.com\/www.karlstetter.net\/jkblog\/wp-content\/uploads\/2009\/05\/01-Fallschirmsprung09.jpg?zoom=3&amp;resize=162%2C162&amp;ssl=1 486w\" width=\"162\" height=\"162\" loading=\"lazy\" data-original-width=\"162\" data-original-height=\"162\" itemprop=\"http:\/\/schema.org\/image\" title=\"01-Fallschirmsprung09\" alt=\"Fallschirmsprung Headquarter am Flugplatz Tannheim\" style=\"width: 162px; height: 162px;\" \/> <\/a> <div class=\"tiled-gallery-caption\" itemprop=\"caption description\"> Fallschirmsprung Headquarter am Flugplatz Tannheim <\/div> <\/div> <\/div> <div class=\"gallery-group\" style=\"width: 166px; height: 166px;\" data-original-width=\"166\" data-original-height=\"166\" > <div class=\"tiled-gallery-item \" itemprop=\"associatedMedia\" itemscope itemtype=\"http:\/\/schema.org\/ImageObject\"> <a href=\"https:\/\/www.karlstetter.net\/jkblog\/2009\/05\/12\/i-believe-i-can-fly-teil-1\/02-fallschirmsprung09\/\" border=\"0\" itemprop=\"url\"> <meta itemprop=\"width\" content=\"162\"> <meta itemprop=\"height\" content=\"162\"> <img decoding=\"async\" class=\"\" data-attachment-id=\"2229\" data-orig-file=\"https:\/\/www.karlstetter.net\/jkblog\/wp-content\/uploads\/2009\/05\/02-Fallschirmsprung09.jpg\" data-orig-size=\"800,600\" data-comments-opened=\"1\" data-image-meta=\"{&quot;aperture&quot;:&quot;4&quot;,&quot;credit&quot;:&quot;&quot;,&quot;camera&quot;:&quot;DSC-H5&quot;,&quot;caption&quot;:&quot;&quot;,&quot;created_timestamp&quot;:&quot;1241879317&quot;,&quot;copyright&quot;:&quot;&quot;,&quot;focal_length&quot;:&quot;6&quot;,&quot;iso&quot;:&quot;125&quot;,&quot;shutter_speed&quot;:&quot;0.002&quot;,&quot;title&quot;:&quot;&quot;,&quot;orientation&quot;:&quot;1&quot;}\" data-image-title=\"02-Fallschirmsprung09\" data-image-description=\"\" data-medium-file=\"https:\/\/i0.wp.com\/www.karlstetter.net\/jkblog\/wp-content\/uploads\/2009\/05\/02-Fallschirmsprung09.jpg?fit=400%2C300&#038;ssl=1\" data-large-file=\"https:\/\/i0.wp.com\/www.karlstetter.net\/jkblog\/wp-content\/uploads\/2009\/05\/02-Fallschirmsprung09.jpg?fit=800%2C600&#038;ssl=1\" src=\"https:\/\/i0.wp.com\/www.karlstetter.net\/jkblog\/wp-content\/uploads\/2009\/05\/02-Fallschirmsprung09.jpg?w=162&#038;h=162&#038;crop=1&#038;ssl=1\" srcset=\"https:\/\/i0.wp.com\/www.karlstetter.net\/jkblog\/wp-content\/uploads\/2009\/05\/02-Fallschirmsprung09.jpg?resize=160%2C160&amp;ssl=1 160w, https:\/\/i0.wp.com\/www.karlstetter.net\/jkblog\/wp-content\/uploads\/2009\/05\/02-Fallschirmsprung09.jpg?resize=320%2C320&amp;ssl=1 320w, https:\/\/i0.wp.com\/www.karlstetter.net\/jkblog\/wp-content\/uploads\/2009\/05\/02-Fallschirmsprung09.jpg?zoom=3&amp;resize=162%2C162&amp;ssl=1 486w\" width=\"162\" height=\"162\" loading=\"lazy\" data-original-width=\"162\" data-original-height=\"162\" itemprop=\"http:\/\/schema.org\/image\" title=\"02-Fallschirmsprung09\" alt=\"Einmal Knuddeln vor dem gro\u00dfen Fall\" style=\"width: 162px; height: 162px;\" \/> <\/a> <div class=\"tiled-gallery-caption\" itemprop=\"caption description\"> Einmal Knuddeln vor dem gro\u00dfen Fall <\/div> <\/div> <\/div> <div class=\"gallery-group\" style=\"width: 166px; height: 166px;\" data-original-width=\"166\" data-original-height=\"166\" > <div class=\"tiled-gallery-item \" itemprop=\"associatedMedia\" itemscope itemtype=\"http:\/\/schema.org\/ImageObject\"> <a href=\"https:\/\/www.karlstetter.net\/jkblog\/2009\/05\/12\/i-believe-i-can-fly-teil-1\/03-fallschirmsprung09\/\" border=\"0\" itemprop=\"url\"> <meta itemprop=\"width\" content=\"162\"> <meta itemprop=\"height\" content=\"162\"> <img decoding=\"async\" class=\"\" data-attachment-id=\"2230\" data-orig-file=\"https:\/\/www.karlstetter.net\/jkblog\/wp-content\/uploads\/2009\/05\/03-Fallschirmsprung09.jpg\" data-orig-size=\"800,600\" data-comments-opened=\"1\" data-image-meta=\"{&quot;aperture&quot;:&quot;4.7&quot;,&quot;credit&quot;:&quot;&quot;,&quot;camera&quot;:&quot;DMC-TZ3&quot;,&quot;caption&quot;:&quot;&quot;,&quot;created_timestamp&quot;:&quot;1241876455&quot;,&quot;copyright&quot;:&quot;&quot;,&quot;focal_length&quot;:&quot;16.9&quot;,&quot;iso&quot;:&quot;100&quot;,&quot;shutter_speed&quot;:&quot;0.0025&quot;,&quot;title&quot;:&quot;&quot;,&quot;orientation&quot;:&quot;1&quot;}\" data-image-title=\"03-Fallschirmsprung09\" data-image-description=\"\" data-medium-file=\"https:\/\/i0.wp.com\/www.karlstetter.net\/jkblog\/wp-content\/uploads\/2009\/05\/03-Fallschirmsprung09.jpg?fit=400%2C300&#038;ssl=1\" data-large-file=\"https:\/\/i0.wp.com\/www.karlstetter.net\/jkblog\/wp-content\/uploads\/2009\/05\/03-Fallschirmsprung09.jpg?fit=800%2C600&#038;ssl=1\" src=\"https:\/\/i0.wp.com\/www.karlstetter.net\/jkblog\/wp-content\/uploads\/2009\/05\/03-Fallschirmsprung09.jpg?w=162&#038;h=162&#038;crop=1&#038;ssl=1\" srcset=\"https:\/\/i0.wp.com\/www.karlstetter.net\/jkblog\/wp-content\/uploads\/2009\/05\/03-Fallschirmsprung09.jpg?resize=160%2C160&amp;ssl=1 160w, https:\/\/i0.wp.com\/www.karlstetter.net\/jkblog\/wp-content\/uploads\/2009\/05\/03-Fallschirmsprung09.jpg?resize=320%2C320&amp;ssl=1 320w, https:\/\/i0.wp.com\/www.karlstetter.net\/jkblog\/wp-content\/uploads\/2009\/05\/03-Fallschirmsprung09.jpg?zoom=3&amp;resize=162%2C162&amp;ssl=1 486w\" width=\"162\" height=\"162\" loading=\"lazy\" data-original-width=\"162\" data-original-height=\"162\" itemprop=\"http:\/\/schema.org\/image\" title=\"03-Fallschirmsprung09\" alt=\"Wer hat den Gr\u00f6\u00dften?!\" style=\"width: 162px; height: 162px;\" \/> <\/a> <div class=\"tiled-gallery-caption\" itemprop=\"caption description\"> Wer hat den Gr\u00f6\u00dften?! <\/div> <\/div> <\/div> <\/div> <div class=\"gallery-row\" style=\"width: 500px; height: 166px;\" data-original-width=\"500\" data-original-height=\"166\" > <div class=\"gallery-group\" style=\"width: 166px; height: 166px;\" data-original-width=\"166\" data-original-height=\"166\" > <div class=\"tiled-gallery-item \" itemprop=\"associatedMedia\" itemscope itemtype=\"http:\/\/schema.org\/ImageObject\"> <a href=\"https:\/\/www.karlstetter.net\/jkblog\/2009\/05\/12\/i-believe-i-can-fly-teil-1\/04-fallschirmsprung09\/\" border=\"0\" itemprop=\"url\"> <meta itemprop=\"width\" content=\"162\"> <meta itemprop=\"height\" content=\"162\"> <img decoding=\"async\" class=\"\" data-attachment-id=\"2231\" data-orig-file=\"https:\/\/www.karlstetter.net\/jkblog\/wp-content\/uploads\/2009\/05\/04-Fallschirmsprung09.jpg\" data-orig-size=\"800,600\" data-comments-opened=\"1\" data-image-meta=\"{&quot;aperture&quot;:&quot;4&quot;,&quot;credit&quot;:&quot;&quot;,&quot;camera&quot;:&quot;DSC-H5&quot;,&quot;caption&quot;:&quot;&quot;,&quot;created_timestamp&quot;:&quot;1241879603&quot;,&quot;copyright&quot;:&quot;&quot;,&quot;focal_length&quot;:&quot;10.6&quot;,&quot;iso&quot;:&quot;125&quot;,&quot;shutter_speed&quot;:&quot;0.0025&quot;,&quot;title&quot;:&quot;&quot;,&quot;orientation&quot;:&quot;1&quot;}\" data-image-title=\"04-Fallschirmsprung09\" data-image-description=\"\" data-medium-file=\"https:\/\/i0.wp.com\/www.karlstetter.net\/jkblog\/wp-content\/uploads\/2009\/05\/04-Fallschirmsprung09.jpg?fit=400%2C300&#038;ssl=1\" data-large-file=\"https:\/\/i0.wp.com\/www.karlstetter.net\/jkblog\/wp-content\/uploads\/2009\/05\/04-Fallschirmsprung09.jpg?fit=800%2C600&#038;ssl=1\" src=\"https:\/\/i0.wp.com\/www.karlstetter.net\/jkblog\/wp-content\/uploads\/2009\/05\/04-Fallschirmsprung09.jpg?w=162&#038;h=162&#038;crop=1&#038;ssl=1\" srcset=\"https:\/\/i0.wp.com\/www.karlstetter.net\/jkblog\/wp-content\/uploads\/2009\/05\/04-Fallschirmsprung09.jpg?resize=160%2C160&amp;ssl=1 160w, https:\/\/i0.wp.com\/www.karlstetter.net\/jkblog\/wp-content\/uploads\/2009\/05\/04-Fallschirmsprung09.jpg?resize=320%2C320&amp;ssl=1 320w, https:\/\/i0.wp.com\/www.karlstetter.net\/jkblog\/wp-content\/uploads\/2009\/05\/04-Fallschirmsprung09.jpg?zoom=3&amp;resize=162%2C162&amp;ssl=1 486w\" width=\"162\" height=\"162\" loading=\"lazy\" data-original-width=\"162\" data-original-height=\"162\" itemprop=\"http:\/\/schema.org\/image\" title=\"04-Fallschirmsprung09\" alt=\"Der Tandem-Master stellt sich vor\" style=\"width: 162px; height: 162px;\" \/> <\/a> <div class=\"tiled-gallery-caption\" itemprop=\"caption description\"> Der Tandem-Master stellt sich vor <\/div> <\/div> <\/div> <div class=\"gallery-group\" style=\"width: 166px; height: 166px;\" data-original-width=\"166\" data-original-height=\"166\" > <div class=\"tiled-gallery-item \" itemprop=\"associatedMedia\" itemscope itemtype=\"http:\/\/schema.org\/ImageObject\"> <a href=\"https:\/\/www.karlstetter.net\/jkblog\/2009\/05\/12\/i-believe-i-can-fly-teil-1\/05-fallschirmsprung09\/\" border=\"0\" itemprop=\"url\"> <meta itemprop=\"width\" content=\"162\"> <meta itemprop=\"height\" content=\"162\"> <img decoding=\"async\" class=\"\" data-attachment-id=\"2232\" data-orig-file=\"https:\/\/www.karlstetter.net\/jkblog\/wp-content\/uploads\/2009\/05\/05-Fallschirmsprung09.jpg\" data-orig-size=\"800,600\" data-comments-opened=\"1\" data-image-meta=\"{&quot;aperture&quot;:&quot;4&quot;,&quot;credit&quot;:&quot;&quot;,&quot;camera&quot;:&quot;DSC-H5&quot;,&quot;caption&quot;:&quot;&quot;,&quot;created_timestamp&quot;:&quot;1241879866&quot;,&quot;copyright&quot;:&quot;&quot;,&quot;focal_length&quot;:&quot;6&quot;,&quot;iso&quot;:&quot;125&quot;,&quot;shutter_speed&quot;:&quot;0.01&quot;,&quot;title&quot;:&quot;&quot;,&quot;orientation&quot;:&quot;1&quot;}\" data-image-title=\"05-Fallschirmsprung09\" data-image-description=\"\" data-medium-file=\"https:\/\/i0.wp.com\/www.karlstetter.net\/jkblog\/wp-content\/uploads\/2009\/05\/05-Fallschirmsprung09.jpg?fit=400%2C300&#038;ssl=1\" data-large-file=\"https:\/\/i0.wp.com\/www.karlstetter.net\/jkblog\/wp-content\/uploads\/2009\/05\/05-Fallschirmsprung09.jpg?fit=800%2C600&#038;ssl=1\" src=\"https:\/\/i0.wp.com\/www.karlstetter.net\/jkblog\/wp-content\/uploads\/2009\/05\/05-Fallschirmsprung09.jpg?w=162&#038;h=162&#038;crop=1&#038;ssl=1\" srcset=\"https:\/\/i0.wp.com\/www.karlstetter.net\/jkblog\/wp-content\/uploads\/2009\/05\/05-Fallschirmsprung09.jpg?resize=160%2C160&amp;ssl=1 160w, https:\/\/i0.wp.com\/www.karlstetter.net\/jkblog\/wp-content\/uploads\/2009\/05\/05-Fallschirmsprung09.jpg?resize=320%2C320&amp;ssl=1 320w, https:\/\/i0.wp.com\/www.karlstetter.net\/jkblog\/wp-content\/uploads\/2009\/05\/05-Fallschirmsprung09.jpg?zoom=3&amp;resize=162%2C162&amp;ssl=1 486w\" width=\"162\" height=\"162\" loading=\"lazy\" data-original-width=\"162\" data-original-height=\"162\" itemprop=\"http:\/\/schema.org\/image\" title=\"05-Fallschirmsprung09\" alt=\"Jonas ist deshalb etwas verwirrt\" style=\"width: 162px; height: 162px;\" \/> <\/a> <div class=\"tiled-gallery-caption\" itemprop=\"caption description\"> Jonas ist deshalb etwas verwirrt <\/div> <\/div> <\/div> <div class=\"gallery-group\" style=\"width: 166px; height: 166px;\" data-original-width=\"166\" data-original-height=\"166\" > <div class=\"tiled-gallery-item \" itemprop=\"associatedMedia\" itemscope itemtype=\"http:\/\/schema.org\/ImageObject\"> <a href=\"https:\/\/www.karlstetter.net\/jkblog\/2009\/05\/12\/i-believe-i-can-fly-teil-1\/06-fallschirmsprung09\/\" border=\"0\" itemprop=\"url\"> <meta itemprop=\"width\" content=\"162\"> <meta itemprop=\"height\" content=\"162\"> <img decoding=\"async\" class=\"\" data-attachment-id=\"2233\" data-orig-file=\"https:\/\/www.karlstetter.net\/jkblog\/wp-content\/uploads\/2009\/05\/06-Fallschirmsprung09.jpg\" data-orig-size=\"800,600\" data-comments-opened=\"1\" data-image-meta=\"{&quot;aperture&quot;:&quot;4&quot;,&quot;credit&quot;:&quot;&quot;,&quot;camera&quot;:&quot;DSC-H5&quot;,&quot;caption&quot;:&quot;&quot;,&quot;created_timestamp&quot;:&quot;1241880548&quot;,&quot;copyright&quot;:&quot;&quot;,&quot;focal_length&quot;:&quot;9.1&quot;,&quot;iso&quot;:&quot;125&quot;,&quot;shutter_speed&quot;:&quot;0.00125&quot;,&quot;title&quot;:&quot;&quot;,&quot;orientation&quot;:&quot;1&quot;}\" data-image-title=\"06-Fallschirmsprung09\" data-image-description=\"\" data-medium-file=\"https:\/\/i0.wp.com\/www.karlstetter.net\/jkblog\/wp-content\/uploads\/2009\/05\/06-Fallschirmsprung09.jpg?fit=400%2C300&#038;ssl=1\" data-large-file=\"https:\/\/i0.wp.com\/www.karlstetter.net\/jkblog\/wp-content\/uploads\/2009\/05\/06-Fallschirmsprung09.jpg?fit=800%2C600&#038;ssl=1\" src=\"https:\/\/i0.wp.com\/www.karlstetter.net\/jkblog\/wp-content\/uploads\/2009\/05\/06-Fallschirmsprung09.jpg?w=162&#038;h=162&#038;crop=1&#038;ssl=1\" srcset=\"https:\/\/i0.wp.com\/www.karlstetter.net\/jkblog\/wp-content\/uploads\/2009\/05\/06-Fallschirmsprung09.jpg?resize=160%2C160&amp;ssl=1 160w, https:\/\/i0.wp.com\/www.karlstetter.net\/jkblog\/wp-content\/uploads\/2009\/05\/06-Fallschirmsprung09.jpg?resize=320%2C320&amp;ssl=1 320w, https:\/\/i0.wp.com\/www.karlstetter.net\/jkblog\/wp-content\/uploads\/2009\/05\/06-Fallschirmsprung09.jpg?zoom=3&amp;resize=162%2C162&amp;ssl=1 486w\" width=\"162\" height=\"162\" loading=\"lazy\" data-original-width=\"162\" data-original-height=\"162\" itemprop=\"http:\/\/schema.org\/image\" title=\"06-Fallschirmsprung09\" alt=\"Vorher noch schnell die Windrichtung gepr\u00fcft...\" style=\"width: 162px; height: 162px;\" \/> <\/a> <div class=\"tiled-gallery-caption\" itemprop=\"caption description\"> Vorher noch schnell die Windrichtung gepr\u00fcft&#8230; <\/div> <\/div> <\/div> <\/div> <div class=\"gallery-row\" style=\"width: 500px; height: 166px;\" data-original-width=\"500\" data-original-height=\"166\" > <div class=\"gallery-group\" style=\"width: 166px; height: 166px;\" data-original-width=\"166\" data-original-height=\"166\" > <div class=\"tiled-gallery-item \" itemprop=\"associatedMedia\" itemscope itemtype=\"http:\/\/schema.org\/ImageObject\"> <a href=\"https:\/\/www.karlstetter.net\/jkblog\/2009\/05\/12\/i-believe-i-can-fly-teil-1\/07-fallschirmsprung09\/\" border=\"0\" itemprop=\"url\"> <meta itemprop=\"width\" content=\"162\"> <meta itemprop=\"height\" content=\"162\"> <img decoding=\"async\" class=\"\" data-attachment-id=\"2234\" data-orig-file=\"https:\/\/www.karlstetter.net\/jkblog\/wp-content\/uploads\/2009\/05\/07-Fallschirmsprung09.jpg\" data-orig-size=\"800,600\" data-comments-opened=\"1\" data-image-meta=\"{&quot;aperture&quot;:&quot;9&quot;,&quot;credit&quot;:&quot;&quot;,&quot;camera&quot;:&quot;DMC-TZ3&quot;,&quot;caption&quot;:&quot;&quot;,&quot;created_timestamp&quot;:&quot;1241880670&quot;,&quot;copyright&quot;:&quot;&quot;,&quot;focal_length&quot;:&quot;6.5&quot;,&quot;iso&quot;:&quot;100&quot;,&quot;shutter_speed&quot;:&quot;0.0015625&quot;,&quot;title&quot;:&quot;&quot;,&quot;orientation&quot;:&quot;1&quot;}\" data-image-title=\"07-Fallschirmsprung09\" data-image-description=\"\" data-medium-file=\"https:\/\/i0.wp.com\/www.karlstetter.net\/jkblog\/wp-content\/uploads\/2009\/05\/07-Fallschirmsprung09.jpg?fit=400%2C300&#038;ssl=1\" data-large-file=\"https:\/\/i0.wp.com\/www.karlstetter.net\/jkblog\/wp-content\/uploads\/2009\/05\/07-Fallschirmsprung09.jpg?fit=800%2C600&#038;ssl=1\" src=\"https:\/\/i0.wp.com\/www.karlstetter.net\/jkblog\/wp-content\/uploads\/2009\/05\/07-Fallschirmsprung09.jpg?w=162&#038;h=162&#038;crop=1&#038;ssl=1\" srcset=\"https:\/\/i0.wp.com\/www.karlstetter.net\/jkblog\/wp-content\/uploads\/2009\/05\/07-Fallschirmsprung09.jpg?resize=160%2C160&amp;ssl=1 160w, https:\/\/i0.wp.com\/www.karlstetter.net\/jkblog\/wp-content\/uploads\/2009\/05\/07-Fallschirmsprung09.jpg?resize=320%2C320&amp;ssl=1 320w, https:\/\/i0.wp.com\/www.karlstetter.net\/jkblog\/wp-content\/uploads\/2009\/05\/07-Fallschirmsprung09.jpg?zoom=3&amp;resize=162%2C162&amp;ssl=1 486w\" width=\"162\" height=\"162\" loading=\"lazy\" data-original-width=\"162\" data-original-height=\"162\" itemprop=\"http:\/\/schema.org\/image\" title=\"07-Fallschirmsprung09\" alt=\"...und ab in den Frachtraum\" style=\"width: 162px; height: 162px;\" \/> <\/a> <div class=\"tiled-gallery-caption\" itemprop=\"caption description\"> &#8230;und ab in den Frachtraum <\/div> <\/div> <\/div> <div class=\"gallery-group\" style=\"width: 166px; height: 166px;\" data-original-width=\"166\" data-original-height=\"166\" > <div class=\"tiled-gallery-item \" itemprop=\"associatedMedia\" itemscope itemtype=\"http:\/\/schema.org\/ImageObject\"> <a href=\"https:\/\/www.karlstetter.net\/jkblog\/2009\/05\/12\/i-believe-i-can-fly-teil-1\/08-fallschirmsprung09\/\" border=\"0\" itemprop=\"url\"> <meta itemprop=\"width\" content=\"162\"> <meta itemprop=\"height\" content=\"162\"> <img decoding=\"async\" class=\"\" data-attachment-id=\"2235\" data-orig-file=\"https:\/\/www.karlstetter.net\/jkblog\/wp-content\/uploads\/2009\/05\/08-Fallschirmsprung09.jpg\" data-orig-size=\"800,600\" data-comments-opened=\"1\" data-image-meta=\"{&quot;aperture&quot;:&quot;4.5&quot;,&quot;credit&quot;:&quot;&quot;,&quot;camera&quot;:&quot;DSC-H5&quot;,&quot;caption&quot;:&quot;&quot;,&quot;created_timestamp&quot;:&quot;1241882220&quot;,&quot;copyright&quot;:&quot;&quot;,&quot;focal_length&quot;:&quot;72&quot;,&quot;iso&quot;:&quot;125&quot;,&quot;shutter_speed&quot;:&quot;0.001&quot;,&quot;title&quot;:&quot;&quot;,&quot;orientation&quot;:&quot;1&quot;}\" data-image-title=\"08-Fallschirmsprung09\" data-image-description=\"\" data-medium-file=\"https:\/\/i0.wp.com\/www.karlstetter.net\/jkblog\/wp-content\/uploads\/2009\/05\/08-Fallschirmsprung09.jpg?fit=400%2C300&#038;ssl=1\" data-large-file=\"https:\/\/i0.wp.com\/www.karlstetter.net\/jkblog\/wp-content\/uploads\/2009\/05\/08-Fallschirmsprung09.jpg?fit=800%2C600&#038;ssl=1\" src=\"https:\/\/i0.wp.com\/www.karlstetter.net\/jkblog\/wp-content\/uploads\/2009\/05\/08-Fallschirmsprung09.jpg?w=162&#038;h=162&#038;crop=1&#038;ssl=1\" srcset=\"https:\/\/i0.wp.com\/www.karlstetter.net\/jkblog\/wp-content\/uploads\/2009\/05\/08-Fallschirmsprung09.jpg?resize=160%2C160&amp;ssl=1 160w, https:\/\/i0.wp.com\/www.karlstetter.net\/jkblog\/wp-content\/uploads\/2009\/05\/08-Fallschirmsprung09.jpg?resize=320%2C320&amp;ssl=1 320w, https:\/\/i0.wp.com\/www.karlstetter.net\/jkblog\/wp-content\/uploads\/2009\/05\/08-Fallschirmsprung09.jpg?zoom=3&amp;resize=162%2C162&amp;ssl=1 486w\" width=\"162\" height=\"162\" loading=\"lazy\" data-original-width=\"162\" data-original-height=\"162\" itemprop=\"http:\/\/schema.org\/image\" title=\"08-Fallschirmsprung09\" alt=\"Schweine im Weltall (fast)\" style=\"width: 162px; height: 162px;\" \/> <\/a> <div class=\"tiled-gallery-caption\" itemprop=\"caption description\"> Schweine im Weltall (fast) <\/div> <\/div> <\/div> <div class=\"gallery-group\" style=\"width: 166px; height: 166px;\" data-original-width=\"166\" data-original-height=\"166\" > <div class=\"tiled-gallery-item \" itemprop=\"associatedMedia\" itemscope itemtype=\"http:\/\/schema.org\/ImageObject\"> <a href=\"https:\/\/www.karlstetter.net\/jkblog\/2009\/05\/12\/i-believe-i-can-fly-teil-1\/09-fallschirmsprung09\/\" border=\"0\" itemprop=\"url\"> <meta itemprop=\"width\" content=\"162\"> <meta itemprop=\"height\" content=\"162\"> <img decoding=\"async\" class=\"\" data-attachment-id=\"2236\" data-orig-file=\"https:\/\/www.karlstetter.net\/jkblog\/wp-content\/uploads\/2009\/05\/09-Fallschirmsprung09.jpg\" data-orig-size=\"800,600\" data-comments-opened=\"1\" data-image-meta=\"{&quot;aperture&quot;:&quot;7.1&quot;,&quot;credit&quot;:&quot;&quot;,&quot;camera&quot;:&quot;DSC-H5&quot;,&quot;caption&quot;:&quot;&quot;,&quot;created_timestamp&quot;:&quot;1241882269&quot;,&quot;copyright&quot;:&quot;&quot;,&quot;focal_length&quot;:&quot;72&quot;,&quot;iso&quot;:&quot;125&quot;,&quot;shutter_speed&quot;:&quot;0.0005&quot;,&quot;title&quot;:&quot;&quot;,&quot;orientation&quot;:&quot;1&quot;}\" data-image-title=\"09-Fallschirmsprung09\" data-image-description=\"\" data-medium-file=\"https:\/\/i0.wp.com\/www.karlstetter.net\/jkblog\/wp-content\/uploads\/2009\/05\/09-Fallschirmsprung09.jpg?fit=400%2C300&#038;ssl=1\" data-large-file=\"https:\/\/i0.wp.com\/www.karlstetter.net\/jkblog\/wp-content\/uploads\/2009\/05\/09-Fallschirmsprung09.jpg?fit=800%2C600&#038;ssl=1\" src=\"https:\/\/i0.wp.com\/www.karlstetter.net\/jkblog\/wp-content\/uploads\/2009\/05\/09-Fallschirmsprung09.jpg?w=162&#038;h=162&#038;crop=1&#038;ssl=1\" srcset=\"https:\/\/i0.wp.com\/www.karlstetter.net\/jkblog\/wp-content\/uploads\/2009\/05\/09-Fallschirmsprung09.jpg?resize=160%2C160&amp;ssl=1 160w, https:\/\/i0.wp.com\/www.karlstetter.net\/jkblog\/wp-content\/uploads\/2009\/05\/09-Fallschirmsprung09.jpg?resize=320%2C320&amp;ssl=1 320w, https:\/\/i0.wp.com\/www.karlstetter.net\/jkblog\/wp-content\/uploads\/2009\/05\/09-Fallschirmsprung09.jpg?zoom=3&amp;resize=162%2C162&amp;ssl=1 486w\" width=\"162\" height=\"162\" loading=\"lazy\" data-original-width=\"162\" data-original-height=\"162\" itemprop=\"http:\/\/schema.org\/image\" title=\"09-Fallschirmsprung09\" alt=\"Die fliegende PACE-Fahne setzt zur Landung an\" style=\"width: 162px; height: 162px;\" \/> <\/a> <div class=\"tiled-gallery-caption\" itemprop=\"caption description\"> Die fliegende PACE-Fahne setzt zur Landung an <\/div> <\/div> <\/div> <\/div> <div class=\"gallery-row\" style=\"width: 500px; height: 166px;\" data-original-width=\"500\" data-original-height=\"166\" > <div class=\"gallery-group\" style=\"width: 166px; height: 166px;\" data-original-width=\"166\" data-original-height=\"166\" > <div class=\"tiled-gallery-item \" itemprop=\"associatedMedia\" itemscope itemtype=\"http:\/\/schema.org\/ImageObject\"> <a href=\"https:\/\/www.karlstetter.net\/jkblog\/2009\/05\/12\/i-believe-i-can-fly-teil-1\/10-fallschirmsprung09\/\" border=\"0\" itemprop=\"url\"> <meta itemprop=\"width\" content=\"162\"> <meta itemprop=\"height\" content=\"162\"> <img decoding=\"async\" class=\"\" data-attachment-id=\"2237\" data-orig-file=\"https:\/\/www.karlstetter.net\/jkblog\/wp-content\/uploads\/2009\/05\/10-Fallschirmsprung09.jpg\" data-orig-size=\"800,600\" data-comments-opened=\"1\" data-image-meta=\"{&quot;aperture&quot;:&quot;5&quot;,&quot;credit&quot;:&quot;&quot;,&quot;camera&quot;:&quot;DSC-H5&quot;,&quot;caption&quot;:&quot;&quot;,&quot;created_timestamp&quot;:&quot;1241882292&quot;,&quot;copyright&quot;:&quot;&quot;,&quot;focal_length&quot;:&quot;42.4&quot;,&quot;iso&quot;:&quot;125&quot;,&quot;shutter_speed&quot;:&quot;0.001&quot;,&quot;title&quot;:&quot;&quot;,&quot;orientation&quot;:&quot;1&quot;}\" data-image-title=\"10-Fallschirmsprung09\" data-image-description=\"\" data-medium-file=\"https:\/\/i0.wp.com\/www.karlstetter.net\/jkblog\/wp-content\/uploads\/2009\/05\/10-Fallschirmsprung09.jpg?fit=400%2C300&#038;ssl=1\" data-large-file=\"https:\/\/i0.wp.com\/www.karlstetter.net\/jkblog\/wp-content\/uploads\/2009\/05\/10-Fallschirmsprung09.jpg?fit=800%2C600&#038;ssl=1\" src=\"https:\/\/i0.wp.com\/www.karlstetter.net\/jkblog\/wp-content\/uploads\/2009\/05\/10-Fallschirmsprung09.jpg?w=162&#038;h=162&#038;crop=1&#038;ssl=1\" srcset=\"https:\/\/i0.wp.com\/www.karlstetter.net\/jkblog\/wp-content\/uploads\/2009\/05\/10-Fallschirmsprung09.jpg?resize=160%2C160&amp;ssl=1 160w, https:\/\/i0.wp.com\/www.karlstetter.net\/jkblog\/wp-content\/uploads\/2009\/05\/10-Fallschirmsprung09.jpg?resize=320%2C320&amp;ssl=1 320w, https:\/\/i0.wp.com\/www.karlstetter.net\/jkblog\/wp-content\/uploads\/2009\/05\/10-Fallschirmsprung09.jpg?zoom=3&amp;resize=162%2C162&amp;ssl=1 486w\" width=\"162\" height=\"162\" loading=\"lazy\" data-original-width=\"162\" data-original-height=\"162\" itemprop=\"http:\/\/schema.org\/image\" title=\"10-Fallschirmsprung09\" alt=\"In bester Albatros-Manier aufgesetzt\" style=\"width: 162px; height: 162px;\" \/> <\/a> <div class=\"tiled-gallery-caption\" itemprop=\"caption description\"> In bester Albatros-Manier aufgesetzt <\/div> <\/div> <\/div> <div class=\"gallery-group\" style=\"width: 166px; height: 166px;\" data-original-width=\"166\" data-original-height=\"166\" > <div class=\"tiled-gallery-item \" itemprop=\"associatedMedia\" itemscope itemtype=\"http:\/\/schema.org\/ImageObject\"> <a href=\"https:\/\/www.karlstetter.net\/jkblog\/2009\/05\/12\/i-believe-i-can-fly-teil-1\/11-fallschirmsprung09\/\" border=\"0\" itemprop=\"url\"> <meta itemprop=\"width\" content=\"162\"> <meta itemprop=\"height\" content=\"162\"> <img decoding=\"async\" class=\"\" data-attachment-id=\"2238\" data-orig-file=\"https:\/\/www.karlstetter.net\/jkblog\/wp-content\/uploads\/2009\/05\/11-Fallschirmsprung09.jpg\" data-orig-size=\"800,600\" data-comments-opened=\"1\" data-image-meta=\"{&quot;aperture&quot;:&quot;4&quot;,&quot;credit&quot;:&quot;&quot;,&quot;camera&quot;:&quot;DSC-H5&quot;,&quot;caption&quot;:&quot;&quot;,&quot;created_timestamp&quot;:&quot;1241882355&quot;,&quot;copyright&quot;:&quot;&quot;,&quot;focal_length&quot;:&quot;58.5&quot;,&quot;iso&quot;:&quot;125&quot;,&quot;shutter_speed&quot;:&quot;0.002&quot;,&quot;title&quot;:&quot;&quot;,&quot;orientation&quot;:&quot;1&quot;}\" data-image-title=\"11-Fallschirmsprung09\" data-image-description=\"\" data-medium-file=\"https:\/\/i0.wp.com\/www.karlstetter.net\/jkblog\/wp-content\/uploads\/2009\/05\/11-Fallschirmsprung09.jpg?fit=400%2C300&#038;ssl=1\" data-large-file=\"https:\/\/i0.wp.com\/www.karlstetter.net\/jkblog\/wp-content\/uploads\/2009\/05\/11-Fallschirmsprung09.jpg?fit=800%2C600&#038;ssl=1\" src=\"https:\/\/i0.wp.com\/www.karlstetter.net\/jkblog\/wp-content\/uploads\/2009\/05\/11-Fallschirmsprung09.jpg?w=162&#038;h=162&#038;crop=1&#038;ssl=1\" srcset=\"https:\/\/i0.wp.com\/www.karlstetter.net\/jkblog\/wp-content\/uploads\/2009\/05\/11-Fallschirmsprung09.jpg?resize=160%2C160&amp;ssl=1 160w, https:\/\/i0.wp.com\/www.karlstetter.net\/jkblog\/wp-content\/uploads\/2009\/05\/11-Fallschirmsprung09.jpg?resize=320%2C320&amp;ssl=1 320w, https:\/\/i0.wp.com\/www.karlstetter.net\/jkblog\/wp-content\/uploads\/2009\/05\/11-Fallschirmsprung09.jpg?zoom=3&amp;resize=162%2C162&amp;ssl=1 486w\" width=\"162\" height=\"162\" loading=\"lazy\" data-original-width=\"162\" data-original-height=\"162\" itemprop=\"http:\/\/schema.org\/image\" title=\"11-Fallschirmsprung09\" alt=\"Topper Harley in Siegerpose\" style=\"width: 162px; height: 162px;\" \/> <\/a> <div class=\"tiled-gallery-caption\" itemprop=\"caption description\"> Topper Harley in Siegerpose <\/div> <\/div> <\/div> <div class=\"gallery-group\" style=\"width: 166px; height: 166px;\" data-original-width=\"166\" data-original-height=\"166\" > <div class=\"tiled-gallery-item \" itemprop=\"associatedMedia\" itemscope itemtype=\"http:\/\/schema.org\/ImageObject\"> <a href=\"https:\/\/www.karlstetter.net\/jkblog\/2009\/05\/12\/i-believe-i-can-fly-teil-1\/12-fallschirmsprung09\/\" border=\"0\" itemprop=\"url\"> <meta itemprop=\"width\" content=\"162\"> <meta itemprop=\"height\" content=\"162\"> <img decoding=\"async\" class=\"\" data-attachment-id=\"2239\" data-orig-file=\"https:\/\/www.karlstetter.net\/jkblog\/wp-content\/uploads\/2009\/05\/12-Fallschirmsprung09.jpg\" data-orig-size=\"800,600\" data-comments-opened=\"1\" data-image-meta=\"{&quot;aperture&quot;:&quot;4.5&quot;,&quot;credit&quot;:&quot;&quot;,&quot;camera&quot;:&quot;DSC-H5&quot;,&quot;caption&quot;:&quot;&quot;,&quot;created_timestamp&quot;:&quot;1241882374&quot;,&quot;copyright&quot;:&quot;&quot;,&quot;focal_length&quot;:&quot;17&quot;,&quot;iso&quot;:&quot;125&quot;,&quot;shutter_speed&quot;:&quot;0.001&quot;,&quot;title&quot;:&quot;&quot;,&quot;orientation&quot;:&quot;1&quot;}\" data-image-title=\"12-Fallschirmsprung09\" data-image-description=\"\" data-medium-file=\"https:\/\/i0.wp.com\/www.karlstetter.net\/jkblog\/wp-content\/uploads\/2009\/05\/12-Fallschirmsprung09.jpg?fit=400%2C300&#038;ssl=1\" data-large-file=\"https:\/\/i0.wp.com\/www.karlstetter.net\/jkblog\/wp-content\/uploads\/2009\/05\/12-Fallschirmsprung09.jpg?fit=800%2C600&#038;ssl=1\" src=\"https:\/\/i0.wp.com\/www.karlstetter.net\/jkblog\/wp-content\/uploads\/2009\/05\/12-Fallschirmsprung09.jpg?w=162&#038;h=162&#038;crop=1&#038;ssl=1\" srcset=\"https:\/\/i0.wp.com\/www.karlstetter.net\/jkblog\/wp-content\/uploads\/2009\/05\/12-Fallschirmsprung09.jpg?resize=160%2C160&amp;ssl=1 160w, https:\/\/i0.wp.com\/www.karlstetter.net\/jkblog\/wp-content\/uploads\/2009\/05\/12-Fallschirmsprung09.jpg?resize=320%2C320&amp;ssl=1 320w, https:\/\/i0.wp.com\/www.karlstetter.net\/jkblog\/wp-content\/uploads\/2009\/05\/12-Fallschirmsprung09.jpg?zoom=3&amp;resize=162%2C162&amp;ssl=1 486w\" width=\"162\" height=\"162\" loading=\"lazy\" data-original-width=\"162\" data-original-height=\"162\" itemprop=\"http:\/\/schema.org\/image\" title=\"12-Fallschirmsprung09\" alt=\"Knutschen wie bei Big Brother\" style=\"width: 162px; height: 162px;\" \/> <\/a> <div class=\"tiled-gallery-caption\" itemprop=\"caption description\"> Knutschen wie bei Big Brother <\/div> <\/div> <\/div> <\/div> <div class=\"gallery-row\" style=\"width: 500px; height: 166px;\" data-original-width=\"500\" data-original-height=\"166\" > <div class=\"gallery-group\" style=\"width: 166px; height: 166px;\" data-original-width=\"166\" data-original-height=\"166\" > <div class=\"tiled-gallery-item \" itemprop=\"associatedMedia\" itemscope itemtype=\"http:\/\/schema.org\/ImageObject\"> <a href=\"https:\/\/www.karlstetter.net\/jkblog\/2009\/05\/12\/i-believe-i-can-fly-teil-1\/13-fallschirmsprung09\/\" border=\"0\" itemprop=\"url\"> <meta itemprop=\"width\" content=\"162\"> <meta itemprop=\"height\" content=\"162\"> <img decoding=\"async\" class=\"\" data-attachment-id=\"2240\" data-orig-file=\"https:\/\/www.karlstetter.net\/jkblog\/wp-content\/uploads\/2009\/05\/13-Fallschirmsprung09.jpg\" data-orig-size=\"800,600\" data-comments-opened=\"1\" data-image-meta=\"{&quot;aperture&quot;:&quot;4&quot;,&quot;credit&quot;:&quot;&quot;,&quot;camera&quot;:&quot;DSC-H5&quot;,&quot;caption&quot;:&quot;&quot;,&quot;created_timestamp&quot;:&quot;1241882749&quot;,&quot;copyright&quot;:&quot;&quot;,&quot;focal_length&quot;:&quot;6&quot;,&quot;iso&quot;:&quot;125&quot;,&quot;shutter_speed&quot;:&quot;0.0125&quot;,&quot;title&quot;:&quot;&quot;,&quot;orientation&quot;:&quot;1&quot;}\" data-image-title=\"13-Fallschirmsprung09\" data-image-description=\"\" data-medium-file=\"https:\/\/i0.wp.com\/www.karlstetter.net\/jkblog\/wp-content\/uploads\/2009\/05\/13-Fallschirmsprung09.jpg?fit=400%2C300&#038;ssl=1\" data-large-file=\"https:\/\/i0.wp.com\/www.karlstetter.net\/jkblog\/wp-content\/uploads\/2009\/05\/13-Fallschirmsprung09.jpg?fit=800%2C600&#038;ssl=1\" src=\"https:\/\/i0.wp.com\/www.karlstetter.net\/jkblog\/wp-content\/uploads\/2009\/05\/13-Fallschirmsprung09.jpg?w=162&#038;h=162&#038;crop=1&#038;ssl=1\" srcset=\"https:\/\/i0.wp.com\/www.karlstetter.net\/jkblog\/wp-content\/uploads\/2009\/05\/13-Fallschirmsprung09.jpg?resize=160%2C160&amp;ssl=1 160w, https:\/\/i0.wp.com\/www.karlstetter.net\/jkblog\/wp-content\/uploads\/2009\/05\/13-Fallschirmsprung09.jpg?resize=320%2C320&amp;ssl=1 320w, https:\/\/i0.wp.com\/www.karlstetter.net\/jkblog\/wp-content\/uploads\/2009\/05\/13-Fallschirmsprung09.jpg?zoom=3&amp;resize=162%2C162&amp;ssl=1 486w\" width=\"162\" height=\"162\" loading=\"lazy\" data-original-width=\"162\" data-original-height=\"162\" itemprop=\"http:\/\/schema.org\/image\" title=\"13-Fallschirmsprung09\" alt=\"Meine Eier sind einfach zur dick f\u00fcr den Gurt\" style=\"width: 162px; height: 162px;\" \/> <\/a> <div class=\"tiled-gallery-caption\" itemprop=\"caption description\"> Meine Eier sind einfach zur dick f\u00fcr den Gurt <\/div> <\/div> <\/div> <div class=\"gallery-group\" style=\"width: 166px; height: 166px;\" data-original-width=\"166\" data-original-height=\"166\" > <div class=\"tiled-gallery-item \" itemprop=\"associatedMedia\" itemscope itemtype=\"http:\/\/schema.org\/ImageObject\"> <a href=\"https:\/\/www.karlstetter.net\/jkblog\/2009\/05\/12\/i-believe-i-can-fly-teil-1\/14-fallschirmsprung09\/\" border=\"0\" itemprop=\"url\"> <meta itemprop=\"width\" content=\"162\"> <meta itemprop=\"height\" content=\"162\"> <img decoding=\"async\" class=\"\" data-attachment-id=\"2241\" data-orig-file=\"https:\/\/www.karlstetter.net\/jkblog\/wp-content\/uploads\/2009\/05\/14-Fallschirmsprung09.jpg\" data-orig-size=\"800,600\" data-comments-opened=\"1\" data-image-meta=\"{&quot;aperture&quot;:&quot;4&quot;,&quot;credit&quot;:&quot;&quot;,&quot;camera&quot;:&quot;DSC-H5&quot;,&quot;caption&quot;:&quot;&quot;,&quot;created_timestamp&quot;:&quot;1241882789&quot;,&quot;copyright&quot;:&quot;&quot;,&quot;focal_length&quot;:&quot;6&quot;,&quot;iso&quot;:&quot;125&quot;,&quot;shutter_speed&quot;:&quot;0.0125&quot;,&quot;title&quot;:&quot;&quot;,&quot;orientation&quot;:&quot;1&quot;}\" data-image-title=\"14-Fallschirmsprung09\" data-image-description=\"\" data-medium-file=\"https:\/\/i0.wp.com\/www.karlstetter.net\/jkblog\/wp-content\/uploads\/2009\/05\/14-Fallschirmsprung09.jpg?fit=400%2C300&#038;ssl=1\" data-large-file=\"https:\/\/i0.wp.com\/www.karlstetter.net\/jkblog\/wp-content\/uploads\/2009\/05\/14-Fallschirmsprung09.jpg?fit=800%2C600&#038;ssl=1\" src=\"https:\/\/i0.wp.com\/www.karlstetter.net\/jkblog\/wp-content\/uploads\/2009\/05\/14-Fallschirmsprung09.jpg?w=162&#038;h=162&#038;crop=1&#038;ssl=1\" srcset=\"https:\/\/i0.wp.com\/www.karlstetter.net\/jkblog\/wp-content\/uploads\/2009\/05\/14-Fallschirmsprung09.jpg?resize=160%2C160&amp;ssl=1 160w, https:\/\/i0.wp.com\/www.karlstetter.net\/jkblog\/wp-content\/uploads\/2009\/05\/14-Fallschirmsprung09.jpg?resize=320%2C320&amp;ssl=1 320w, https:\/\/i0.wp.com\/www.karlstetter.net\/jkblog\/wp-content\/uploads\/2009\/05\/14-Fallschirmsprung09.jpg?zoom=3&amp;resize=162%2C162&amp;ssl=1 486w\" width=\"162\" height=\"162\" loading=\"lazy\" data-original-width=\"162\" data-original-height=\"162\" itemprop=\"http:\/\/schema.org\/image\" title=\"14-Fallschirmsprung09\" alt=\"Entspannt durch die Hose atmen, denn in der Hose ist noch alles trocken\" style=\"width: 162px; height: 162px;\" \/> <\/a> <div class=\"tiled-gallery-caption\" itemprop=\"caption description\"> Entspannt durch die Hose atmen, denn in der Hose ist noch alles trocken <\/div> <\/div> <\/div> <div class=\"gallery-group\" style=\"width: 166px; height: 166px;\" data-original-width=\"166\" data-original-height=\"166\" > <div class=\"tiled-gallery-item \" itemprop=\"associatedMedia\" itemscope itemtype=\"http:\/\/schema.org\/ImageObject\"> <a href=\"https:\/\/www.karlstetter.net\/jkblog\/2009\/05\/12\/i-believe-i-can-fly-teil-1\/15-fallschirmsprung09\/\" border=\"0\" itemprop=\"url\"> <meta itemprop=\"width\" content=\"162\"> <meta itemprop=\"height\" content=\"162\"> <img decoding=\"async\" class=\"\" data-attachment-id=\"2242\" data-orig-file=\"https:\/\/www.karlstetter.net\/jkblog\/wp-content\/uploads\/2009\/05\/15-Fallschirmsprung09.jpg\" data-orig-size=\"800,600\" data-comments-opened=\"1\" data-image-meta=\"{&quot;aperture&quot;:&quot;4&quot;,&quot;credit&quot;:&quot;&quot;,&quot;camera&quot;:&quot;DSC-H5&quot;,&quot;caption&quot;:&quot;&quot;,&quot;created_timestamp&quot;:&quot;1241883381&quot;,&quot;copyright&quot;:&quot;&quot;,&quot;focal_length&quot;:&quot;6&quot;,&quot;iso&quot;:&quot;125&quot;,&quot;shutter_speed&quot;:&quot;0.00625&quot;,&quot;title&quot;:&quot;&quot;,&quot;orientation&quot;:&quot;1&quot;}\" data-image-title=\"15-Fallschirmsprung09\" data-image-description=\"\" data-medium-file=\"https:\/\/i0.wp.com\/www.karlstetter.net\/jkblog\/wp-content\/uploads\/2009\/05\/15-Fallschirmsprung09.jpg?fit=400%2C300&#038;ssl=1\" data-large-file=\"https:\/\/i0.wp.com\/www.karlstetter.net\/jkblog\/wp-content\/uploads\/2009\/05\/15-Fallschirmsprung09.jpg?fit=800%2C600&#038;ssl=1\" src=\"https:\/\/i0.wp.com\/www.karlstetter.net\/jkblog\/wp-content\/uploads\/2009\/05\/15-Fallschirmsprung09.jpg?w=162&#038;h=162&#038;crop=1&#038;ssl=1\" srcset=\"https:\/\/i0.wp.com\/www.karlstetter.net\/jkblog\/wp-content\/uploads\/2009\/05\/15-Fallschirmsprung09.jpg?resize=160%2C160&amp;ssl=1 160w, https:\/\/i0.wp.com\/www.karlstetter.net\/jkblog\/wp-content\/uploads\/2009\/05\/15-Fallschirmsprung09.jpg?resize=320%2C320&amp;ssl=1 320w, https:\/\/i0.wp.com\/www.karlstetter.net\/jkblog\/wp-content\/uploads\/2009\/05\/15-Fallschirmsprung09.jpg?zoom=3&amp;resize=162%2C162&amp;ssl=1 486w\" width=\"162\" height=\"162\" loading=\"lazy\" data-original-width=\"162\" data-original-height=\"162\" itemprop=\"http:\/\/schema.org\/image\" title=\"15-Fallschirmsprung09\" alt=\"Jochen nun offiziell ein Skydiver\" style=\"width: 162px; height: 162px;\" \/> <\/a> <div class=\"tiled-gallery-caption\" itemprop=\"caption description\"> Jochen nun offiziell ein Skydiver <\/div> <\/div> <\/div> <\/div> <\/div>\n<p>&nbsp;<\/p>\n<p>[mejsvideo src=&#8220;https:\/\/www.karlstetter.net\/jkblog\/wp-content\/uploads\/2009\/05\/Fallschirm09-640.mp4&#8243; width=&#8220;640&#8243; height=&#8220;480&#8243; poster=&#8220;https:\/\/www.karlstetter.net\/jkblog\/wp-content\/uploads\/2009\/05\/Fallschirmsprung09.jpg&#8220;]<\/p>\n<p>&nbsp;<\/p>\n<p style=\"margin-top: 12px;\">Nat\u00fcrlich m\u00f6chte ich mich noch bei folgenden Menschen bedanken:<\/p>\n<p>&#8211; bei Bettina, die mir dieses Erlebnis erst erm\u00f6glicht hat<br \/>\n&#8211; bei Tandem-Master Stefan, der uns sicher zu Boden brachte<br \/>\n&#8211; beim freundlichen und seri\u00f6sem Flying Bones Team<br \/>\n&#8211; bei Verena und Flo, f\u00fcrs Babysitten, Fotografieren und Filmen<\/p>\n<div class=\"shariff\"><ul class=\"shariff-buttons theme-default orientation-horizontal buttonsize-medium\"><li class=\"shariff-button facebook shariff-nocustomcolor\" style=\"background-color:#4273c8\"><a href=\"https:\/\/www.facebook.com\/sharer\/sharer.php?u=https%3A%2F%2Fwww.karlstetter.net%2Fjkblog%2F2009%2F05%2F12%2Fi-believe-i-can-fly-teil-1%2F\" title=\"Bei Facebook teilen\" aria-label=\"Bei Facebook teilen\" role=\"button\" rel=\"nofollow\" class=\"shariff-link\" style=\"; background-color:#3b5998; color:#fff\" target=\"_blank\"><span class=\"shariff-icon\" style=\"\"><svg width=\"32px\" height=\"20px\" xmlns=\"http:\/\/www.w3.org\/2000\/svg\" viewBox=\"0 0 18 32\"><path fill=\"#3b5998\" d=\"M17.1 0.2v4.7h-2.8q-1.5 0-2.1 0.6t-0.5 1.9v3.4h5.2l-0.7 5.3h-4.5v13.6h-5.5v-13.6h-4.5v-5.3h4.5v-3.9q0-3.3 1.9-5.2t5-1.8q2.6 0 4.1 0.2z\"\/><\/svg><\/span><span class=\"shariff-text\">teilen<\/span>&nbsp;<\/a><\/li><li class=\"shariff-button twitter shariff-nocustomcolor\" style=\"background-color:#595959\"><a href=\"https:\/\/twitter.com\/share?url=https%3A%2F%2Fwww.karlstetter.net%2Fjkblog%2F2009%2F05%2F12%2Fi-believe-i-can-fly-teil-1%2F&text=I%20believe%20I%20can%20fly%20%28Teil%201%29&via=monacobazi\" title=\"Bei X teilen\" aria-label=\"Bei X teilen\" role=\"button\" rel=\"noopener nofollow\" class=\"shariff-link\" style=\"; background-color:#000; color:#fff\" target=\"_blank\"><span class=\"shariff-icon\" style=\"\"><svg width=\"32px\" height=\"20px\" xmlns=\"http:\/\/www.w3.org\/2000\/svg\" viewBox=\"0 0 24 24\"><path fill=\"#000\" d=\"M14.258 10.152L23.176 0h-2.113l-7.747 8.813L7.133 0H0l9.352 13.328L0 23.973h2.113l8.176-9.309 6.531 9.309h7.133zm-2.895 3.293l-.949-1.328L2.875 1.56h3.246l6.086 8.523.945 1.328 7.91 11.078h-3.246zm0 0\"\/><\/svg><\/span><span class=\"shariff-text\">teilen<\/span>&nbsp;<\/a><\/li><li class=\"shariff-button whatsapp shariff-nocustomcolor\" style=\"background-color:#5cbe4a\"><a href=\"https:\/\/api.whatsapp.com\/send?text=https%3A%2F%2Fwww.karlstetter.net%2Fjkblog%2F2009%2F05%2F12%2Fi-believe-i-can-fly-teil-1%2F%20I%20believe%20I%20can%20fly%20%28Teil%201%29\" title=\"Bei Whatsapp teilen\" aria-label=\"Bei Whatsapp teilen\" role=\"button\" rel=\"noopener nofollow\" class=\"shariff-link\" style=\"; background-color:#34af23; color:#fff\" target=\"_blank\"><span class=\"shariff-icon\" style=\"\"><svg width=\"32px\" height=\"20px\" xmlns=\"http:\/\/www.w3.org\/2000\/svg\" viewBox=\"0 0 32 32\"><path fill=\"#34af23\" d=\"M17.6 17.4q0.2 0 1.7 0.8t1.6 0.9q0 0.1 0 0.3 0 0.6-0.3 1.4-0.3 0.7-1.3 1.2t-1.8 0.5q-1 0-3.4-1.1-1.7-0.8-3-2.1t-2.6-3.3q-1.3-1.9-1.3-3.5v-0.1q0.1-1.6 1.3-2.8 0.4-0.4 0.9-0.4 0.1 0 0.3 0t0.3 0q0.3 0 0.5 0.1t0.3 0.5q0.1 0.4 0.6 1.6t0.4 1.3q0 0.4-0.6 1t-0.6 0.8q0 0.1 0.1 0.3 0.6 1.3 1.8 2.4 1 0.9 2.7 1.8 0.2 0.1 0.4 0.1 0.3 0 1-0.9t0.9-0.9zM14 26.9q2.3 0 4.3-0.9t3.6-2.4 2.4-3.6 0.9-4.3-0.9-4.3-2.4-3.6-3.6-2.4-4.3-0.9-4.3 0.9-3.6 2.4-2.4 3.6-0.9 4.3q0 3.6 2.1 6.6l-1.4 4.2 4.3-1.4q2.8 1.9 6.2 1.9zM14 2.2q2.7 0 5.2 1.1t4.3 2.9 2.9 4.3 1.1 5.2-1.1 5.2-2.9 4.3-4.3 2.9-5.2 1.1q-3.5 0-6.5-1.7l-7.4 2.4 2.4-7.2q-1.9-3.2-1.9-6.9 0-2.7 1.1-5.2t2.9-4.3 4.3-2.9 5.2-1.1z\"\/><\/svg><\/span><span class=\"shariff-text\">teilen<\/span>&nbsp;<\/a><\/li><li class=\"shariff-button mailto shariff-nocustomcolor\" style=\"background-color:#a8a8a8\"><a href=\"mailto:?body=https%3A%2F%2Fwww.karlstetter.net%2Fjkblog%2F2009%2F05%2F12%2Fi-believe-i-can-fly-teil-1%2F&subject=I%20believe%20I%20can%20fly%20%28Teil%201%29\" title=\"Per E-Mail versenden\" aria-label=\"Per E-Mail versenden\" role=\"button\" rel=\"noopener nofollow\" class=\"shariff-link\" style=\"; background-color:#999; color:#fff\"><span class=\"shariff-icon\" style=\"\"><svg width=\"32px\" height=\"20px\" xmlns=\"http:\/\/www.w3.org\/2000\/svg\" viewBox=\"0 0 32 32\"><path fill=\"#999\" d=\"M32 12.7v14.2q0 1.2-0.8 2t-2 0.9h-26.3q-1.2 0-2-0.9t-0.8-2v-14.2q0.8 0.9 1.8 1.6 6.5 4.4 8.9 6.1 1 0.8 1.6 1.2t1.7 0.9 2 0.4h0.1q0.9 0 2-0.4t1.7-0.9 1.6-1.2q3-2.2 8.9-6.1 1-0.7 1.8-1.6zM32 7.4q0 1.4-0.9 2.7t-2.2 2.2q-6.7 4.7-8.4 5.8-0.2 0.1-0.7 0.5t-1 0.7-0.9 0.6-1.1 0.5-0.9 0.2h-0.1q-0.4 0-0.9-0.2t-1.1-0.5-0.9-0.6-1-0.7-0.7-0.5q-1.6-1.1-4.7-3.2t-3.6-2.6q-1.1-0.7-2.1-2t-1-2.5q0-1.4 0.7-2.3t2.1-0.9h26.3q1.2 0 2 0.8t0.9 2z\"\/><\/svg><\/span><span class=\"shariff-text\">E-Mail<\/span>&nbsp;<\/a><\/li><li class=\"shariff-button printer shariff-nocustomcolor\" style=\"background-color:#a8a8a8\"><a href=\"javascript:window.print()\" title=\"drucken\" aria-label=\"drucken\" role=\"button\" rel=\"noopener nofollow\" class=\"shariff-link\" style=\"; background-color:#999; color:#fff\"><span class=\"shariff-icon\" style=\"\"><svg width=\"32px\" height=\"20px\" xmlns=\"http:\/\/www.w3.org\/2000\/svg\" viewBox=\"0 0 30 32\"><path fill=\"#999\" d=\"M6.8 27.4h16v-4.6h-16v4.6zM6.8 16h16v-6.8h-2.8q-0.7 0-1.2-0.5t-0.5-1.2v-2.8h-11.4v11.4zM27.4 17.2q0-0.5-0.3-0.8t-0.8-0.4-0.8 0.4-0.3 0.8 0.3 0.8 0.8 0.3 0.8-0.3 0.3-0.8zM29.7 17.2v7.4q0 0.2-0.2 0.4t-0.4 0.2h-4v2.8q0 0.7-0.5 1.2t-1.2 0.5h-17.2q-0.7 0-1.2-0.5t-0.5-1.2v-2.8h-4q-0.2 0-0.4-0.2t-0.2-0.4v-7.4q0-1.4 1-2.4t2.4-1h1.2v-9.7q0-0.7 0.5-1.2t1.2-0.5h12q0.7 0 1.6 0.4t1.3 0.8l2.7 2.7q0.5 0.5 0.9 1.4t0.4 1.6v4.6h1.1q1.4 0 2.4 1t1 2.4z\"\/><\/svg><\/span><span class=\"shariff-text\">drucken<\/span>&nbsp;<\/a><\/li><li class=\"shariff-button info shariff-nocustomcolor\" style=\"background-color:#eee\"><a href=\"http:\/\/ct.de\/-2467514\" title=\"Weitere Informationen\" aria-label=\"Weitere Informationen\" role=\"button\" rel=\"noopener \" class=\"shariff-link\" style=\"; background-color:#fff; color:#fff\" target=\"_blank\"><span class=\"shariff-icon\" style=\"\"><svg width=\"32px\" height=\"20px\" xmlns=\"http:\/\/www.w3.org\/2000\/svg\" viewBox=\"0 0 11 32\"><path fill=\"#999\" d=\"M11.4 24v2.3q0 0.5-0.3 0.8t-0.8 0.4h-9.1q-0.5 0-0.8-0.4t-0.4-0.8v-2.3q0-0.5 0.4-0.8t0.8-0.4h1.1v-6.8h-1.1q-0.5 0-0.8-0.4t-0.4-0.8v-2.3q0-0.5 0.4-0.8t0.8-0.4h6.8q0.5 0 0.8 0.4t0.4 0.8v10.3h1.1q0.5 0 0.8 0.4t0.3 0.8zM9.2 3.4v3.4q0 0.5-0.4 0.8t-0.8 0.4h-4.6q-0.4 0-0.8-0.4t-0.4-0.8v-3.4q0-0.4 0.4-0.8t0.8-0.4h4.6q0.5 0 0.8 0.4t0.4 0.8z\"\/><\/svg><\/span><\/a><\/li><\/ul><\/div>","protected":false},"excerpt":{"rendered":"<p>Am Samstag war es mit knapp einj\u00e4hriger Versp\u00e4tung (war eigentlich ein Geschenk von Bettina zum 30. \ud83d\ude09 ) endlich soweit, ich wagte mich an meinen Fallschirm-Tandem-Sprung. Ich hatte mir ja was mit Adrenalin gew\u00fcnscht. Da das Wetter super mitspielte, fuhren Bettina, Jonas, Verena, Flo&#46;&#46;&#46;<\/p>\n","protected":false},"author":2,"featured_media":0,"comment_status":"open","ping_status":"open","sticky":false,"template":"","format":"standard","meta":{"jetpack_post_was_ever_published":false,"_jetpack_newsletter_access":"","_jetpack_dont_email_post_to_subs":false,"_jetpack_newsletter_tier_id":0,"_jetpack_memberships_contains_paywalled_content":false,"_jetpack_memberships_contains_paid_content":false,"footnotes":""},"categories":[10,12],"tags":[163,164,456,490],"class_list":["post-335","post","type-post","status-publish","format-standard","hentry","category-spas-co","category-video-blogs","tag-flugplatz-tannheim","tag-flying-bones","tag-tandem-fallschirmsprung","tag-video-blog"],"yoast_head":"<!-- This site is optimized with the Yoast SEO plugin v27.5 - https:\/\/yoast.com\/product\/yoast-seo-wordpress\/ -->\n<title>I believe I can fly (Teil 1) - jk blog<\/title>\n<meta name=\"robots\" content=\"index, follow, max-snippet:-1, max-image-preview:large, max-video-preview:-1\" \/>\n<link rel=\"canonical\" href=\"https:\/\/www.karlstetter.net\/jkblog\/2009\/05\/12\/i-believe-i-can-fly-teil-1\/\" \/>\n<meta property=\"og:locale\" content=\"de_DE\" \/>\n<meta property=\"og:type\" content=\"article\" \/>\n<meta property=\"og:title\" content=\"I believe I can fly (Teil 1) - jk blog\" \/>\n<meta property=\"og:description\" content=\"Am Samstag war es mit knapp einj\u00e4hriger Versp\u00e4tung (war eigentlich ein Geschenk von Bettina zum 30. \ud83d\ude09 ) endlich soweit, ich wagte mich an meinen Fallschirm-Tandem-Sprung. Ich hatte mir ja was mit Adrenalin gew\u00fcnscht. Da das Wetter super mitspielte, fuhren Bettina, Jonas, Verena, Flo&#046;&#046;&#046;\" \/>\n<meta property=\"og:url\" content=\"https:\/\/www.karlstetter.net\/jkblog\/2009\/05\/12\/i-believe-i-can-fly-teil-1\/\" \/>\n<meta property=\"og:site_name\" content=\"jk blog\" \/>\n<meta property=\"article:author\" content=\"https:\/\/de-de.facebook.com\/bayernbazi\" \/>\n<meta property=\"article:published_time\" content=\"2009-05-12T12:00:13+00:00\" \/>\n<meta property=\"article:modified_time\" content=\"2013-03-25T21:03:41+00:00\" \/>\n<meta property=\"og:image\" content=\"https:\/\/i0.wp.com\/www.karlstetter.net\/jkblog\/wp-content\/uploads\/2009\/05\/01-Fallschirmsprung09.jpg?w=229&#038;h=229&#038;crop=1&#038;ssl=1\" \/>\n<meta name=\"author\" content=\"JK\" \/>\n<meta name=\"twitter:label1\" content=\"Verfasst von\" \/>\n\t<meta name=\"twitter:data1\" content=\"JK\" \/>\n\t<meta name=\"twitter:label2\" content=\"Gesch\u00e4tzte Lesezeit\" \/>\n\t<meta name=\"twitter:data2\" content=\"3\u00a0Minuten\" \/>\n<script type=\"application\/ld+json\" class=\"yoast-schema-graph\">{\"@context\":\"https:\\\/\\\/schema.org\",\"@graph\":[{\"@type\":\"Article\",\"@id\":\"https:\\\/\\\/www.karlstetter.net\\\/jkblog\\\/2009\\\/05\\\/12\\\/i-believe-i-can-fly-teil-1\\\/#article\",\"isPartOf\":{\"@id\":\"https:\\\/\\\/www.karlstetter.net\\\/jkblog\\\/2009\\\/05\\\/12\\\/i-believe-i-can-fly-teil-1\\\/\"},\"author\":{\"name\":\"JK\",\"@id\":\"https:\\\/\\\/www.karlstetter.net\\\/jkblog\\\/#\\\/schema\\\/person\\\/2a92019bcb282ecce17aa7ec379f3d29\"},\"headline\":\"I believe I can fly (Teil 1)\",\"datePublished\":\"2009-05-12T12:00:13+00:00\",\"dateModified\":\"2013-03-25T21:03:41+00:00\",\"mainEntityOfPage\":{\"@id\":\"https:\\\/\\\/www.karlstetter.net\\\/jkblog\\\/2009\\\/05\\\/12\\\/i-believe-i-can-fly-teil-1\\\/\"},\"wordCount\":705,\"commentCount\":4,\"publisher\":{\"@id\":\"https:\\\/\\\/www.karlstetter.net\\\/jkblog\\\/#organization\"},\"keywords\":[\"Flugplatz Tannheim\",\"Flying Bones\",\"Tandem-Fallschirmsprung\",\"Video-Blog\"],\"articleSection\":[\"Spa\u00df &amp; Co.\",\"Video-Blogs\"],\"inLanguage\":\"de\",\"potentialAction\":[{\"@type\":\"CommentAction\",\"name\":\"Comment\",\"target\":[\"https:\\\/\\\/www.karlstetter.net\\\/jkblog\\\/2009\\\/05\\\/12\\\/i-believe-i-can-fly-teil-1\\\/#respond\"]}]},{\"@type\":\"WebPage\",\"@id\":\"https:\\\/\\\/www.karlstetter.net\\\/jkblog\\\/2009\\\/05\\\/12\\\/i-believe-i-can-fly-teil-1\\\/\",\"url\":\"https:\\\/\\\/www.karlstetter.net\\\/jkblog\\\/2009\\\/05\\\/12\\\/i-believe-i-can-fly-teil-1\\\/\",\"name\":\"I believe I can fly (Teil 1) - jk blog\",\"isPartOf\":{\"@id\":\"https:\\\/\\\/www.karlstetter.net\\\/jkblog\\\/#website\"},\"datePublished\":\"2009-05-12T12:00:13+00:00\",\"dateModified\":\"2013-03-25T21:03:41+00:00\",\"breadcrumb\":{\"@id\":\"https:\\\/\\\/www.karlstetter.net\\\/jkblog\\\/2009\\\/05\\\/12\\\/i-believe-i-can-fly-teil-1\\\/#breadcrumb\"},\"inLanguage\":\"de\",\"potentialAction\":[{\"@type\":\"ReadAction\",\"target\":[\"https:\\\/\\\/www.karlstetter.net\\\/jkblog\\\/2009\\\/05\\\/12\\\/i-believe-i-can-fly-teil-1\\\/\"]}]},{\"@type\":\"BreadcrumbList\",\"@id\":\"https:\\\/\\\/www.karlstetter.net\\\/jkblog\\\/2009\\\/05\\\/12\\\/i-believe-i-can-fly-teil-1\\\/#breadcrumb\",\"itemListElement\":[{\"@type\":\"ListItem\",\"position\":1,\"name\":\"Startseite\",\"item\":\"https:\\\/\\\/www.karlstetter.net\\\/jkblog\\\/\"},{\"@type\":\"ListItem\",\"position\":2,\"name\":\"I believe I can fly (Teil 1)\"}]},{\"@type\":\"WebSite\",\"@id\":\"https:\\\/\\\/www.karlstetter.net\\\/jkblog\\\/#website\",\"url\":\"https:\\\/\\\/www.karlstetter.net\\\/jkblog\\\/\",\"name\":\"jk blog\",\"description\":\"M\u00fcnchner Allerlei seit 2005\",\"publisher\":{\"@id\":\"https:\\\/\\\/www.karlstetter.net\\\/jkblog\\\/#organization\"},\"potentialAction\":[{\"@type\":\"SearchAction\",\"target\":{\"@type\":\"EntryPoint\",\"urlTemplate\":\"https:\\\/\\\/www.karlstetter.net\\\/jkblog\\\/?s={search_term_string}\"},\"query-input\":{\"@type\":\"PropertyValueSpecification\",\"valueRequired\":true,\"valueName\":\"search_term_string\"}}],\"inLanguage\":\"de\"},{\"@type\":\"Organization\",\"@id\":\"https:\\\/\\\/www.karlstetter.net\\\/jkblog\\\/#organization\",\"name\":\"jk blog\",\"url\":\"https:\\\/\\\/www.karlstetter.net\\\/jkblog\\\/\",\"logo\":{\"@type\":\"ImageObject\",\"inLanguage\":\"de\",\"@id\":\"https:\\\/\\\/www.karlstetter.net\\\/jkblog\\\/#\\\/schema\\\/logo\\\/image\\\/\",\"url\":\"https:\\\/\\\/i0.wp.com\\\/www.karlstetter.net\\\/jkblog\\\/wp-content\\\/uploads\\\/2022\\\/08\\\/jkblog_2022_Logo.png?fit=500%2C213&ssl=1\",\"contentUrl\":\"https:\\\/\\\/i0.wp.com\\\/www.karlstetter.net\\\/jkblog\\\/wp-content\\\/uploads\\\/2022\\\/08\\\/jkblog_2022_Logo.png?fit=500%2C213&ssl=1\",\"width\":500,\"height\":213,\"caption\":\"jk blog\"},\"image\":{\"@id\":\"https:\\\/\\\/www.karlstetter.net\\\/jkblog\\\/#\\\/schema\\\/logo\\\/image\\\/\"}},{\"@type\":\"Person\",\"@id\":\"https:\\\/\\\/www.karlstetter.net\\\/jkblog\\\/#\\\/schema\\\/person\\\/2a92019bcb282ecce17aa7ec379f3d29\",\"name\":\"JK\",\"image\":{\"@type\":\"ImageObject\",\"inLanguage\":\"de\",\"@id\":\"https:\\\/\\\/secure.gravatar.com\\\/avatar\\\/61120a9cd0caf6f8ef48873f0e5a0bf445b011424a20c8e2f0565ecc84bc047e?s=96&d=mm&r=x\",\"url\":\"https:\\\/\\\/secure.gravatar.com\\\/avatar\\\/61120a9cd0caf6f8ef48873f0e5a0bf445b011424a20c8e2f0565ecc84bc047e?s=96&d=mm&r=x\",\"contentUrl\":\"https:\\\/\\\/secure.gravatar.com\\\/avatar\\\/61120a9cd0caf6f8ef48873f0e5a0bf445b011424a20c8e2f0565ecc84bc047e?s=96&d=mm&r=x\",\"caption\":\"JK\"},\"sameAs\":[\"https:\\\/\\\/www.jkblog.de\",\"https:\\\/\\\/de-de.facebook.com\\\/bayernbazi\",\"https:\\\/\\\/x.com\\\/monacobazi\"],\"url\":\"https:\\\/\\\/www.karlstetter.net\\\/jkblog\\\/author\\\/jk\\\/\"}]}<\/script>\n<!-- \/ Yoast SEO plugin. -->","yoast_head_json":{"title":"I believe I can fly (Teil 1) - jk blog","robots":{"index":"index","follow":"follow","max-snippet":"max-snippet:-1","max-image-preview":"max-image-preview:large","max-video-preview":"max-video-preview:-1"},"canonical":"https:\/\/www.karlstetter.net\/jkblog\/2009\/05\/12\/i-believe-i-can-fly-teil-1\/","og_locale":"de_DE","og_type":"article","og_title":"I believe I can fly (Teil 1) - jk blog","og_description":"Am Samstag war es mit knapp einj\u00e4hriger Versp\u00e4tung (war eigentlich ein Geschenk von Bettina zum 30. \ud83d\ude09 ) endlich soweit, ich wagte mich an meinen Fallschirm-Tandem-Sprung. Ich hatte mir ja was mit Adrenalin gew\u00fcnscht. Da das Wetter super mitspielte, fuhren Bettina, Jonas, Verena, Flo&#46;&#46;&#46;","og_url":"https:\/\/www.karlstetter.net\/jkblog\/2009\/05\/12\/i-believe-i-can-fly-teil-1\/","og_site_name":"jk blog","article_author":"https:\/\/de-de.facebook.com\/bayernbazi","article_published_time":"2009-05-12T12:00:13+00:00","article_modified_time":"2013-03-25T21:03:41+00:00","og_image":[{"url":"https:\/\/i0.wp.com\/www.karlstetter.net\/jkblog\/wp-content\/uploads\/2009\/05\/01-Fallschirmsprung09.jpg?w=229&#038;h=229&#038;crop=1&#038;ssl=1","type":"","width":"","height":""}],"author":"JK","twitter_misc":{"Verfasst von":"JK","Gesch\u00e4tzte Lesezeit":"3\u00a0Minuten"},"schema":{"@context":"https:\/\/schema.org","@graph":[{"@type":"Article","@id":"https:\/\/www.karlstetter.net\/jkblog\/2009\/05\/12\/i-believe-i-can-fly-teil-1\/#article","isPartOf":{"@id":"https:\/\/www.karlstetter.net\/jkblog\/2009\/05\/12\/i-believe-i-can-fly-teil-1\/"},"author":{"name":"JK","@id":"https:\/\/www.karlstetter.net\/jkblog\/#\/schema\/person\/2a92019bcb282ecce17aa7ec379f3d29"},"headline":"I believe I can fly (Teil 1)","datePublished":"2009-05-12T12:00:13+00:00","dateModified":"2013-03-25T21:03:41+00:00","mainEntityOfPage":{"@id":"https:\/\/www.karlstetter.net\/jkblog\/2009\/05\/12\/i-believe-i-can-fly-teil-1\/"},"wordCount":705,"commentCount":4,"publisher":{"@id":"https:\/\/www.karlstetter.net\/jkblog\/#organization"},"keywords":["Flugplatz Tannheim","Flying Bones","Tandem-Fallschirmsprung","Video-Blog"],"articleSection":["Spa\u00df &amp; Co.","Video-Blogs"],"inLanguage":"de","potentialAction":[{"@type":"CommentAction","name":"Comment","target":["https:\/\/www.karlstetter.net\/jkblog\/2009\/05\/12\/i-believe-i-can-fly-teil-1\/#respond"]}]},{"@type":"WebPage","@id":"https:\/\/www.karlstetter.net\/jkblog\/2009\/05\/12\/i-believe-i-can-fly-teil-1\/","url":"https:\/\/www.karlstetter.net\/jkblog\/2009\/05\/12\/i-believe-i-can-fly-teil-1\/","name":"I believe I can fly (Teil 1) - jk blog","isPartOf":{"@id":"https:\/\/www.karlstetter.net\/jkblog\/#website"},"datePublished":"2009-05-12T12:00:13+00:00","dateModified":"2013-03-25T21:03:41+00:00","breadcrumb":{"@id":"https:\/\/www.karlstetter.net\/jkblog\/2009\/05\/12\/i-believe-i-can-fly-teil-1\/#breadcrumb"},"inLanguage":"de","potentialAction":[{"@type":"ReadAction","target":["https:\/\/www.karlstetter.net\/jkblog\/2009\/05\/12\/i-believe-i-can-fly-teil-1\/"]}]},{"@type":"BreadcrumbList","@id":"https:\/\/www.karlstetter.net\/jkblog\/2009\/05\/12\/i-believe-i-can-fly-teil-1\/#breadcrumb","itemListElement":[{"@type":"ListItem","position":1,"name":"Startseite","item":"https:\/\/www.karlstetter.net\/jkblog\/"},{"@type":"ListItem","position":2,"name":"I believe I can fly (Teil 1)"}]},{"@type":"WebSite","@id":"https:\/\/www.karlstetter.net\/jkblog\/#website","url":"https:\/\/www.karlstetter.net\/jkblog\/","name":"jk blog","description":"M\u00fcnchner Allerlei seit 2005","publisher":{"@id":"https:\/\/www.karlstetter.net\/jkblog\/#organization"},"potentialAction":[{"@type":"SearchAction","target":{"@type":"EntryPoint","urlTemplate":"https:\/\/www.karlstetter.net\/jkblog\/?s={search_term_string}"},"query-input":{"@type":"PropertyValueSpecification","valueRequired":true,"valueName":"search_term_string"}}],"inLanguage":"de"},{"@type":"Organization","@id":"https:\/\/www.karlstetter.net\/jkblog\/#organization","name":"jk blog","url":"https:\/\/www.karlstetter.net\/jkblog\/","logo":{"@type":"ImageObject","inLanguage":"de","@id":"https:\/\/www.karlstetter.net\/jkblog\/#\/schema\/logo\/image\/","url":"https:\/\/i0.wp.com\/www.karlstetter.net\/jkblog\/wp-content\/uploads\/2022\/08\/jkblog_2022_Logo.png?fit=500%2C213&ssl=1","contentUrl":"https:\/\/i0.wp.com\/www.karlstetter.net\/jkblog\/wp-content\/uploads\/2022\/08\/jkblog_2022_Logo.png?fit=500%2C213&ssl=1","width":500,"height":213,"caption":"jk blog"},"image":{"@id":"https:\/\/www.karlstetter.net\/jkblog\/#\/schema\/logo\/image\/"}},{"@type":"Person","@id":"https:\/\/www.karlstetter.net\/jkblog\/#\/schema\/person\/2a92019bcb282ecce17aa7ec379f3d29","name":"JK","image":{"@type":"ImageObject","inLanguage":"de","@id":"https:\/\/secure.gravatar.com\/avatar\/61120a9cd0caf6f8ef48873f0e5a0bf445b011424a20c8e2f0565ecc84bc047e?s=96&d=mm&r=x","url":"https:\/\/secure.gravatar.com\/avatar\/61120a9cd0caf6f8ef48873f0e5a0bf445b011424a20c8e2f0565ecc84bc047e?s=96&d=mm&r=x","contentUrl":"https:\/\/secure.gravatar.com\/avatar\/61120a9cd0caf6f8ef48873f0e5a0bf445b011424a20c8e2f0565ecc84bc047e?s=96&d=mm&r=x","caption":"JK"},"sameAs":["https:\/\/www.jkblog.de","https:\/\/de-de.facebook.com\/bayernbazi","https:\/\/x.com\/monacobazi"],"url":"https:\/\/www.karlstetter.net\/jkblog\/author\/jk\/"}]}},"jetpack_featured_media_url":"","jetpack_shortlink":"https:\/\/wp.me\/p3i4NZ-5p","jetpack_sharing_enabled":true,"_links":{"self":[{"href":"https:\/\/www.karlstetter.net\/jkblog\/wp-json\/wp\/v2\/posts\/335","targetHints":{"allow":["GET"]}}],"collection":[{"href":"https:\/\/www.karlstetter.net\/jkblog\/wp-json\/wp\/v2\/posts"}],"about":[{"href":"https:\/\/www.karlstetter.net\/jkblog\/wp-json\/wp\/v2\/types\/post"}],"author":[{"embeddable":true,"href":"https:\/\/www.karlstetter.net\/jkblog\/wp-json\/wp\/v2\/users\/2"}],"replies":[{"embeddable":true,"href":"https:\/\/www.karlstetter.net\/jkblog\/wp-json\/wp\/v2\/comments?post=335"}],"version-history":[{"count":3,"href":"https:\/\/www.karlstetter.net\/jkblog\/wp-json\/wp\/v2\/posts\/335\/revisions"}],"predecessor-version":[{"id":2227,"href":"https:\/\/www.karlstetter.net\/jkblog\/wp-json\/wp\/v2\/posts\/335\/revisions\/2227"}],"wp:attachment":[{"href":"https:\/\/www.karlstetter.net\/jkblog\/wp-json\/wp\/v2\/media?parent=335"}],"wp:term":[{"taxonomy":"category","embeddable":true,"href":"https:\/\/www.karlstetter.net\/jkblog\/wp-json\/wp\/v2\/categories?post=335"},{"taxonomy":"post_tag","embeddable":true,"href":"https:\/\/www.karlstetter.net\/jkblog\/wp-json\/wp\/v2\/tags?post=335"}],"curies":[{"name":"wp","href":"https:\/\/api.w.org\/{rel}","templated":true}]}}