{"id":38,"date":"2006-10-04T00:10:38","date_gmt":"2006-10-03T23:10:38","guid":{"rendered":"http:\/\/www.karlstetter.net\/jkblog20\/wordpress\/2006\/10\/04\/jk-hinweis-deutschland-ein-sommermarchen-am-29\/"},"modified":"2023-02-02T16:00:01","modified_gmt":"2023-02-02T15:00:01","slug":"jk-hinweis-deutschland-ein-sommermarchen-am-29","status":"publish","type":"post","link":"https:\/\/www.karlstetter.net\/jkblog\/2006\/10\/04\/jk-hinweis-deutschland-ein-sommermarchen-am-29\/","title":{"rendered":"jk Hinweis: Deutschland. Ein Sommerm\u00e4rchen am 29.12.06 in der ARD"},"content":{"rendered":"\n<p>Erstmal hallo an alle echten aber auch Mode-Fans der deutschen Nationalmannschaft,<\/p>\n\n\n<div class=\"wp-block-image\">\n<figure class=\"alignright\"><img data-recalc-dims=\"1\" loading=\"lazy\" decoding=\"async\" width=\"177\" height=\"250\" data-attachment-id=\"1396\" data-permalink=\"https:\/\/www.karlstetter.net\/jkblog\/2006\/10\/04\/jk-hinweis-deutschland-ein-sommermarchen-am-29\/deutschland_sommermaerchen\/\" data-orig-file=\"https:\/\/i0.wp.com\/www.karlstetter.net\/jkblog\/wp-content\/uploads\/2006\/10\/Deutschland_Sommermaerchen.jpg?fit=177%2C250&amp;ssl=1\" data-orig-size=\"177,250\" data-comments-opened=\"1\" data-image-meta=\"{&quot;aperture&quot;:&quot;0&quot;,&quot;credit&quot;:&quot;&quot;,&quot;camera&quot;:&quot;&quot;,&quot;caption&quot;:&quot;&quot;,&quot;created_timestamp&quot;:&quot;0&quot;,&quot;copyright&quot;:&quot;&quot;,&quot;focal_length&quot;:&quot;0&quot;,&quot;iso&quot;:&quot;0&quot;,&quot;shutter_speed&quot;:&quot;0&quot;,&quot;title&quot;:&quot;&quot;,&quot;orientation&quot;:&quot;0&quot;}\" data-image-title=\"Deutschland_Sommermaerchen\" data-image-description=\"\" data-image-caption=\"\" data-large-file=\"https:\/\/i0.wp.com\/www.karlstetter.net\/jkblog\/wp-content\/uploads\/2006\/10\/Deutschland_Sommermaerchen.jpg?fit=177%2C250&amp;ssl=1\" src=\"https:\/\/i0.wp.com\/www.karlstetter.net\/jkblog\/wp-content\/uploads\/2006\/10\/Deutschland_Sommermaerchen.jpg?resize=177%2C250&#038;ssl=1\" alt=\"Deutschland_Sommermaerchen\" class=\"wp-image-1396\" srcset=\"https:\/\/i0.wp.com\/www.karlstetter.net\/jkblog\/wp-content\/uploads\/2006\/10\/Deutschland_Sommermaerchen.jpg?w=177&amp;ssl=1 177w, https:\/\/i0.wp.com\/www.karlstetter.net\/jkblog\/wp-content\/uploads\/2006\/10\/Deutschland_Sommermaerchen.jpg?resize=142%2C200&amp;ssl=1 142w\" sizes=\"auto, (max-width: 177px) 100vw, 177px\" \/><\/figure>\n<\/div>\n\n\n<p>von sehr gro\u00dfem Werbe- und PR-Aufwand begleitet, erscheint \u00fcbermorgen der Dokumentationsfilm &#8222;Deutschland. Ein Sommerm\u00e4rchen&#8220; von S\u00f6nke Wortmann. Kein Medium hat es die letzten Tage verpasst dar\u00fcber zu berichten.<br>F\u00fcr alle, die planen sich diesen Film im Kino (bei Preisen von 5 bis 10 EUR) anzuschauen, seien jedoch darauf hingewiesen, dass der Film bereits am 29. Dezember (Quelle: <a href=\"http:\/\/www.ftd.de\/sport\/fussball\/nationalmannschaft\/118688.html\" target=\"_blank\" rel=\"noopener\">FTD<\/a>) in der ARD (die auch an der Produktion beteiligt war).<br>Was mich angeht, kann ich die knapp 3 Monate auch noch abwarten. Ich zahl nicht zweimal f\u00fcr den selben Film (bin ja braver GEZ-Zahler). Ich sehe das als Abzocke. Bestimmt rennen aber wieder Milionen ins Kino, weil es ja gerade so hip ist und man die tolle Zeit nochmal miterleben will. F\u00fcr mich pers\u00f6nlich gesehen sind diese Emotionen noch sehr pr\u00e4sent. Der Film wird eher in ein paar Jahren interessant, wenn es mal wieder schlechter l\u00e4uft oder man seinen Kindern oder Enkeln Geschichten erz\u00e4hlen will.<\/p>\n\n\n\n<p>Aber jeder soll selber entscheiden, ob es ihm\/ihr wert ist.<\/p>\n\n\n\n<p>Schreibt mir Eure Meinung, bin sehr gespannt.<\/p>\n\n\n\n<p>\u00dcbrigens: Auf DVD soll der Film nun im Februar 2007 erscheinen (zuerst wollte Kinowelt noch das Weihnachtsgesch\u00e4ft mitnehmen, da hatten sich aber <a href=\"http:\/\/www.netzeitung.de\/entertainment\/movie\/438268.html\" target=\"_blank\" rel=\"noopener\">die Kinos gestr\u00e4ubt<\/a>).<\/p>\n<div class=\"shariff\"><ul class=\"shariff-buttons theme-default orientation-horizontal buttonsize-medium\"><li class=\"shariff-button facebook shariff-nocustomcolor\" style=\"background-color:#4273c8\"><a href=\"https:\/\/www.facebook.com\/sharer\/sharer.php?u=https%3A%2F%2Fwww.karlstetter.net%2Fjkblog%2F2006%2F10%2F04%2Fjk-hinweis-deutschland-ein-sommermarchen-am-29%2F\" title=\"Bei Facebook teilen\" aria-label=\"Bei Facebook teilen\" role=\"button\" rel=\"nofollow\" class=\"shariff-link\" style=\"; background-color:#3b5998; color:#fff\" target=\"_blank\"><span class=\"shariff-icon\" style=\"\"><svg width=\"32px\" height=\"20px\" xmlns=\"http:\/\/www.w3.org\/2000\/svg\" viewBox=\"0 0 18 32\"><path fill=\"#3b5998\" d=\"M17.1 0.2v4.7h-2.8q-1.5 0-2.1 0.6t-0.5 1.9v3.4h5.2l-0.7 5.3h-4.5v13.6h-5.5v-13.6h-4.5v-5.3h4.5v-3.9q0-3.3 1.9-5.2t5-1.8q2.6 0 4.1 0.2z\"\/><\/svg><\/span><span class=\"shariff-text\">teilen<\/span>&nbsp;<\/a><\/li><li class=\"shariff-button twitter shariff-nocustomcolor\" style=\"background-color:#595959\"><a href=\"https:\/\/twitter.com\/share?url=https%3A%2F%2Fwww.karlstetter.net%2Fjkblog%2F2006%2F10%2F04%2Fjk-hinweis-deutschland-ein-sommermarchen-am-29%2F&text=jk%20Hinweis%3A%20Deutschland.%20Ein%20Sommerm%C3%A4rchen%20am%2029.12.06%20in%20der%20ARD&via=monacobazi\" title=\"Bei X teilen\" aria-label=\"Bei X teilen\" role=\"button\" rel=\"noopener nofollow\" class=\"shariff-link\" style=\"; background-color:#000; color:#fff\" target=\"_blank\"><span class=\"shariff-icon\" style=\"\"><svg width=\"32px\" height=\"20px\" xmlns=\"http:\/\/www.w3.org\/2000\/svg\" viewBox=\"0 0 24 24\"><path fill=\"#000\" d=\"M14.258 10.152L23.176 0h-2.113l-7.747 8.813L7.133 0H0l9.352 13.328L0 23.973h2.113l8.176-9.309 6.531 9.309h7.133zm-2.895 3.293l-.949-1.328L2.875 1.56h3.246l6.086 8.523.945 1.328 7.91 11.078h-3.246zm0 0\"\/><\/svg><\/span><span class=\"shariff-text\">teilen<\/span>&nbsp;<\/a><\/li><li class=\"shariff-button whatsapp shariff-nocustomcolor\" style=\"background-color:#5cbe4a\"><a href=\"https:\/\/api.whatsapp.com\/send?text=https%3A%2F%2Fwww.karlstetter.net%2Fjkblog%2F2006%2F10%2F04%2Fjk-hinweis-deutschland-ein-sommermarchen-am-29%2F%20jk%20Hinweis%3A%20Deutschland.%20Ein%20Sommerm%C3%A4rchen%20am%2029.12.06%20in%20der%20ARD\" title=\"Bei Whatsapp teilen\" aria-label=\"Bei Whatsapp teilen\" role=\"button\" rel=\"noopener nofollow\" class=\"shariff-link\" style=\"; background-color:#34af23; color:#fff\" target=\"_blank\"><span class=\"shariff-icon\" style=\"\"><svg width=\"32px\" height=\"20px\" xmlns=\"http:\/\/www.w3.org\/2000\/svg\" viewBox=\"0 0 32 32\"><path fill=\"#34af23\" d=\"M17.6 17.4q0.2 0 1.7 0.8t1.6 0.9q0 0.1 0 0.3 0 0.6-0.3 1.4-0.3 0.7-1.3 1.2t-1.8 0.5q-1 0-3.4-1.1-1.7-0.8-3-2.1t-2.6-3.3q-1.3-1.9-1.3-3.5v-0.1q0.1-1.6 1.3-2.8 0.4-0.4 0.9-0.4 0.1 0 0.3 0t0.3 0q0.3 0 0.5 0.1t0.3 0.5q0.1 0.4 0.6 1.6t0.4 1.3q0 0.4-0.6 1t-0.6 0.8q0 0.1 0.1 0.3 0.6 1.3 1.8 2.4 1 0.9 2.7 1.8 0.2 0.1 0.4 0.1 0.3 0 1-0.9t0.9-0.9zM14 26.9q2.3 0 4.3-0.9t3.6-2.4 2.4-3.6 0.9-4.3-0.9-4.3-2.4-3.6-3.6-2.4-4.3-0.9-4.3 0.9-3.6 2.4-2.4 3.6-0.9 4.3q0 3.6 2.1 6.6l-1.4 4.2 4.3-1.4q2.8 1.9 6.2 1.9zM14 2.2q2.7 0 5.2 1.1t4.3 2.9 2.9 4.3 1.1 5.2-1.1 5.2-2.9 4.3-4.3 2.9-5.2 1.1q-3.5 0-6.5-1.7l-7.4 2.4 2.4-7.2q-1.9-3.2-1.9-6.9 0-2.7 1.1-5.2t2.9-4.3 4.3-2.9 5.2-1.1z\"\/><\/svg><\/span><span class=\"shariff-text\">teilen<\/span>&nbsp;<\/a><\/li><li class=\"shariff-button mailto shariff-nocustomcolor\" style=\"background-color:#a8a8a8\"><a href=\"mailto:?body=https%3A%2F%2Fwww.karlstetter.net%2Fjkblog%2F2006%2F10%2F04%2Fjk-hinweis-deutschland-ein-sommermarchen-am-29%2F&subject=jk%20Hinweis%3A%20Deutschland.%20Ein%20Sommerm%C3%A4rchen%20am%2029.12.06%20in%20der%20ARD\" title=\"Per E-Mail versenden\" aria-label=\"Per E-Mail versenden\" role=\"button\" rel=\"noopener nofollow\" class=\"shariff-link\" style=\"; background-color:#999; color:#fff\"><span class=\"shariff-icon\" style=\"\"><svg width=\"32px\" height=\"20px\" xmlns=\"http:\/\/www.w3.org\/2000\/svg\" viewBox=\"0 0 32 32\"><path fill=\"#999\" d=\"M32 12.7v14.2q0 1.2-0.8 2t-2 0.9h-26.3q-1.2 0-2-0.9t-0.8-2v-14.2q0.8 0.9 1.8 1.6 6.5 4.4 8.9 6.1 1 0.8 1.6 1.2t1.7 0.9 2 0.4h0.1q0.9 0 2-0.4t1.7-0.9 1.6-1.2q3-2.2 8.9-6.1 1-0.7 1.8-1.6zM32 7.4q0 1.4-0.9 2.7t-2.2 2.2q-6.7 4.7-8.4 5.8-0.2 0.1-0.7 0.5t-1 0.7-0.9 0.6-1.1 0.5-0.9 0.2h-0.1q-0.4 0-0.9-0.2t-1.1-0.5-0.9-0.6-1-0.7-0.7-0.5q-1.6-1.1-4.7-3.2t-3.6-2.6q-1.1-0.7-2.1-2t-1-2.5q0-1.4 0.7-2.3t2.1-0.9h26.3q1.2 0 2 0.8t0.9 2z\"\/><\/svg><\/span><span class=\"shariff-text\">E-Mail<\/span>&nbsp;<\/a><\/li><li class=\"shariff-button printer shariff-nocustomcolor\" style=\"background-color:#a8a8a8\"><a href=\"javascript:window.print()\" title=\"drucken\" aria-label=\"drucken\" role=\"button\" rel=\"noopener nofollow\" class=\"shariff-link\" style=\"; background-color:#999; color:#fff\"><span class=\"shariff-icon\" style=\"\"><svg width=\"32px\" height=\"20px\" xmlns=\"http:\/\/www.w3.org\/2000\/svg\" viewBox=\"0 0 30 32\"><path fill=\"#999\" d=\"M6.8 27.4h16v-4.6h-16v4.6zM6.8 16h16v-6.8h-2.8q-0.7 0-1.2-0.5t-0.5-1.2v-2.8h-11.4v11.4zM27.4 17.2q0-0.5-0.3-0.8t-0.8-0.4-0.8 0.4-0.3 0.8 0.3 0.8 0.8 0.3 0.8-0.3 0.3-0.8zM29.7 17.2v7.4q0 0.2-0.2 0.4t-0.4 0.2h-4v2.8q0 0.7-0.5 1.2t-1.2 0.5h-17.2q-0.7 0-1.2-0.5t-0.5-1.2v-2.8h-4q-0.2 0-0.4-0.2t-0.2-0.4v-7.4q0-1.4 1-2.4t2.4-1h1.2v-9.7q0-0.7 0.5-1.2t1.2-0.5h12q0.7 0 1.6 0.4t1.3 0.8l2.7 2.7q0.5 0.5 0.9 1.4t0.4 1.6v4.6h1.1q1.4 0 2.4 1t1 2.4z\"\/><\/svg><\/span><span class=\"shariff-text\">drucken<\/span>&nbsp;<\/a><\/li><li class=\"shariff-button info shariff-nocustomcolor\" style=\"background-color:#eee\"><a href=\"http:\/\/ct.de\/-2467514\" title=\"Weitere Informationen\" aria-label=\"Weitere Informationen\" role=\"button\" rel=\"noopener \" class=\"shariff-link\" style=\"; background-color:#fff; color:#fff\" target=\"_blank\"><span class=\"shariff-icon\" style=\"\"><svg width=\"32px\" height=\"20px\" xmlns=\"http:\/\/www.w3.org\/2000\/svg\" viewBox=\"0 0 11 32\"><path fill=\"#999\" d=\"M11.4 24v2.3q0 0.5-0.3 0.8t-0.8 0.4h-9.1q-0.5 0-0.8-0.4t-0.4-0.8v-2.3q0-0.5 0.4-0.8t0.8-0.4h1.1v-6.8h-1.1q-0.5 0-0.8-0.4t-0.4-0.8v-2.3q0-0.5 0.4-0.8t0.8-0.4h6.8q0.5 0 0.8 0.4t0.4 0.8v10.3h1.1q0.5 0 0.8 0.4t0.3 0.8zM9.2 3.4v3.4q0 0.5-0.4 0.8t-0.8 0.4h-4.6q-0.4 0-0.8-0.4t-0.4-0.8v-3.4q0-0.4 0.4-0.8t0.8-0.4h4.6q0.5 0 0.8 0.4t0.4 0.8z\"\/><\/svg><\/span><\/a><\/li><\/ul><\/div>","protected":false},"excerpt":{"rendered":"<p>Erstmal hallo an alle echten aber auch Mode-Fans der deutschen Nationalmannschaft, von sehr gro\u00dfem Werbe- und PR-Aufwand begleitet, erscheint \u00fcbermorgen der Dokumentationsfilm &#8222;Deutschland. Ein Sommerm\u00e4rchen&#8220; von S\u00f6nke Wortmann. Kein Medium hat es die letzten Tage verpasst dar\u00fcber zu berichten.F\u00fcr alle, die planen sich diesen&#46;&#46;&#46;<\/p>\n","protected":false},"author":2,"featured_media":1396,"comment_status":"open","ping_status":"open","sticky":false,"template":"","format":"standard","meta":{"jetpack_post_was_ever_published":false,"_jetpack_newsletter_access":"","_jetpack_dont_email_post_to_subs":false,"_jetpack_newsletter_tier_id":0,"_jetpack_memberships_contains_paywalled_content":false,"_jetpack_memberships_contains_paid_content":false,"footnotes":""},"categories":[3,5,7],"tags":[38,111,123,155,238,256,434],"class_list":["post-38","post","type-post","status-publish","format-standard","has-post-thumbnail","hentry","category-entertainment","category-fusball","category-meinung","tag-ard","tag-deutschland","tag-dvd","tag-fernsehen","tag-jk-meinung","tag-kino","tag-sommermarchen"],"yoast_head":"<!-- This site is optimized with the Yoast SEO plugin v27.5 - https:\/\/yoast.com\/product\/yoast-seo-wordpress\/ -->\n<title>jk Hinweis: Deutschland. Ein Sommerm\u00e4rchen am 29.12.06 in der ARD - jk blog<\/title>\n<meta name=\"robots\" content=\"index, follow, max-snippet:-1, max-image-preview:large, max-video-preview:-1\" \/>\n<link rel=\"canonical\" href=\"https:\/\/www.karlstetter.net\/jkblog\/2006\/10\/04\/jk-hinweis-deutschland-ein-sommermarchen-am-29\/\" \/>\n<meta property=\"og:locale\" content=\"de_DE\" \/>\n<meta property=\"og:type\" content=\"article\" \/>\n<meta property=\"og:title\" content=\"jk Hinweis: Deutschland. Ein Sommerm\u00e4rchen am 29.12.06 in der ARD - jk blog\" \/>\n<meta property=\"og:description\" content=\"Erstmal hallo an alle echten aber auch Mode-Fans der deutschen Nationalmannschaft, von sehr gro\u00dfem Werbe- und PR-Aufwand begleitet, erscheint \u00fcbermorgen der Dokumentationsfilm &#8222;Deutschland. Ein Sommerm\u00e4rchen&#8220; von S\u00f6nke Wortmann. Kein Medium hat es die letzten Tage verpasst dar\u00fcber zu berichten.F\u00fcr alle, die planen sich diesen&#046;&#046;&#046;\" \/>\n<meta property=\"og:url\" content=\"https:\/\/www.karlstetter.net\/jkblog\/2006\/10\/04\/jk-hinweis-deutschland-ein-sommermarchen-am-29\/\" \/>\n<meta property=\"og:site_name\" content=\"jk blog\" \/>\n<meta property=\"article:author\" content=\"https:\/\/de-de.facebook.com\/bayernbazi\" \/>\n<meta property=\"article:published_time\" content=\"2006-10-03T23:10:38+00:00\" \/>\n<meta property=\"article:modified_time\" content=\"2023-02-02T15:00:01+00:00\" \/>\n<meta property=\"og:image\" content=\"https:\/\/www.karlstetter.net\/jkblog\/wp-content\/uploads\/2006\/10\/Deutschland_Sommermaerchen.jpg\" \/>\n\t<meta property=\"og:image:width\" content=\"177\" \/>\n\t<meta property=\"og:image:height\" content=\"250\" \/>\n\t<meta property=\"og:image:type\" content=\"image\/jpeg\" \/>\n<meta name=\"author\" content=\"JK\" \/>\n<meta name=\"twitter:label1\" content=\"Verfasst von\" \/>\n\t<meta name=\"twitter:data1\" content=\"JK\" \/>\n\t<meta name=\"twitter:label2\" content=\"Gesch\u00e4tzte Lesezeit\" \/>\n\t<meta name=\"twitter:data2\" content=\"2\u00a0Minuten\" \/>\n<script type=\"application\/ld+json\" class=\"yoast-schema-graph\">{\"@context\":\"https:\\\/\\\/schema.org\",\"@graph\":[{\"@type\":\"Article\",\"@id\":\"https:\\\/\\\/www.karlstetter.net\\\/jkblog\\\/2006\\\/10\\\/04\\\/jk-hinweis-deutschland-ein-sommermarchen-am-29\\\/#article\",\"isPartOf\":{\"@id\":\"https:\\\/\\\/www.karlstetter.net\\\/jkblog\\\/2006\\\/10\\\/04\\\/jk-hinweis-deutschland-ein-sommermarchen-am-29\\\/\"},\"author\":{\"name\":\"JK\",\"@id\":\"https:\\\/\\\/www.karlstetter.net\\\/jkblog\\\/#\\\/schema\\\/person\\\/2a92019bcb282ecce17aa7ec379f3d29\"},\"headline\":\"jk Hinweis: Deutschland. Ein Sommerm\u00e4rchen am 29.12.06 in der ARD\",\"datePublished\":\"2006-10-03T23:10:38+00:00\",\"dateModified\":\"2023-02-02T15:00:01+00:00\",\"mainEntityOfPage\":{\"@id\":\"https:\\\/\\\/www.karlstetter.net\\\/jkblog\\\/2006\\\/10\\\/04\\\/jk-hinweis-deutschland-ein-sommermarchen-am-29\\\/\"},\"wordCount\":225,\"commentCount\":7,\"publisher\":{\"@id\":\"https:\\\/\\\/www.karlstetter.net\\\/jkblog\\\/#organization\"},\"image\":{\"@id\":\"https:\\\/\\\/www.karlstetter.net\\\/jkblog\\\/2006\\\/10\\\/04\\\/jk-hinweis-deutschland-ein-sommermarchen-am-29\\\/#primaryimage\"},\"thumbnailUrl\":\"https:\\\/\\\/i0.wp.com\\\/www.karlstetter.net\\\/jkblog\\\/wp-content\\\/uploads\\\/2006\\\/10\\\/Deutschland_Sommermaerchen.jpg?fit=177%2C250&ssl=1\",\"keywords\":[\"ARD\",\"Deutschland\",\"DVD\",\"Fernsehen\",\"jk Meinung\",\"Kino\",\"Sommerm\u00e4rchen\"],\"articleSection\":[\"Entertainment\",\"Fu\u00dfball\",\"Meinung\"],\"inLanguage\":\"de\",\"potentialAction\":[{\"@type\":\"CommentAction\",\"name\":\"Comment\",\"target\":[\"https:\\\/\\\/www.karlstetter.net\\\/jkblog\\\/2006\\\/10\\\/04\\\/jk-hinweis-deutschland-ein-sommermarchen-am-29\\\/#respond\"]}]},{\"@type\":\"WebPage\",\"@id\":\"https:\\\/\\\/www.karlstetter.net\\\/jkblog\\\/2006\\\/10\\\/04\\\/jk-hinweis-deutschland-ein-sommermarchen-am-29\\\/\",\"url\":\"https:\\\/\\\/www.karlstetter.net\\\/jkblog\\\/2006\\\/10\\\/04\\\/jk-hinweis-deutschland-ein-sommermarchen-am-29\\\/\",\"name\":\"jk Hinweis: Deutschland. Ein Sommerm\u00e4rchen am 29.12.06 in der ARD - jk blog\",\"isPartOf\":{\"@id\":\"https:\\\/\\\/www.karlstetter.net\\\/jkblog\\\/#website\"},\"primaryImageOfPage\":{\"@id\":\"https:\\\/\\\/www.karlstetter.net\\\/jkblog\\\/2006\\\/10\\\/04\\\/jk-hinweis-deutschland-ein-sommermarchen-am-29\\\/#primaryimage\"},\"image\":{\"@id\":\"https:\\\/\\\/www.karlstetter.net\\\/jkblog\\\/2006\\\/10\\\/04\\\/jk-hinweis-deutschland-ein-sommermarchen-am-29\\\/#primaryimage\"},\"thumbnailUrl\":\"https:\\\/\\\/i0.wp.com\\\/www.karlstetter.net\\\/jkblog\\\/wp-content\\\/uploads\\\/2006\\\/10\\\/Deutschland_Sommermaerchen.jpg?fit=177%2C250&ssl=1\",\"datePublished\":\"2006-10-03T23:10:38+00:00\",\"dateModified\":\"2023-02-02T15:00:01+00:00\",\"breadcrumb\":{\"@id\":\"https:\\\/\\\/www.karlstetter.net\\\/jkblog\\\/2006\\\/10\\\/04\\\/jk-hinweis-deutschland-ein-sommermarchen-am-29\\\/#breadcrumb\"},\"inLanguage\":\"de\",\"potentialAction\":[{\"@type\":\"ReadAction\",\"target\":[\"https:\\\/\\\/www.karlstetter.net\\\/jkblog\\\/2006\\\/10\\\/04\\\/jk-hinweis-deutschland-ein-sommermarchen-am-29\\\/\"]}]},{\"@type\":\"ImageObject\",\"inLanguage\":\"de\",\"@id\":\"https:\\\/\\\/www.karlstetter.net\\\/jkblog\\\/2006\\\/10\\\/04\\\/jk-hinweis-deutschland-ein-sommermarchen-am-29\\\/#primaryimage\",\"url\":\"https:\\\/\\\/i0.wp.com\\\/www.karlstetter.net\\\/jkblog\\\/wp-content\\\/uploads\\\/2006\\\/10\\\/Deutschland_Sommermaerchen.jpg?fit=177%2C250&ssl=1\",\"contentUrl\":\"https:\\\/\\\/i0.wp.com\\\/www.karlstetter.net\\\/jkblog\\\/wp-content\\\/uploads\\\/2006\\\/10\\\/Deutschland_Sommermaerchen.jpg?fit=177%2C250&ssl=1\",\"width\":177,\"height\":250},{\"@type\":\"BreadcrumbList\",\"@id\":\"https:\\\/\\\/www.karlstetter.net\\\/jkblog\\\/2006\\\/10\\\/04\\\/jk-hinweis-deutschland-ein-sommermarchen-am-29\\\/#breadcrumb\",\"itemListElement\":[{\"@type\":\"ListItem\",\"position\":1,\"name\":\"Startseite\",\"item\":\"https:\\\/\\\/www.karlstetter.net\\\/jkblog\\\/\"},{\"@type\":\"ListItem\",\"position\":2,\"name\":\"jk Hinweis: Deutschland. Ein Sommerm\u00e4rchen am 29.12.06 in der ARD\"}]},{\"@type\":\"WebSite\",\"@id\":\"https:\\\/\\\/www.karlstetter.net\\\/jkblog\\\/#website\",\"url\":\"https:\\\/\\\/www.karlstetter.net\\\/jkblog\\\/\",\"name\":\"jk blog\",\"description\":\"M\u00fcnchner Allerlei seit 2005\",\"publisher\":{\"@id\":\"https:\\\/\\\/www.karlstetter.net\\\/jkblog\\\/#organization\"},\"potentialAction\":[{\"@type\":\"SearchAction\",\"target\":{\"@type\":\"EntryPoint\",\"urlTemplate\":\"https:\\\/\\\/www.karlstetter.net\\\/jkblog\\\/?s={search_term_string}\"},\"query-input\":{\"@type\":\"PropertyValueSpecification\",\"valueRequired\":true,\"valueName\":\"search_term_string\"}}],\"inLanguage\":\"de\"},{\"@type\":\"Organization\",\"@id\":\"https:\\\/\\\/www.karlstetter.net\\\/jkblog\\\/#organization\",\"name\":\"jk blog\",\"url\":\"https:\\\/\\\/www.karlstetter.net\\\/jkblog\\\/\",\"logo\":{\"@type\":\"ImageObject\",\"inLanguage\":\"de\",\"@id\":\"https:\\\/\\\/www.karlstetter.net\\\/jkblog\\\/#\\\/schema\\\/logo\\\/image\\\/\",\"url\":\"https:\\\/\\\/i0.wp.com\\\/www.karlstetter.net\\\/jkblog\\\/wp-content\\\/uploads\\\/2022\\\/08\\\/jkblog_2022_Logo.png?fit=500%2C213&ssl=1\",\"contentUrl\":\"https:\\\/\\\/i0.wp.com\\\/www.karlstetter.net\\\/jkblog\\\/wp-content\\\/uploads\\\/2022\\\/08\\\/jkblog_2022_Logo.png?fit=500%2C213&ssl=1\",\"width\":500,\"height\":213,\"caption\":\"jk blog\"},\"image\":{\"@id\":\"https:\\\/\\\/www.karlstetter.net\\\/jkblog\\\/#\\\/schema\\\/logo\\\/image\\\/\"}},{\"@type\":\"Person\",\"@id\":\"https:\\\/\\\/www.karlstetter.net\\\/jkblog\\\/#\\\/schema\\\/person\\\/2a92019bcb282ecce17aa7ec379f3d29\",\"name\":\"JK\",\"image\":{\"@type\":\"ImageObject\",\"inLanguage\":\"de\",\"@id\":\"https:\\\/\\\/secure.gravatar.com\\\/avatar\\\/61120a9cd0caf6f8ef48873f0e5a0bf445b011424a20c8e2f0565ecc84bc047e?s=96&d=mm&r=x\",\"url\":\"https:\\\/\\\/secure.gravatar.com\\\/avatar\\\/61120a9cd0caf6f8ef48873f0e5a0bf445b011424a20c8e2f0565ecc84bc047e?s=96&d=mm&r=x\",\"contentUrl\":\"https:\\\/\\\/secure.gravatar.com\\\/avatar\\\/61120a9cd0caf6f8ef48873f0e5a0bf445b011424a20c8e2f0565ecc84bc047e?s=96&d=mm&r=x\",\"caption\":\"JK\"},\"sameAs\":[\"https:\\\/\\\/www.jkblog.de\",\"https:\\\/\\\/de-de.facebook.com\\\/bayernbazi\",\"https:\\\/\\\/x.com\\\/monacobazi\"],\"url\":\"https:\\\/\\\/www.karlstetter.net\\\/jkblog\\\/author\\\/jk\\\/\"}]}<\/script>\n<!-- \/ Yoast SEO plugin. -->","yoast_head_json":{"title":"jk Hinweis: Deutschland. Ein Sommerm\u00e4rchen am 29.12.06 in der ARD - jk blog","robots":{"index":"index","follow":"follow","max-snippet":"max-snippet:-1","max-image-preview":"max-image-preview:large","max-video-preview":"max-video-preview:-1"},"canonical":"https:\/\/www.karlstetter.net\/jkblog\/2006\/10\/04\/jk-hinweis-deutschland-ein-sommermarchen-am-29\/","og_locale":"de_DE","og_type":"article","og_title":"jk Hinweis: Deutschland. Ein Sommerm\u00e4rchen am 29.12.06 in der ARD - jk blog","og_description":"Erstmal hallo an alle echten aber auch Mode-Fans der deutschen Nationalmannschaft, von sehr gro\u00dfem Werbe- und PR-Aufwand begleitet, erscheint \u00fcbermorgen der Dokumentationsfilm &#8222;Deutschland. Ein Sommerm\u00e4rchen&#8220; von S\u00f6nke Wortmann. Kein Medium hat es die letzten Tage verpasst dar\u00fcber zu berichten.F\u00fcr alle, die planen sich diesen&#46;&#46;&#46;","og_url":"https:\/\/www.karlstetter.net\/jkblog\/2006\/10\/04\/jk-hinweis-deutschland-ein-sommermarchen-am-29\/","og_site_name":"jk blog","article_author":"https:\/\/de-de.facebook.com\/bayernbazi","article_published_time":"2006-10-03T23:10:38+00:00","article_modified_time":"2023-02-02T15:00:01+00:00","og_image":[{"width":177,"height":250,"url":"https:\/\/www.karlstetter.net\/jkblog\/wp-content\/uploads\/2006\/10\/Deutschland_Sommermaerchen.jpg","type":"image\/jpeg"}],"author":"JK","twitter_misc":{"Verfasst von":"JK","Gesch\u00e4tzte Lesezeit":"2\u00a0Minuten"},"schema":{"@context":"https:\/\/schema.org","@graph":[{"@type":"Article","@id":"https:\/\/www.karlstetter.net\/jkblog\/2006\/10\/04\/jk-hinweis-deutschland-ein-sommermarchen-am-29\/#article","isPartOf":{"@id":"https:\/\/www.karlstetter.net\/jkblog\/2006\/10\/04\/jk-hinweis-deutschland-ein-sommermarchen-am-29\/"},"author":{"name":"JK","@id":"https:\/\/www.karlstetter.net\/jkblog\/#\/schema\/person\/2a92019bcb282ecce17aa7ec379f3d29"},"headline":"jk Hinweis: Deutschland. Ein Sommerm\u00e4rchen am 29.12.06 in der ARD","datePublished":"2006-10-03T23:10:38+00:00","dateModified":"2023-02-02T15:00:01+00:00","mainEntityOfPage":{"@id":"https:\/\/www.karlstetter.net\/jkblog\/2006\/10\/04\/jk-hinweis-deutschland-ein-sommermarchen-am-29\/"},"wordCount":225,"commentCount":7,"publisher":{"@id":"https:\/\/www.karlstetter.net\/jkblog\/#organization"},"image":{"@id":"https:\/\/www.karlstetter.net\/jkblog\/2006\/10\/04\/jk-hinweis-deutschland-ein-sommermarchen-am-29\/#primaryimage"},"thumbnailUrl":"https:\/\/i0.wp.com\/www.karlstetter.net\/jkblog\/wp-content\/uploads\/2006\/10\/Deutschland_Sommermaerchen.jpg?fit=177%2C250&ssl=1","keywords":["ARD","Deutschland","DVD","Fernsehen","jk Meinung","Kino","Sommerm\u00e4rchen"],"articleSection":["Entertainment","Fu\u00dfball","Meinung"],"inLanguage":"de","potentialAction":[{"@type":"CommentAction","name":"Comment","target":["https:\/\/www.karlstetter.net\/jkblog\/2006\/10\/04\/jk-hinweis-deutschland-ein-sommermarchen-am-29\/#respond"]}]},{"@type":"WebPage","@id":"https:\/\/www.karlstetter.net\/jkblog\/2006\/10\/04\/jk-hinweis-deutschland-ein-sommermarchen-am-29\/","url":"https:\/\/www.karlstetter.net\/jkblog\/2006\/10\/04\/jk-hinweis-deutschland-ein-sommermarchen-am-29\/","name":"jk Hinweis: Deutschland. Ein Sommerm\u00e4rchen am 29.12.06 in der ARD - jk blog","isPartOf":{"@id":"https:\/\/www.karlstetter.net\/jkblog\/#website"},"primaryImageOfPage":{"@id":"https:\/\/www.karlstetter.net\/jkblog\/2006\/10\/04\/jk-hinweis-deutschland-ein-sommermarchen-am-29\/#primaryimage"},"image":{"@id":"https:\/\/www.karlstetter.net\/jkblog\/2006\/10\/04\/jk-hinweis-deutschland-ein-sommermarchen-am-29\/#primaryimage"},"thumbnailUrl":"https:\/\/i0.wp.com\/www.karlstetter.net\/jkblog\/wp-content\/uploads\/2006\/10\/Deutschland_Sommermaerchen.jpg?fit=177%2C250&ssl=1","datePublished":"2006-10-03T23:10:38+00:00","dateModified":"2023-02-02T15:00:01+00:00","breadcrumb":{"@id":"https:\/\/www.karlstetter.net\/jkblog\/2006\/10\/04\/jk-hinweis-deutschland-ein-sommermarchen-am-29\/#breadcrumb"},"inLanguage":"de","potentialAction":[{"@type":"ReadAction","target":["https:\/\/www.karlstetter.net\/jkblog\/2006\/10\/04\/jk-hinweis-deutschland-ein-sommermarchen-am-29\/"]}]},{"@type":"ImageObject","inLanguage":"de","@id":"https:\/\/www.karlstetter.net\/jkblog\/2006\/10\/04\/jk-hinweis-deutschland-ein-sommermarchen-am-29\/#primaryimage","url":"https:\/\/i0.wp.com\/www.karlstetter.net\/jkblog\/wp-content\/uploads\/2006\/10\/Deutschland_Sommermaerchen.jpg?fit=177%2C250&ssl=1","contentUrl":"https:\/\/i0.wp.com\/www.karlstetter.net\/jkblog\/wp-content\/uploads\/2006\/10\/Deutschland_Sommermaerchen.jpg?fit=177%2C250&ssl=1","width":177,"height":250},{"@type":"BreadcrumbList","@id":"https:\/\/www.karlstetter.net\/jkblog\/2006\/10\/04\/jk-hinweis-deutschland-ein-sommermarchen-am-29\/#breadcrumb","itemListElement":[{"@type":"ListItem","position":1,"name":"Startseite","item":"https:\/\/www.karlstetter.net\/jkblog\/"},{"@type":"ListItem","position":2,"name":"jk Hinweis: Deutschland. Ein Sommerm\u00e4rchen am 29.12.06 in der ARD"}]},{"@type":"WebSite","@id":"https:\/\/www.karlstetter.net\/jkblog\/#website","url":"https:\/\/www.karlstetter.net\/jkblog\/","name":"jk blog","description":"M\u00fcnchner Allerlei seit 2005","publisher":{"@id":"https:\/\/www.karlstetter.net\/jkblog\/#organization"},"potentialAction":[{"@type":"SearchAction","target":{"@type":"EntryPoint","urlTemplate":"https:\/\/www.karlstetter.net\/jkblog\/?s={search_term_string}"},"query-input":{"@type":"PropertyValueSpecification","valueRequired":true,"valueName":"search_term_string"}}],"inLanguage":"de"},{"@type":"Organization","@id":"https:\/\/www.karlstetter.net\/jkblog\/#organization","name":"jk blog","url":"https:\/\/www.karlstetter.net\/jkblog\/","logo":{"@type":"ImageObject","inLanguage":"de","@id":"https:\/\/www.karlstetter.net\/jkblog\/#\/schema\/logo\/image\/","url":"https:\/\/i0.wp.com\/www.karlstetter.net\/jkblog\/wp-content\/uploads\/2022\/08\/jkblog_2022_Logo.png?fit=500%2C213&ssl=1","contentUrl":"https:\/\/i0.wp.com\/www.karlstetter.net\/jkblog\/wp-content\/uploads\/2022\/08\/jkblog_2022_Logo.png?fit=500%2C213&ssl=1","width":500,"height":213,"caption":"jk blog"},"image":{"@id":"https:\/\/www.karlstetter.net\/jkblog\/#\/schema\/logo\/image\/"}},{"@type":"Person","@id":"https:\/\/www.karlstetter.net\/jkblog\/#\/schema\/person\/2a92019bcb282ecce17aa7ec379f3d29","name":"JK","image":{"@type":"ImageObject","inLanguage":"de","@id":"https:\/\/secure.gravatar.com\/avatar\/61120a9cd0caf6f8ef48873f0e5a0bf445b011424a20c8e2f0565ecc84bc047e?s=96&d=mm&r=x","url":"https:\/\/secure.gravatar.com\/avatar\/61120a9cd0caf6f8ef48873f0e5a0bf445b011424a20c8e2f0565ecc84bc047e?s=96&d=mm&r=x","contentUrl":"https:\/\/secure.gravatar.com\/avatar\/61120a9cd0caf6f8ef48873f0e5a0bf445b011424a20c8e2f0565ecc84bc047e?s=96&d=mm&r=x","caption":"JK"},"sameAs":["https:\/\/www.jkblog.de","https:\/\/de-de.facebook.com\/bayernbazi","https:\/\/x.com\/monacobazi"],"url":"https:\/\/www.karlstetter.net\/jkblog\/author\/jk\/"}]}},"jetpack_featured_media_url":"https:\/\/i0.wp.com\/www.karlstetter.net\/jkblog\/wp-content\/uploads\/2006\/10\/Deutschland_Sommermaerchen.jpg?fit=177%2C250&ssl=1","jetpack_shortlink":"https:\/\/wp.me\/p3i4NZ-C","jetpack_sharing_enabled":true,"_links":{"self":[{"href":"https:\/\/www.karlstetter.net\/jkblog\/wp-json\/wp\/v2\/posts\/38","targetHints":{"allow":["GET"]}}],"collection":[{"href":"https:\/\/www.karlstetter.net\/jkblog\/wp-json\/wp\/v2\/posts"}],"about":[{"href":"https:\/\/www.karlstetter.net\/jkblog\/wp-json\/wp\/v2\/types\/post"}],"author":[{"embeddable":true,"href":"https:\/\/www.karlstetter.net\/jkblog\/wp-json\/wp\/v2\/users\/2"}],"replies":[{"embeddable":true,"href":"https:\/\/www.karlstetter.net\/jkblog\/wp-json\/wp\/v2\/comments?post=38"}],"version-history":[{"count":3,"href":"https:\/\/www.karlstetter.net\/jkblog\/wp-json\/wp\/v2\/posts\/38\/revisions"}],"predecessor-version":[{"id":3982,"href":"https:\/\/www.karlstetter.net\/jkblog\/wp-json\/wp\/v2\/posts\/38\/revisions\/3982"}],"wp:featuredmedia":[{"embeddable":true,"href":"https:\/\/www.karlstetter.net\/jkblog\/wp-json\/wp\/v2\/media\/1396"}],"wp:attachment":[{"href":"https:\/\/www.karlstetter.net\/jkblog\/wp-json\/wp\/v2\/media?parent=38"}],"wp:term":[{"taxonomy":"category","embeddable":true,"href":"https:\/\/www.karlstetter.net\/jkblog\/wp-json\/wp\/v2\/categories?post=38"},{"taxonomy":"post_tag","embeddable":true,"href":"https:\/\/www.karlstetter.net\/jkblog\/wp-json\/wp\/v2\/tags?post=38"}],"curies":[{"name":"wp","href":"https:\/\/api.w.org\/{rel}","templated":true}]}}