{"id":416,"date":"2009-09-24T17:44:19","date_gmt":"2009-09-24T15:44:19","guid":{"rendered":"http:\/\/blog.karlstetter.net\/?p=416"},"modified":"2013-03-25T22:39:24","modified_gmt":"2013-03-25T21:39:24","slug":"nordisch-by-nature","status":"publish","type":"post","link":"https:\/\/www.karlstetter.net\/jkblog\/2009\/09\/24\/nordisch-by-nature\/","title":{"rendered":"Nordisch by Nature"},"content":{"rendered":"<p>Moin, ihr Landratten!<\/p>\n<p>F\u00fcr alle Interessierten, hier ein kurzer \u00dcberblick, was die 3 Seeb\u00e4ren die letzten Tage so erlebt haben:<\/p>\n<p><em>Montag<\/em> machten wir uns zu Fu\u00df auf nach Norden (die Stadt hei\u00dft wirklich so), das eigentlich s\u00fcdlich von uns liegt. Die Entfernung und Gehdauer hatten wir trotz iPhone Karten-App ein wenig untersch\u00e4tzt, so dass wir einige Zeit unterwegs waren. (Der Rest im Hotel f\u00e4hrt da sonst mit dem Auto hin). Aber egal, so haben wir wenigstens einiges von der Landschaft gesehen und hatten ausreichend frische Luft.<br \/>\nIn Norden selber gibt es, da es ja eine Stadt ist, so was wie eine kleine Fu\u00dfg\u00e4ngerzone, auf der wir etwas flaniert sind. Gro\u00dfartige Shoppingerlebnisse gab es aber keine. Einzig &#8222;Jack Wolkskin&#8220; scheint es in jedem Kaff zu geben. \ud83d\ude09 Daf\u00fcr haben wir zumindest einen Riesen-Doornkaat und Windm\u00fchlen gesehen, zudem verspeisten wir unsere ersten Wattw\u00fcrmer. *Lecker*<br \/>\nF\u00fcr den R\u00fcckweg nahmen wir aber dann den <a href=\"http:\/\/www.urlauberbus.info\/\" target=\"_blank\">1-EURO-Urlauberbus<\/a> nach Hause. Am Abend legten wir dann nur noch einen kurzen Strandspaziergang ein.<\/p>\n<p><em>Dienstag<\/em> ging es f\u00fcr uns schon fr\u00fch morgens auf die F\u00e4hre nach Norderney. Knapp eine Stunde dauerte die \u00dcberfahrt auf die benachbarte Insel. Hier schlenderten wir anfangs auch durch die Einkaufsg\u00e4sschen (die eher auf Rentner abzielen, au\u00dfer nat\u00fcrlich der \u00fcbliche &#8222;Jack Wolfskin&#8220;) und g\u00f6nnten uns das t\u00e4gliche Fischbr\u00f6tchen. Nach der Mittagspause fuhren wir mit dem Bus zum Leuchtturm. Ein n\u00e4heres Betrachten wurde uns aber verw\u00e4hrt, da wir den vollen Eintritt h\u00e4tten zahlen m\u00fcssen, obwohl wir mit Kinderwagen ja ganz einfach die 255 Treppen auf den Turm genommen h\u00e4tten. Alternativwege waren auch nicht m\u00f6glich, da das Gebiet um den Leuchtturm gro\u00dfr\u00e4umig abgez\u00e4unt ist. War uns aber egal, wir gingen halt stattdessen Richtung FKK-Strand. \ud83d\ude09<br \/>\nAuf dem Weg dorthin machten wir zum ersten Mal Bekanntschaft mit dem starken Wind und den Sandverwehungen. Auch blieben wir kurz vor dem Strand mit dem Kinderwagen im Sand stecken. Aufhalten lie\u00dfen wir uns dadurch nicht, Jonas ab ins Baby-Bj\u00f6rn und runter zu den Nackten. Die waren aber bei diesen Witterungsverh\u00e4ltnissen in einer \u00e4u\u00dferst sp\u00e4rlichen Minderheit, so dass wir schnell ein paar Fotos (nat\u00fcrlich von uns und angezogen) machen konnten. Aufgrund mangelnder Gem\u00fctlichkeit machten wir uns auch wieder z\u00fcgig auf den R\u00fcckweg. Den Weg wieder Richtung F\u00e4hre haben wir dann komplett am Strand entlang zur\u00fcckgelegt, was leider ein gro\u00dfer Fehler war. Nicht einmal nach der Jeep-Safari in Fuerteventura hatten wir so viel Sand in den Klamotten und im Kinderwagen. Den hatte ich dann im Hotel bis auf die Einzelteile zerlegt um jeglichen Sand zu entfernen.<br \/>\nTrotzdem war es ein gelungener Ausflug, wir waren aber komplett tilt am Abend.<br \/>\nSomit hat Jonas mit 6 Monaten bereits innerhalb einer Woche alle gro\u00dfen Fortbewegungsmittel (Bahn, Flugzeug und Schiff) ausprobiert.<\/p>\n<p>Nach dem ereignisreichen Vortag, g\u00f6nnten wir uns am <em>Mittwoch<\/em> eine Auszeit in Form eines Wellnesstages. F\u00fcr Mami und Papi gab es jeweils eine sch\u00f6ne Massage und nachmittags gings f\u00fcr alle drei in den Pool. Dabei probierten wir einen speziellen Schwimmreifen f\u00fcr Jonas aus, wie man unten in den Bildern sehen kann, mit sehr gro\u00dfem Erfolg. Demnach konnten wir alle wieder ordentlich Energie tanken.<\/p>\n<p><em>Heute<\/em> sind wir vormittags wieder etwas durchs D\u00f6rfchen spaziert, um uns im Supermarkt f\u00fcr die R\u00fcckreise am Samstag einzudecken. Am Nachmittag machten wir einen Ausflug in die Seehundstation, in der verwaiste Robben aufgep\u00e4ppelt werden, um sie sp\u00e4ter wieder in die freie Wildbahn auszusiedeln. Das war sehr interessant aufgemacht und wir durften sogar bei einer F\u00fctterung zusehen. Leider fand die F\u00fctterung nur hinter Glasscheiben statt, daher waren gute Bilder extreme Mangelware.<\/p>\n<p><em>Jetzt <\/em>halten meine zwei Lieben ein kleines Abendnickerchen und ich kann diesen Text online stellen. Nicht zu vergessen die Bilder:<\/p>\n<div class=\"tiled-gallery type-square tiled-gallery-unresized\" data-original-width=\"500\" data-carousel-extra='{&quot;blog_id&quot;:1,&quot;permalink&quot;:&quot;https:\\\/\\\/www.karlstetter.net\\\/jkblog\\\/2009\\\/09\\\/24\\\/nordisch-by-nature\\\/&quot;,&quot;likes_blog_id&quot;:48637387}' itemscope itemtype=\"http:\/\/schema.org\/ImageGallery\" > <div class=\"gallery-row\" style=\"width: 500px; height: 166px;\" data-original-width=\"500\" data-original-height=\"166\" > <div class=\"gallery-group\" style=\"width: 166px; height: 166px;\" data-original-width=\"166\" data-original-height=\"166\" > <div class=\"tiled-gallery-item \" itemprop=\"associatedMedia\" itemscope itemtype=\"http:\/\/schema.org\/ImageObject\"> <a href=\"https:\/\/www.karlstetter.net\/jkblog\/2009\/09\/24\/nordisch-by-nature\/norddeich_09_02_01\/\" border=\"0\" itemprop=\"url\"> <meta itemprop=\"width\" content=\"162\"> <meta itemprop=\"height\" content=\"162\"> <img decoding=\"async\" class=\"\" data-attachment-id=\"2287\" data-orig-file=\"https:\/\/www.karlstetter.net\/jkblog\/wp-content\/uploads\/2009\/09\/Norddeich_09_02_01.jpg\" data-orig-size=\"600,800\" data-comments-opened=\"1\" data-image-meta=\"{&quot;aperture&quot;:&quot;9&quot;,&quot;credit&quot;:&quot;&quot;,&quot;camera&quot;:&quot;DMC-FX50&quot;,&quot;caption&quot;:&quot;&quot;,&quot;created_timestamp&quot;:&quot;1253538351&quot;,&quot;copyright&quot;:&quot;&quot;,&quot;focal_length&quot;:&quot;5.7&quot;,&quot;iso&quot;:&quot;100&quot;,&quot;shutter_speed&quot;:&quot;0.005&quot;,&quot;title&quot;:&quot;&quot;,&quot;orientation&quot;:&quot;1&quot;}\" data-image-title=\"Norddeich_09_02_01\" data-image-description=\"\" data-medium-file=\"https:\/\/i0.wp.com\/www.karlstetter.net\/jkblog\/wp-content\/uploads\/2009\/09\/Norddeich_09_02_01.jpg?fit=300%2C400&#038;ssl=1\" data-large-file=\"https:\/\/i0.wp.com\/www.karlstetter.net\/jkblog\/wp-content\/uploads\/2009\/09\/Norddeich_09_02_01.jpg?fit=600%2C800&#038;ssl=1\" src=\"https:\/\/i0.wp.com\/www.karlstetter.net\/jkblog\/wp-content\/uploads\/2009\/09\/Norddeich_09_02_01.jpg?w=162&#038;h=162&#038;crop=1&#038;ssl=1\" srcset=\"https:\/\/i0.wp.com\/www.karlstetter.net\/jkblog\/wp-content\/uploads\/2009\/09\/Norddeich_09_02_01.jpg?resize=160%2C160&amp;ssl=1 160w, https:\/\/i0.wp.com\/www.karlstetter.net\/jkblog\/wp-content\/uploads\/2009\/09\/Norddeich_09_02_01.jpg?resize=320%2C320&amp;ssl=1 320w, https:\/\/i0.wp.com\/www.karlstetter.net\/jkblog\/wp-content\/uploads\/2009\/09\/Norddeich_09_02_01.jpg?zoom=3&amp;resize=162%2C162&amp;ssl=1 486w\" width=\"162\" height=\"162\" loading=\"lazy\" data-original-width=\"162\" data-original-height=\"162\" itemprop=\"http:\/\/schema.org\/image\" title=\"Norddeich_09_02_01\" alt=\"Was ist scho a Ma\u00df dagegen?\" style=\"width: 162px; height: 162px;\" \/> <\/a> <div class=\"tiled-gallery-caption\" itemprop=\"caption description\"> Was ist scho a Ma\u00df dagegen? <\/div> <\/div> <\/div> <div class=\"gallery-group\" style=\"width: 166px; height: 166px;\" data-original-width=\"166\" data-original-height=\"166\" > <div class=\"tiled-gallery-item \" itemprop=\"associatedMedia\" itemscope itemtype=\"http:\/\/schema.org\/ImageObject\"> <a href=\"https:\/\/www.karlstetter.net\/jkblog\/2009\/09\/24\/nordisch-by-nature\/norddeich_09_02_02\/\" border=\"0\" itemprop=\"url\"> <meta itemprop=\"width\" content=\"162\"> <meta itemprop=\"height\" content=\"162\"> <img decoding=\"async\" class=\"\" data-attachment-id=\"2288\" data-orig-file=\"https:\/\/www.karlstetter.net\/jkblog\/wp-content\/uploads\/2009\/09\/Norddeich_09_02_02.jpg\" data-orig-size=\"600,800\" data-comments-opened=\"1\" data-image-meta=\"{&quot;aperture&quot;:&quot;9&quot;,&quot;credit&quot;:&quot;&quot;,&quot;camera&quot;:&quot;DMC-FX50&quot;,&quot;caption&quot;:&quot;&quot;,&quot;created_timestamp&quot;:&quot;1253538605&quot;,&quot;copyright&quot;:&quot;&quot;,&quot;focal_length&quot;:&quot;6.1&quot;,&quot;iso&quot;:&quot;100&quot;,&quot;shutter_speed&quot;:&quot;0.005&quot;,&quot;title&quot;:&quot;&quot;,&quot;orientation&quot;:&quot;1&quot;}\" data-image-title=\"Norddeich_09_02_02\" data-image-description=\"\" data-medium-file=\"https:\/\/i0.wp.com\/www.karlstetter.net\/jkblog\/wp-content\/uploads\/2009\/09\/Norddeich_09_02_02.jpg?fit=300%2C400&#038;ssl=1\" data-large-file=\"https:\/\/i0.wp.com\/www.karlstetter.net\/jkblog\/wp-content\/uploads\/2009\/09\/Norddeich_09_02_02.jpg?fit=600%2C800&#038;ssl=1\" src=\"https:\/\/i0.wp.com\/www.karlstetter.net\/jkblog\/wp-content\/uploads\/2009\/09\/Norddeich_09_02_02.jpg?w=162&#038;h=162&#038;crop=1&#038;ssl=1\" srcset=\"https:\/\/i0.wp.com\/www.karlstetter.net\/jkblog\/wp-content\/uploads\/2009\/09\/Norddeich_09_02_02.jpg?resize=160%2C160&amp;ssl=1 160w, https:\/\/i0.wp.com\/www.karlstetter.net\/jkblog\/wp-content\/uploads\/2009\/09\/Norddeich_09_02_02.jpg?resize=320%2C320&amp;ssl=1 320w, https:\/\/i0.wp.com\/www.karlstetter.net\/jkblog\/wp-content\/uploads\/2009\/09\/Norddeich_09_02_02.jpg?zoom=3&amp;resize=162%2C162&amp;ssl=1 486w\" width=\"162\" height=\"162\" loading=\"lazy\" data-original-width=\"162\" data-original-height=\"162\" itemprop=\"http:\/\/schema.org\/image\" title=\"Norddeich_09_02_02\" alt=\"Nicht in R\u00fcgenwald, sondern in Norden\" style=\"width: 162px; height: 162px;\" \/> <\/a> <div class=\"tiled-gallery-caption\" itemprop=\"caption description\"> Nicht in R\u00fcgenwald, sondern in Norden <\/div> <\/div> <\/div> <div class=\"gallery-group\" style=\"width: 166px; height: 166px;\" data-original-width=\"166\" data-original-height=\"166\" > <div class=\"tiled-gallery-item \" itemprop=\"associatedMedia\" itemscope itemtype=\"http:\/\/schema.org\/ImageObject\"> <a href=\"https:\/\/www.karlstetter.net\/jkblog\/2009\/09\/24\/nordisch-by-nature\/norddeich_09_02_03\/\" border=\"0\" itemprop=\"url\"> <meta itemprop=\"width\" content=\"162\"> <meta itemprop=\"height\" content=\"162\"> <img decoding=\"async\" class=\"\" data-attachment-id=\"2289\" data-orig-file=\"https:\/\/www.karlstetter.net\/jkblog\/wp-content\/uploads\/2009\/09\/Norddeich_09_02_03.jpg\" data-orig-size=\"800,600\" data-comments-opened=\"1\" data-image-meta=\"{&quot;aperture&quot;:&quot;11&quot;,&quot;credit&quot;:&quot;&quot;,&quot;camera&quot;:&quot;DMC-FX50&quot;,&quot;caption&quot;:&quot;&quot;,&quot;created_timestamp&quot;:&quot;1253557262&quot;,&quot;copyright&quot;:&quot;&quot;,&quot;focal_length&quot;:&quot;9.6&quot;,&quot;iso&quot;:&quot;100&quot;,&quot;shutter_speed&quot;:&quot;0.003125&quot;,&quot;title&quot;:&quot;&quot;,&quot;orientation&quot;:&quot;1&quot;}\" data-image-title=\"Norddeich_09_02_03\" data-image-description=\"\" data-medium-file=\"https:\/\/i0.wp.com\/www.karlstetter.net\/jkblog\/wp-content\/uploads\/2009\/09\/Norddeich_09_02_03.jpg?fit=400%2C300&#038;ssl=1\" data-large-file=\"https:\/\/i0.wp.com\/www.karlstetter.net\/jkblog\/wp-content\/uploads\/2009\/09\/Norddeich_09_02_03.jpg?fit=800%2C600&#038;ssl=1\" src=\"https:\/\/i0.wp.com\/www.karlstetter.net\/jkblog\/wp-content\/uploads\/2009\/09\/Norddeich_09_02_03.jpg?w=162&#038;h=162&#038;crop=1&#038;ssl=1\" srcset=\"https:\/\/i0.wp.com\/www.karlstetter.net\/jkblog\/wp-content\/uploads\/2009\/09\/Norddeich_09_02_03.jpg?resize=160%2C160&amp;ssl=1 160w, https:\/\/i0.wp.com\/www.karlstetter.net\/jkblog\/wp-content\/uploads\/2009\/09\/Norddeich_09_02_03.jpg?resize=320%2C320&amp;ssl=1 320w, https:\/\/i0.wp.com\/www.karlstetter.net\/jkblog\/wp-content\/uploads\/2009\/09\/Norddeich_09_02_03.jpg?zoom=3&amp;resize=162%2C162&amp;ssl=1 486w\" width=\"162\" height=\"162\" loading=\"lazy\" data-original-width=\"162\" data-original-height=\"162\" itemprop=\"http:\/\/schema.org\/image\" title=\"Norddeich_09_02_03\" alt=\"Hat man Watt, dann hat man wat\" style=\"width: 162px; height: 162px;\" \/> <\/a> <div class=\"tiled-gallery-caption\" itemprop=\"caption description\"> Hat man Watt, dann hat man wat <\/div> <\/div> <\/div> <\/div> <div class=\"gallery-row\" style=\"width: 500px; height: 166px;\" data-original-width=\"500\" data-original-height=\"166\" > <div class=\"gallery-group\" style=\"width: 166px; height: 166px;\" data-original-width=\"166\" data-original-height=\"166\" > <div class=\"tiled-gallery-item \" itemprop=\"associatedMedia\" itemscope itemtype=\"http:\/\/schema.org\/ImageObject\"> <a href=\"https:\/\/www.karlstetter.net\/jkblog\/2009\/09\/24\/nordisch-by-nature\/norddeich_09_02_04\/\" border=\"0\" itemprop=\"url\"> <meta itemprop=\"width\" content=\"162\"> <meta itemprop=\"height\" content=\"162\"> <img decoding=\"async\" class=\"\" data-attachment-id=\"2290\" data-orig-file=\"https:\/\/www.karlstetter.net\/jkblog\/wp-content\/uploads\/2009\/09\/Norddeich_09_02_04.jpg\" data-orig-size=\"600,800\" data-comments-opened=\"1\" data-image-meta=\"{&quot;aperture&quot;:&quot;4&quot;,&quot;credit&quot;:&quot;&quot;,&quot;camera&quot;:&quot;DSC-H5&quot;,&quot;caption&quot;:&quot;&quot;,&quot;created_timestamp&quot;:&quot;1253626305&quot;,&quot;copyright&quot;:&quot;&quot;,&quot;focal_length&quot;:&quot;7.5&quot;,&quot;iso&quot;:&quot;125&quot;,&quot;shutter_speed&quot;:&quot;0.0015625&quot;,&quot;title&quot;:&quot;&quot;,&quot;orientation&quot;:&quot;1&quot;}\" data-image-title=\"Norddeich_09_02_04\" data-image-description=\"\" data-medium-file=\"https:\/\/i0.wp.com\/www.karlstetter.net\/jkblog\/wp-content\/uploads\/2009\/09\/Norddeich_09_02_04.jpg?fit=300%2C400&#038;ssl=1\" data-large-file=\"https:\/\/i0.wp.com\/www.karlstetter.net\/jkblog\/wp-content\/uploads\/2009\/09\/Norddeich_09_02_04.jpg?fit=600%2C800&#038;ssl=1\" src=\"https:\/\/i0.wp.com\/www.karlstetter.net\/jkblog\/wp-content\/uploads\/2009\/09\/Norddeich_09_02_04.jpg?w=162&#038;h=162&#038;crop=1&#038;ssl=1\" srcset=\"https:\/\/i0.wp.com\/www.karlstetter.net\/jkblog\/wp-content\/uploads\/2009\/09\/Norddeich_09_02_04.jpg?resize=160%2C160&amp;ssl=1 160w, https:\/\/i0.wp.com\/www.karlstetter.net\/jkblog\/wp-content\/uploads\/2009\/09\/Norddeich_09_02_04.jpg?resize=320%2C320&amp;ssl=1 320w, https:\/\/i0.wp.com\/www.karlstetter.net\/jkblog\/wp-content\/uploads\/2009\/09\/Norddeich_09_02_04.jpg?zoom=3&amp;resize=162%2C162&amp;ssl=1 486w\" width=\"162\" height=\"162\" loading=\"lazy\" data-original-width=\"162\" data-original-height=\"162\" itemprop=\"http:\/\/schema.org\/image\" title=\"Norddeich_09_02_04\" alt=\"Mit Klamotten im FKK-Strandkorb\" style=\"width: 162px; height: 162px;\" \/> <\/a> <div class=\"tiled-gallery-caption\" itemprop=\"caption description\"> Mit Klamotten im FKK-Strandkorb <\/div> <\/div> <\/div> <div class=\"gallery-group\" style=\"width: 166px; height: 166px;\" data-original-width=\"166\" data-original-height=\"166\" > <div class=\"tiled-gallery-item \" itemprop=\"associatedMedia\" itemscope itemtype=\"http:\/\/schema.org\/ImageObject\"> <a href=\"https:\/\/www.karlstetter.net\/jkblog\/2009\/09\/24\/nordisch-by-nature\/norddeich_09_02_05\/\" border=\"0\" itemprop=\"url\"> <meta itemprop=\"width\" content=\"162\"> <meta itemprop=\"height\" content=\"162\"> <img decoding=\"async\" class=\"\" data-attachment-id=\"2291\" data-orig-file=\"https:\/\/www.karlstetter.net\/jkblog\/wp-content\/uploads\/2009\/09\/Norddeich_09_02_05.jpg\" data-orig-size=\"800,600\" data-comments-opened=\"1\" data-image-meta=\"{&quot;aperture&quot;:&quot;4.5&quot;,&quot;credit&quot;:&quot;&quot;,&quot;camera&quot;:&quot;DSC-H5&quot;,&quot;caption&quot;:&quot;&quot;,&quot;created_timestamp&quot;:&quot;1253626504&quot;,&quot;copyright&quot;:&quot;&quot;,&quot;focal_length&quot;:&quot;9.1&quot;,&quot;iso&quot;:&quot;125&quot;,&quot;shutter_speed&quot;:&quot;0.001&quot;,&quot;title&quot;:&quot;&quot;,&quot;orientation&quot;:&quot;1&quot;}\" data-image-title=\"Norddeich_09_02_05\" data-image-description=\"\" data-medium-file=\"https:\/\/i0.wp.com\/www.karlstetter.net\/jkblog\/wp-content\/uploads\/2009\/09\/Norddeich_09_02_05.jpg?fit=400%2C300&#038;ssl=1\" data-large-file=\"https:\/\/i0.wp.com\/www.karlstetter.net\/jkblog\/wp-content\/uploads\/2009\/09\/Norddeich_09_02_05.jpg?fit=800%2C600&#038;ssl=1\" src=\"https:\/\/i0.wp.com\/www.karlstetter.net\/jkblog\/wp-content\/uploads\/2009\/09\/Norddeich_09_02_05.jpg?w=162&#038;h=162&#038;crop=1&#038;ssl=1\" srcset=\"https:\/\/i0.wp.com\/www.karlstetter.net\/jkblog\/wp-content\/uploads\/2009\/09\/Norddeich_09_02_05.jpg?resize=160%2C160&amp;ssl=1 160w, https:\/\/i0.wp.com\/www.karlstetter.net\/jkblog\/wp-content\/uploads\/2009\/09\/Norddeich_09_02_05.jpg?resize=320%2C320&amp;ssl=1 320w, https:\/\/i0.wp.com\/www.karlstetter.net\/jkblog\/wp-content\/uploads\/2009\/09\/Norddeich_09_02_05.jpg?zoom=3&amp;resize=162%2C162&amp;ssl=1 486w\" width=\"162\" height=\"162\" loading=\"lazy\" data-original-width=\"162\" data-original-height=\"162\" itemprop=\"http:\/\/schema.org\/image\" title=\"Norddeich_09_02_05\" alt=\"Fischer mit Wattwurm im Netz\" style=\"width: 162px; height: 162px;\" \/> <\/a> <div class=\"tiled-gallery-caption\" itemprop=\"caption description\"> Fischer mit Wattwurm im Netz <\/div> <\/div> <\/div> <div class=\"gallery-group\" style=\"width: 166px; height: 166px;\" data-original-width=\"166\" data-original-height=\"166\" > <div class=\"tiled-gallery-item \" itemprop=\"associatedMedia\" itemscope itemtype=\"http:\/\/schema.org\/ImageObject\"> <a href=\"https:\/\/www.karlstetter.net\/jkblog\/2009\/09\/24\/nordisch-by-nature\/norddeich_09_02_06\/\" border=\"0\" itemprop=\"url\"> <meta itemprop=\"width\" content=\"162\"> <meta itemprop=\"height\" content=\"162\"> <img decoding=\"async\" class=\"\" data-attachment-id=\"2292\" data-orig-file=\"https:\/\/www.karlstetter.net\/jkblog\/wp-content\/uploads\/2009\/09\/Norddeich_09_02_06.jpg\" data-orig-size=\"600,800\" data-comments-opened=\"1\" data-image-meta=\"{&quot;aperture&quot;:&quot;4&quot;,&quot;credit&quot;:&quot;&quot;,&quot;camera&quot;:&quot;DSC-H5&quot;,&quot;caption&quot;:&quot;&quot;,&quot;created_timestamp&quot;:&quot;1253626514&quot;,&quot;copyright&quot;:&quot;&quot;,&quot;focal_length&quot;:&quot;9.1&quot;,&quot;iso&quot;:&quot;125&quot;,&quot;shutter_speed&quot;:&quot;0.003125&quot;,&quot;title&quot;:&quot;&quot;,&quot;orientation&quot;:&quot;1&quot;}\" data-image-title=\"Norddeich_09_02_06\" data-image-description=\"\" data-medium-file=\"https:\/\/i0.wp.com\/www.karlstetter.net\/jkblog\/wp-content\/uploads\/2009\/09\/Norddeich_09_02_06.jpg?fit=300%2C400&#038;ssl=1\" data-large-file=\"https:\/\/i0.wp.com\/www.karlstetter.net\/jkblog\/wp-content\/uploads\/2009\/09\/Norddeich_09_02_06.jpg?fit=600%2C800&#038;ssl=1\" src=\"https:\/\/i0.wp.com\/www.karlstetter.net\/jkblog\/wp-content\/uploads\/2009\/09\/Norddeich_09_02_06.jpg?w=162&#038;h=162&#038;crop=1&#038;ssl=1\" srcset=\"https:\/\/i0.wp.com\/www.karlstetter.net\/jkblog\/wp-content\/uploads\/2009\/09\/Norddeich_09_02_06.jpg?resize=160%2C160&amp;ssl=1 160w, https:\/\/i0.wp.com\/www.karlstetter.net\/jkblog\/wp-content\/uploads\/2009\/09\/Norddeich_09_02_06.jpg?resize=320%2C320&amp;ssl=1 320w, https:\/\/i0.wp.com\/www.karlstetter.net\/jkblog\/wp-content\/uploads\/2009\/09\/Norddeich_09_02_06.jpg?zoom=3&amp;resize=162%2C162&amp;ssl=1 486w\" width=\"162\" height=\"162\" loading=\"lazy\" data-original-width=\"162\" data-original-height=\"162\" itemprop=\"http:\/\/schema.org\/image\" title=\"Norddeich_09_02_06\" alt=\"Der Wattwurm hat noch gut lachen\" style=\"width: 162px; height: 162px;\" \/> <\/a> <div class=\"tiled-gallery-caption\" itemprop=\"caption description\"> Der Wattwurm hat noch gut lachen <\/div> <\/div> <\/div> <\/div> <div class=\"gallery-row\" style=\"width: 500px; height: 166px;\" data-original-width=\"500\" data-original-height=\"166\" > <div class=\"gallery-group\" style=\"width: 166px; height: 166px;\" data-original-width=\"166\" data-original-height=\"166\" > <div class=\"tiled-gallery-item \" itemprop=\"associatedMedia\" itemscope itemtype=\"http:\/\/schema.org\/ImageObject\"> <a href=\"https:\/\/www.karlstetter.net\/jkblog\/2009\/09\/24\/nordisch-by-nature\/norddeich_09_02_07\/\" border=\"0\" itemprop=\"url\"> <meta itemprop=\"width\" content=\"162\"> <meta itemprop=\"height\" content=\"162\"> <img decoding=\"async\" class=\"\" data-attachment-id=\"2293\" data-orig-file=\"https:\/\/www.karlstetter.net\/jkblog\/wp-content\/uploads\/2009\/09\/Norddeich_09_02_07.jpg\" data-orig-size=\"800,600\" data-comments-opened=\"1\" data-image-meta=\"{&quot;aperture&quot;:&quot;5&quot;,&quot;credit&quot;:&quot;&quot;,&quot;camera&quot;:&quot;DSC-H5&quot;,&quot;caption&quot;:&quot;&quot;,&quot;created_timestamp&quot;:&quot;1253626667&quot;,&quot;copyright&quot;:&quot;&quot;,&quot;focal_length&quot;:&quot;21.8&quot;,&quot;iso&quot;:&quot;125&quot;,&quot;shutter_speed&quot;:&quot;0.001&quot;,&quot;title&quot;:&quot;&quot;,&quot;orientation&quot;:&quot;1&quot;}\" data-image-title=\"Norddeich_09_02_07\" data-image-description=\"\" data-medium-file=\"https:\/\/i0.wp.com\/www.karlstetter.net\/jkblog\/wp-content\/uploads\/2009\/09\/Norddeich_09_02_07.jpg?fit=400%2C300&#038;ssl=1\" data-large-file=\"https:\/\/i0.wp.com\/www.karlstetter.net\/jkblog\/wp-content\/uploads\/2009\/09\/Norddeich_09_02_07.jpg?fit=800%2C600&#038;ssl=1\" src=\"https:\/\/i0.wp.com\/www.karlstetter.net\/jkblog\/wp-content\/uploads\/2009\/09\/Norddeich_09_02_07.jpg?w=162&#038;h=162&#038;crop=1&#038;ssl=1\" srcset=\"https:\/\/i0.wp.com\/www.karlstetter.net\/jkblog\/wp-content\/uploads\/2009\/09\/Norddeich_09_02_07.jpg?resize=160%2C160&amp;ssl=1 160w, https:\/\/i0.wp.com\/www.karlstetter.net\/jkblog\/wp-content\/uploads\/2009\/09\/Norddeich_09_02_07.jpg?resize=320%2C320&amp;ssl=1 320w, https:\/\/i0.wp.com\/www.karlstetter.net\/jkblog\/wp-content\/uploads\/2009\/09\/Norddeich_09_02_07.jpg?zoom=3&amp;resize=162%2C162&amp;ssl=1 486w\" width=\"162\" height=\"162\" loading=\"lazy\" data-original-width=\"162\" data-original-height=\"162\" itemprop=\"http:\/\/schema.org\/image\" title=\"Norddeich_09_02_07\" alt=\"Gleich kommt der Strohballen ins Bild\" style=\"width: 162px; height: 162px;\" \/> <\/a> <div class=\"tiled-gallery-caption\" itemprop=\"caption description\"> Gleich kommt der Strohballen ins Bild <\/div> <\/div> <\/div> <div class=\"gallery-group\" style=\"width: 166px; height: 166px;\" data-original-width=\"166\" data-original-height=\"166\" > <div class=\"tiled-gallery-item \" itemprop=\"associatedMedia\" itemscope itemtype=\"http:\/\/schema.org\/ImageObject\"> <a href=\"https:\/\/www.karlstetter.net\/jkblog\/2009\/09\/24\/nordisch-by-nature\/norddeich_09_02_08\/\" border=\"0\" itemprop=\"url\"> <meta itemprop=\"width\" content=\"162\"> <meta itemprop=\"height\" content=\"162\"> <img decoding=\"async\" class=\"\" data-attachment-id=\"2294\" data-orig-file=\"https:\/\/www.karlstetter.net\/jkblog\/wp-content\/uploads\/2009\/09\/Norddeich_09_02_08.jpg\" data-orig-size=\"600,800\" data-comments-opened=\"1\" data-image-meta=\"{&quot;aperture&quot;:&quot;9&quot;,&quot;credit&quot;:&quot;&quot;,&quot;camera&quot;:&quot;DMC-FX50&quot;,&quot;caption&quot;:&quot;&quot;,&quot;created_timestamp&quot;:&quot;1253628554&quot;,&quot;copyright&quot;:&quot;&quot;,&quot;focal_length&quot;:&quot;6.4&quot;,&quot;iso&quot;:&quot;100&quot;,&quot;shutter_speed&quot;:&quot;0.0015625&quot;,&quot;title&quot;:&quot;&quot;,&quot;orientation&quot;:&quot;1&quot;}\" data-image-title=\"Norddeich_09_02_08\" data-image-description=\"\" data-medium-file=\"https:\/\/i0.wp.com\/www.karlstetter.net\/jkblog\/wp-content\/uploads\/2009\/09\/Norddeich_09_02_08.jpg?fit=300%2C400&#038;ssl=1\" data-large-file=\"https:\/\/i0.wp.com\/www.karlstetter.net\/jkblog\/wp-content\/uploads\/2009\/09\/Norddeich_09_02_08.jpg?fit=600%2C800&#038;ssl=1\" src=\"https:\/\/i0.wp.com\/www.karlstetter.net\/jkblog\/wp-content\/uploads\/2009\/09\/Norddeich_09_02_08.jpg?w=162&#038;h=162&#038;crop=1&#038;ssl=1\" srcset=\"https:\/\/i0.wp.com\/www.karlstetter.net\/jkblog\/wp-content\/uploads\/2009\/09\/Norddeich_09_02_08.jpg?resize=160%2C160&amp;ssl=1 160w, https:\/\/i0.wp.com\/www.karlstetter.net\/jkblog\/wp-content\/uploads\/2009\/09\/Norddeich_09_02_08.jpg?resize=320%2C320&amp;ssl=1 320w, https:\/\/i0.wp.com\/www.karlstetter.net\/jkblog\/wp-content\/uploads\/2009\/09\/Norddeich_09_02_08.jpg?zoom=3&amp;resize=162%2C162&amp;ssl=1 486w\" width=\"162\" height=\"162\" loading=\"lazy\" data-original-width=\"162\" data-original-height=\"162\" itemprop=\"http:\/\/schema.org\/image\" title=\"Norddeich_09_02_08\" alt=\"Nena stand auf der R\u00fcckseite\" style=\"width: 162px; height: 162px;\" \/> <\/a> <div class=\"tiled-gallery-caption\" itemprop=\"caption description\"> Nena stand auf der R\u00fcckseite <\/div> <\/div> <\/div> <div class=\"gallery-group\" style=\"width: 166px; height: 166px;\" data-original-width=\"166\" data-original-height=\"166\" > <div class=\"tiled-gallery-item \" itemprop=\"associatedMedia\" itemscope itemtype=\"http:\/\/schema.org\/ImageObject\"> <a href=\"https:\/\/www.karlstetter.net\/jkblog\/2009\/09\/24\/nordisch-by-nature\/norddeich_09_02_09\/\" border=\"0\" itemprop=\"url\"> <meta itemprop=\"width\" content=\"162\"> <meta itemprop=\"height\" content=\"162\"> <img decoding=\"async\" class=\"\" data-attachment-id=\"2295\" data-orig-file=\"https:\/\/www.karlstetter.net\/jkblog\/wp-content\/uploads\/2009\/09\/Norddeich_09_02_09.jpg\" data-orig-size=\"800,600\" data-comments-opened=\"1\" data-image-meta=\"{&quot;aperture&quot;:&quot;5&quot;,&quot;credit&quot;:&quot;&quot;,&quot;camera&quot;:&quot;DSC-H5&quot;,&quot;caption&quot;:&quot;&quot;,&quot;created_timestamp&quot;:&quot;1253632866&quot;,&quot;copyright&quot;:&quot;&quot;,&quot;focal_length&quot;:&quot;50.7&quot;,&quot;iso&quot;:&quot;125&quot;,&quot;shutter_speed&quot;:&quot;0.001&quot;,&quot;title&quot;:&quot;&quot;,&quot;orientation&quot;:&quot;1&quot;}\" data-image-title=\"Norddeich_09_02_09\" data-image-description=\"\" data-medium-file=\"https:\/\/i0.wp.com\/www.karlstetter.net\/jkblog\/wp-content\/uploads\/2009\/09\/Norddeich_09_02_09.jpg?fit=400%2C300&#038;ssl=1\" data-large-file=\"https:\/\/i0.wp.com\/www.karlstetter.net\/jkblog\/wp-content\/uploads\/2009\/09\/Norddeich_09_02_09.jpg?fit=800%2C600&#038;ssl=1\" src=\"https:\/\/i0.wp.com\/www.karlstetter.net\/jkblog\/wp-content\/uploads\/2009\/09\/Norddeich_09_02_09.jpg?w=162&#038;h=162&#038;crop=1&#038;ssl=1\" srcset=\"https:\/\/i0.wp.com\/www.karlstetter.net\/jkblog\/wp-content\/uploads\/2009\/09\/Norddeich_09_02_09.jpg?resize=160%2C160&amp;ssl=1 160w, https:\/\/i0.wp.com\/www.karlstetter.net\/jkblog\/wp-content\/uploads\/2009\/09\/Norddeich_09_02_09.jpg?resize=320%2C320&amp;ssl=1 320w, https:\/\/i0.wp.com\/www.karlstetter.net\/jkblog\/wp-content\/uploads\/2009\/09\/Norddeich_09_02_09.jpg?zoom=3&amp;resize=162%2C162&amp;ssl=1 486w\" width=\"162\" height=\"162\" loading=\"lazy\" data-original-width=\"162\" data-original-height=\"162\" itemprop=\"http:\/\/schema.org\/image\" title=\"Norddeich_09_02_09\" alt=\"Deine Spuren im Sand...\" style=\"width: 162px; height: 162px;\" \/> <\/a> <div class=\"tiled-gallery-caption\" itemprop=\"caption description\"> Deine Spuren im Sand&#8230; <\/div> <\/div> <\/div> <\/div> <div class=\"gallery-row\" style=\"width: 500px; height: 166px;\" data-original-width=\"500\" data-original-height=\"166\" > <div class=\"gallery-group\" style=\"width: 166px; height: 166px;\" data-original-width=\"166\" data-original-height=\"166\" > <div class=\"tiled-gallery-item \" itemprop=\"associatedMedia\" itemscope itemtype=\"http:\/\/schema.org\/ImageObject\"> <a href=\"https:\/\/www.karlstetter.net\/jkblog\/2009\/09\/24\/nordisch-by-nature\/norddeich_09_02_10\/\" border=\"0\" itemprop=\"url\"> <meta itemprop=\"width\" content=\"162\"> <meta itemprop=\"height\" content=\"162\"> <img decoding=\"async\" class=\"\" data-attachment-id=\"2296\" data-orig-file=\"https:\/\/www.karlstetter.net\/jkblog\/wp-content\/uploads\/2009\/09\/Norddeich_09_02_10.jpg\" data-orig-size=\"800,600\" data-comments-opened=\"1\" data-image-meta=\"{&quot;aperture&quot;:&quot;8&quot;,&quot;credit&quot;:&quot;&quot;,&quot;camera&quot;:&quot;DMC-FX50&quot;,&quot;caption&quot;:&quot;&quot;,&quot;created_timestamp&quot;:&quot;1253632928&quot;,&quot;copyright&quot;:&quot;&quot;,&quot;focal_length&quot;:&quot;4.6&quot;,&quot;iso&quot;:&quot;100&quot;,&quot;shutter_speed&quot;:&quot;0.003125&quot;,&quot;title&quot;:&quot;&quot;,&quot;orientation&quot;:&quot;1&quot;}\" data-image-title=\"Norddeich_09_02_10\" data-image-description=\"\" data-medium-file=\"https:\/\/i0.wp.com\/www.karlstetter.net\/jkblog\/wp-content\/uploads\/2009\/09\/Norddeich_09_02_10.jpg?fit=400%2C300&#038;ssl=1\" data-large-file=\"https:\/\/i0.wp.com\/www.karlstetter.net\/jkblog\/wp-content\/uploads\/2009\/09\/Norddeich_09_02_10.jpg?fit=800%2C600&#038;ssl=1\" src=\"https:\/\/i0.wp.com\/www.karlstetter.net\/jkblog\/wp-content\/uploads\/2009\/09\/Norddeich_09_02_10.jpg?w=162&#038;h=162&#038;crop=1&#038;ssl=1\" srcset=\"https:\/\/i0.wp.com\/www.karlstetter.net\/jkblog\/wp-content\/uploads\/2009\/09\/Norddeich_09_02_10.jpg?resize=160%2C160&amp;ssl=1 160w, https:\/\/i0.wp.com\/www.karlstetter.net\/jkblog\/wp-content\/uploads\/2009\/09\/Norddeich_09_02_10.jpg?resize=320%2C320&amp;ssl=1 320w, https:\/\/i0.wp.com\/www.karlstetter.net\/jkblog\/wp-content\/uploads\/2009\/09\/Norddeich_09_02_10.jpg?zoom=3&amp;resize=162%2C162&amp;ssl=1 486w\" width=\"162\" height=\"162\" loading=\"lazy\" data-original-width=\"162\" data-original-height=\"162\" itemprop=\"http:\/\/schema.org\/image\" title=\"Norddeich_09_02_10\" alt=\"Kachelmann k\u00f6nnt&#039;s nicht besser\" style=\"width: 162px; height: 162px;\" \/> <\/a> <div class=\"tiled-gallery-caption\" itemprop=\"caption description\"> Kachelmann k\u00f6nnt&#8217;s nicht besser <\/div> <\/div> <\/div> <div class=\"gallery-group\" style=\"width: 166px; height: 166px;\" data-original-width=\"166\" data-original-height=\"166\" > <div class=\"tiled-gallery-item \" itemprop=\"associatedMedia\" itemscope itemtype=\"http:\/\/schema.org\/ImageObject\"> <a href=\"https:\/\/www.karlstetter.net\/jkblog\/2009\/09\/24\/nordisch-by-nature\/norddeich_09_02_11\/\" border=\"0\" itemprop=\"url\"> <meta itemprop=\"width\" content=\"162\"> <meta itemprop=\"height\" content=\"162\"> <img decoding=\"async\" class=\"\" data-attachment-id=\"2297\" data-orig-file=\"https:\/\/www.karlstetter.net\/jkblog\/wp-content\/uploads\/2009\/09\/Norddeich_09_02_11.jpg\" data-orig-size=\"800,600\" data-comments-opened=\"1\" data-image-meta=\"{&quot;aperture&quot;:&quot;5.6&quot;,&quot;credit&quot;:&quot;&quot;,&quot;camera&quot;:&quot;DSC-H5&quot;,&quot;caption&quot;:&quot;&quot;,&quot;created_timestamp&quot;:&quot;1253634159&quot;,&quot;copyright&quot;:&quot;&quot;,&quot;focal_length&quot;:&quot;6&quot;,&quot;iso&quot;:&quot;125&quot;,&quot;shutter_speed&quot;:&quot;0.001&quot;,&quot;title&quot;:&quot;&quot;,&quot;orientation&quot;:&quot;1&quot;}\" data-image-title=\"Norddeich_09_02_11\" data-image-description=\"\" data-medium-file=\"https:\/\/i0.wp.com\/www.karlstetter.net\/jkblog\/wp-content\/uploads\/2009\/09\/Norddeich_09_02_11.jpg?fit=400%2C300&#038;ssl=1\" data-large-file=\"https:\/\/i0.wp.com\/www.karlstetter.net\/jkblog\/wp-content\/uploads\/2009\/09\/Norddeich_09_02_11.jpg?fit=800%2C600&#038;ssl=1\" src=\"https:\/\/i0.wp.com\/www.karlstetter.net\/jkblog\/wp-content\/uploads\/2009\/09\/Norddeich_09_02_11.jpg?w=162&#038;h=162&#038;crop=1&#038;ssl=1\" srcset=\"https:\/\/i0.wp.com\/www.karlstetter.net\/jkblog\/wp-content\/uploads\/2009\/09\/Norddeich_09_02_11.jpg?resize=160%2C160&amp;ssl=1 160w, https:\/\/i0.wp.com\/www.karlstetter.net\/jkblog\/wp-content\/uploads\/2009\/09\/Norddeich_09_02_11.jpg?resize=320%2C320&amp;ssl=1 320w, https:\/\/i0.wp.com\/www.karlstetter.net\/jkblog\/wp-content\/uploads\/2009\/09\/Norddeich_09_02_11.jpg?zoom=3&amp;resize=162%2C162&amp;ssl=1 486w\" width=\"162\" height=\"162\" loading=\"lazy\" data-original-width=\"162\" data-original-height=\"162\" itemprop=\"http:\/\/schema.org\/image\" title=\"Norddeich_09_02_11\" alt=\"Das Jever-Girl bei der Arbeit\" style=\"width: 162px; height: 162px;\" \/> <\/a> <div class=\"tiled-gallery-caption\" itemprop=\"caption description\"> Das Jever-Girl bei der Arbeit <\/div> <\/div> <\/div> <div class=\"gallery-group\" style=\"width: 166px; height: 166px;\" data-original-width=\"166\" data-original-height=\"166\" > <div class=\"tiled-gallery-item \" itemprop=\"associatedMedia\" itemscope itemtype=\"http:\/\/schema.org\/ImageObject\"> <a href=\"https:\/\/www.karlstetter.net\/jkblog\/2009\/09\/24\/nordisch-by-nature\/norddeich_09_02_12\/\" border=\"0\" itemprop=\"url\"> <meta itemprop=\"width\" content=\"162\"> <meta itemprop=\"height\" content=\"162\"> <img decoding=\"async\" class=\"\" data-attachment-id=\"2298\" data-orig-file=\"https:\/\/www.karlstetter.net\/jkblog\/wp-content\/uploads\/2009\/09\/Norddeich_09_02_12.jpg\" data-orig-size=\"800,600\" data-comments-opened=\"1\" data-image-meta=\"{&quot;aperture&quot;:&quot;3.8&quot;,&quot;credit&quot;:&quot;&quot;,&quot;camera&quot;:&quot;DMC-FX50&quot;,&quot;caption&quot;:&quot;&quot;,&quot;created_timestamp&quot;:&quot;1253716870&quot;,&quot;copyright&quot;:&quot;&quot;,&quot;focal_length&quot;:&quot;8.8&quot;,&quot;iso&quot;:&quot;100&quot;,&quot;shutter_speed&quot;:&quot;0.0333333333333&quot;,&quot;title&quot;:&quot;&quot;,&quot;orientation&quot;:&quot;1&quot;}\" data-image-title=\"Norddeich_09_02_12\" data-image-description=\"\" data-medium-file=\"https:\/\/i0.wp.com\/www.karlstetter.net\/jkblog\/wp-content\/uploads\/2009\/09\/Norddeich_09_02_12.jpg?fit=400%2C300&#038;ssl=1\" data-large-file=\"https:\/\/i0.wp.com\/www.karlstetter.net\/jkblog\/wp-content\/uploads\/2009\/09\/Norddeich_09_02_12.jpg?fit=800%2C600&#038;ssl=1\" src=\"https:\/\/i0.wp.com\/www.karlstetter.net\/jkblog\/wp-content\/uploads\/2009\/09\/Norddeich_09_02_12.jpg?w=162&#038;h=162&#038;crop=1&#038;ssl=1\" srcset=\"https:\/\/i0.wp.com\/www.karlstetter.net\/jkblog\/wp-content\/uploads\/2009\/09\/Norddeich_09_02_12.jpg?resize=160%2C160&amp;ssl=1 160w, https:\/\/i0.wp.com\/www.karlstetter.net\/jkblog\/wp-content\/uploads\/2009\/09\/Norddeich_09_02_12.jpg?resize=320%2C320&amp;ssl=1 320w, https:\/\/i0.wp.com\/www.karlstetter.net\/jkblog\/wp-content\/uploads\/2009\/09\/Norddeich_09_02_12.jpg?zoom=3&amp;resize=162%2C162&amp;ssl=1 486w\" width=\"162\" height=\"162\" loading=\"lazy\" data-original-width=\"162\" data-original-height=\"162\" itemprop=\"http:\/\/schema.org\/image\" title=\"Norddeich_09_02_12\" alt=\"Jeder Mitch muss klein anfangen\" style=\"width: 162px; height: 162px;\" \/> <\/a> <div class=\"tiled-gallery-caption\" itemprop=\"caption description\"> Jeder Mitch muss klein anfangen <\/div> <\/div> <\/div> <\/div> <div class=\"gallery-row\" style=\"width: 500px; height: 166px;\" data-original-width=\"500\" data-original-height=\"166\" > <div class=\"gallery-group\" style=\"width: 166px; height: 166px;\" data-original-width=\"166\" data-original-height=\"166\" > <div class=\"tiled-gallery-item \" itemprop=\"associatedMedia\" itemscope itemtype=\"http:\/\/schema.org\/ImageObject\"> <a href=\"https:\/\/www.karlstetter.net\/jkblog\/2009\/09\/24\/nordisch-by-nature\/norddeich_09_02_13\/\" border=\"0\" itemprop=\"url\"> <meta itemprop=\"width\" content=\"162\"> <meta itemprop=\"height\" content=\"162\"> <img decoding=\"async\" class=\"\" data-attachment-id=\"2299\" data-orig-file=\"https:\/\/www.karlstetter.net\/jkblog\/wp-content\/uploads\/2009\/09\/Norddeich_09_02_13.jpg\" data-orig-size=\"600,800\" data-comments-opened=\"1\" data-image-meta=\"{&quot;aperture&quot;:&quot;3.6&quot;,&quot;credit&quot;:&quot;&quot;,&quot;camera&quot;:&quot;DMC-FX50&quot;,&quot;caption&quot;:&quot;&quot;,&quot;created_timestamp&quot;:&quot;1253720226&quot;,&quot;copyright&quot;:&quot;&quot;,&quot;focal_length&quot;:&quot;8.1&quot;,&quot;iso&quot;:&quot;100&quot;,&quot;shutter_speed&quot;:&quot;0.0333333333333&quot;,&quot;title&quot;:&quot;&quot;,&quot;orientation&quot;:&quot;1&quot;}\" data-image-title=\"Norddeich_09_02_13\" data-image-description=\"\" data-medium-file=\"https:\/\/i0.wp.com\/www.karlstetter.net\/jkblog\/wp-content\/uploads\/2009\/09\/Norddeich_09_02_13.jpg?fit=300%2C400&#038;ssl=1\" data-large-file=\"https:\/\/i0.wp.com\/www.karlstetter.net\/jkblog\/wp-content\/uploads\/2009\/09\/Norddeich_09_02_13.jpg?fit=600%2C800&#038;ssl=1\" src=\"https:\/\/i0.wp.com\/www.karlstetter.net\/jkblog\/wp-content\/uploads\/2009\/09\/Norddeich_09_02_13.jpg?w=162&#038;h=162&#038;crop=1&#038;ssl=1\" srcset=\"https:\/\/i0.wp.com\/www.karlstetter.net\/jkblog\/wp-content\/uploads\/2009\/09\/Norddeich_09_02_13.jpg?resize=160%2C160&amp;ssl=1 160w, https:\/\/i0.wp.com\/www.karlstetter.net\/jkblog\/wp-content\/uploads\/2009\/09\/Norddeich_09_02_13.jpg?resize=320%2C320&amp;ssl=1 320w, https:\/\/i0.wp.com\/www.karlstetter.net\/jkblog\/wp-content\/uploads\/2009\/09\/Norddeich_09_02_13.jpg?zoom=3&amp;resize=162%2C162&amp;ssl=1 486w\" width=\"162\" height=\"162\" loading=\"lazy\" data-original-width=\"162\" data-original-height=\"162\" itemprop=\"http:\/\/schema.org\/image\" title=\"Norddeich_09_02_13\" alt=\"Rettungsschwimmer-Feierabend\" style=\"width: 162px; height: 162px;\" \/> <\/a> <div class=\"tiled-gallery-caption\" itemprop=\"caption description\"> Rettungsschwimmer-Feierabend <\/div> <\/div> <\/div> <div class=\"gallery-group\" style=\"width: 166px; height: 166px;\" data-original-width=\"166\" data-original-height=\"166\" > <div class=\"tiled-gallery-item \" itemprop=\"associatedMedia\" itemscope itemtype=\"http:\/\/schema.org\/ImageObject\"> <a href=\"https:\/\/www.karlstetter.net\/jkblog\/2009\/09\/24\/nordisch-by-nature\/norddeich_09_02_14\/\" border=\"0\" itemprop=\"url\"> <meta itemprop=\"width\" content=\"162\"> <meta itemprop=\"height\" content=\"162\"> <img decoding=\"async\" class=\"\" data-attachment-id=\"2300\" data-orig-file=\"https:\/\/www.karlstetter.net\/jkblog\/wp-content\/uploads\/2009\/09\/Norddeich_09_02_14.jpg\" data-orig-size=\"800,600\" data-comments-opened=\"1\" data-image-meta=\"{&quot;aperture&quot;:&quot;5.6&quot;,&quot;credit&quot;:&quot;&quot;,&quot;camera&quot;:&quot;DMC-FX50&quot;,&quot;caption&quot;:&quot;&quot;,&quot;created_timestamp&quot;:&quot;1253720247&quot;,&quot;copyright&quot;:&quot;&quot;,&quot;focal_length&quot;:&quot;16.8&quot;,&quot;iso&quot;:&quot;100&quot;,&quot;shutter_speed&quot;:&quot;0.0333333333333&quot;,&quot;title&quot;:&quot;&quot;,&quot;orientation&quot;:&quot;1&quot;}\" data-image-title=\"Norddeich_09_02_14\" data-image-description=\"\" data-medium-file=\"https:\/\/i0.wp.com\/www.karlstetter.net\/jkblog\/wp-content\/uploads\/2009\/09\/Norddeich_09_02_14.jpg?fit=400%2C300&#038;ssl=1\" data-large-file=\"https:\/\/i0.wp.com\/www.karlstetter.net\/jkblog\/wp-content\/uploads\/2009\/09\/Norddeich_09_02_14.jpg?fit=800%2C600&#038;ssl=1\" src=\"https:\/\/i0.wp.com\/www.karlstetter.net\/jkblog\/wp-content\/uploads\/2009\/09\/Norddeich_09_02_14.jpg?w=162&#038;h=162&#038;crop=1&#038;ssl=1\" srcset=\"https:\/\/i0.wp.com\/www.karlstetter.net\/jkblog\/wp-content\/uploads\/2009\/09\/Norddeich_09_02_14.jpg?resize=160%2C160&amp;ssl=1 160w, https:\/\/i0.wp.com\/www.karlstetter.net\/jkblog\/wp-content\/uploads\/2009\/09\/Norddeich_09_02_14.jpg?resize=320%2C320&amp;ssl=1 320w, https:\/\/i0.wp.com\/www.karlstetter.net\/jkblog\/wp-content\/uploads\/2009\/09\/Norddeich_09_02_14.jpg?zoom=3&amp;resize=162%2C162&amp;ssl=1 486w\" width=\"162\" height=\"162\" loading=\"lazy\" data-original-width=\"162\" data-original-height=\"162\" itemprop=\"http:\/\/schema.org\/image\" title=\"Norddeich_09_02_14\" alt=\"Bewerbung f\u00fcr Rotb\u00e4ckchen und Pomps\" style=\"width: 162px; height: 162px;\" \/> <\/a> <div class=\"tiled-gallery-caption\" itemprop=\"caption description\"> Bewerbung f\u00fcr Rotb\u00e4ckchen und Pomps <\/div> <\/div> <\/div> <div class=\"gallery-group\" style=\"width: 166px; height: 166px;\" data-original-width=\"166\" data-original-height=\"166\" > <div class=\"tiled-gallery-item \" itemprop=\"associatedMedia\" itemscope itemtype=\"http:\/\/schema.org\/ImageObject\"> <a href=\"https:\/\/www.karlstetter.net\/jkblog\/2009\/09\/24\/nordisch-by-nature\/norddeich_09_02_15\/\" border=\"0\" itemprop=\"url\"> <meta itemprop=\"width\" content=\"162\"> <meta itemprop=\"height\" content=\"162\"> <img decoding=\"async\" class=\"\" data-attachment-id=\"2301\" data-orig-file=\"https:\/\/www.karlstetter.net\/jkblog\/wp-content\/uploads\/2009\/09\/norddeich_09_02_15.jpg\" data-orig-size=\"800,600\" data-comments-opened=\"1\" data-image-meta=\"{&quot;aperture&quot;:&quot;4&quot;,&quot;credit&quot;:&quot;&quot;,&quot;camera&quot;:&quot;DSC-H5&quot;,&quot;caption&quot;:&quot;&quot;,&quot;created_timestamp&quot;:&quot;1253804645&quot;,&quot;copyright&quot;:&quot;&quot;,&quot;focal_length&quot;:&quot;43.4&quot;,&quot;iso&quot;:&quot;125&quot;,&quot;shutter_speed&quot;:&quot;0.0015625&quot;,&quot;title&quot;:&quot;&quot;,&quot;orientation&quot;:&quot;1&quot;}\" data-image-title=\"norddeich_09_02_15\" data-image-description=\"\" data-medium-file=\"https:\/\/i0.wp.com\/www.karlstetter.net\/jkblog\/wp-content\/uploads\/2009\/09\/norddeich_09_02_15.jpg?fit=400%2C300&#038;ssl=1\" data-large-file=\"https:\/\/i0.wp.com\/www.karlstetter.net\/jkblog\/wp-content\/uploads\/2009\/09\/norddeich_09_02_15.jpg?fit=800%2C600&#038;ssl=1\" src=\"https:\/\/i0.wp.com\/www.karlstetter.net\/jkblog\/wp-content\/uploads\/2009\/09\/norddeich_09_02_15.jpg?w=162&#038;h=162&#038;crop=1&#038;ssl=1\" srcset=\"https:\/\/i0.wp.com\/www.karlstetter.net\/jkblog\/wp-content\/uploads\/2009\/09\/norddeich_09_02_15.jpg?resize=160%2C160&amp;ssl=1 160w, https:\/\/i0.wp.com\/www.karlstetter.net\/jkblog\/wp-content\/uploads\/2009\/09\/norddeich_09_02_15.jpg?resize=320%2C320&amp;ssl=1 320w, https:\/\/i0.wp.com\/www.karlstetter.net\/jkblog\/wp-content\/uploads\/2009\/09\/norddeich_09_02_15.jpg?zoom=3&amp;resize=162%2C162&amp;ssl=1 486w\" width=\"162\" height=\"162\" loading=\"lazy\" data-original-width=\"162\" data-original-height=\"162\" itemprop=\"http:\/\/schema.org\/image\" title=\"norddeich_09_02_15\" alt=\"Neuzugang bei Bayern M\u00fcnchen\" style=\"width: 162px; height: 162px;\" \/> <\/a> <div class=\"tiled-gallery-caption\" itemprop=\"caption description\"> Neuzugang bei Bayern M\u00fcnchen <\/div> <\/div> <\/div> <\/div> <\/div>\n<p>&nbsp;<\/p>\n<p>Wie man sehen kann, haben wir wirklich viel Spa\u00df. \ud83d\ude42<\/p>\n<p>Liebe Gr\u00fc\u00dfe und &#8222;Moin&#8220;<br \/>\nDie 3 Seeb\u00e4ren<\/p>\n<p>PS: Bis jetzt haben wir es geschafft t\u00e4glich ein Fischbr\u00f6tchen beim &#8222;Krabbenkutter&#8220; zu essen. Nat\u00fcrlich immer mit anderem Belag. Morgen ist glaube ich Fischfrikadelle dran. \ud83d\ude09<\/p>\n<div class=\"shariff\"><ul class=\"shariff-buttons theme-default orientation-horizontal buttonsize-medium\"><li class=\"shariff-button facebook shariff-nocustomcolor\" style=\"background-color:#4273c8\"><a href=\"https:\/\/www.facebook.com\/sharer\/sharer.php?u=https%3A%2F%2Fwww.karlstetter.net%2Fjkblog%2F2009%2F09%2F24%2Fnordisch-by-nature%2F\" title=\"Bei Facebook teilen\" aria-label=\"Bei Facebook teilen\" role=\"button\" rel=\"nofollow\" class=\"shariff-link\" style=\"; background-color:#3b5998; color:#fff\" target=\"_blank\"><span class=\"shariff-icon\" style=\"\"><svg width=\"32px\" height=\"20px\" xmlns=\"http:\/\/www.w3.org\/2000\/svg\" viewBox=\"0 0 18 32\"><path fill=\"#3b5998\" d=\"M17.1 0.2v4.7h-2.8q-1.5 0-2.1 0.6t-0.5 1.9v3.4h5.2l-0.7 5.3h-4.5v13.6h-5.5v-13.6h-4.5v-5.3h4.5v-3.9q0-3.3 1.9-5.2t5-1.8q2.6 0 4.1 0.2z\"\/><\/svg><\/span><span class=\"shariff-text\">teilen<\/span>&nbsp;<\/a><\/li><li class=\"shariff-button twitter shariff-nocustomcolor\" style=\"background-color:#595959\"><a href=\"https:\/\/twitter.com\/share?url=https%3A%2F%2Fwww.karlstetter.net%2Fjkblog%2F2009%2F09%2F24%2Fnordisch-by-nature%2F&text=Nordisch%20by%20Nature&via=monacobazi\" title=\"Bei X teilen\" aria-label=\"Bei X teilen\" role=\"button\" rel=\"noopener nofollow\" class=\"shariff-link\" style=\"; background-color:#000; color:#fff\" target=\"_blank\"><span class=\"shariff-icon\" style=\"\"><svg width=\"32px\" height=\"20px\" xmlns=\"http:\/\/www.w3.org\/2000\/svg\" viewBox=\"0 0 24 24\"><path fill=\"#000\" d=\"M14.258 10.152L23.176 0h-2.113l-7.747 8.813L7.133 0H0l9.352 13.328L0 23.973h2.113l8.176-9.309 6.531 9.309h7.133zm-2.895 3.293l-.949-1.328L2.875 1.56h3.246l6.086 8.523.945 1.328 7.91 11.078h-3.246zm0 0\"\/><\/svg><\/span><span class=\"shariff-text\">teilen<\/span>&nbsp;<\/a><\/li><li class=\"shariff-button whatsapp shariff-nocustomcolor\" style=\"background-color:#5cbe4a\"><a href=\"https:\/\/api.whatsapp.com\/send?text=https%3A%2F%2Fwww.karlstetter.net%2Fjkblog%2F2009%2F09%2F24%2Fnordisch-by-nature%2F%20Nordisch%20by%20Nature\" title=\"Bei Whatsapp teilen\" aria-label=\"Bei Whatsapp teilen\" role=\"button\" rel=\"noopener nofollow\" class=\"shariff-link\" style=\"; background-color:#34af23; color:#fff\" target=\"_blank\"><span class=\"shariff-icon\" style=\"\"><svg width=\"32px\" height=\"20px\" xmlns=\"http:\/\/www.w3.org\/2000\/svg\" viewBox=\"0 0 32 32\"><path fill=\"#34af23\" d=\"M17.6 17.4q0.2 0 1.7 0.8t1.6 0.9q0 0.1 0 0.3 0 0.6-0.3 1.4-0.3 0.7-1.3 1.2t-1.8 0.5q-1 0-3.4-1.1-1.7-0.8-3-2.1t-2.6-3.3q-1.3-1.9-1.3-3.5v-0.1q0.1-1.6 1.3-2.8 0.4-0.4 0.9-0.4 0.1 0 0.3 0t0.3 0q0.3 0 0.5 0.1t0.3 0.5q0.1 0.4 0.6 1.6t0.4 1.3q0 0.4-0.6 1t-0.6 0.8q0 0.1 0.1 0.3 0.6 1.3 1.8 2.4 1 0.9 2.7 1.8 0.2 0.1 0.4 0.1 0.3 0 1-0.9t0.9-0.9zM14 26.9q2.3 0 4.3-0.9t3.6-2.4 2.4-3.6 0.9-4.3-0.9-4.3-2.4-3.6-3.6-2.4-4.3-0.9-4.3 0.9-3.6 2.4-2.4 3.6-0.9 4.3q0 3.6 2.1 6.6l-1.4 4.2 4.3-1.4q2.8 1.9 6.2 1.9zM14 2.2q2.7 0 5.2 1.1t4.3 2.9 2.9 4.3 1.1 5.2-1.1 5.2-2.9 4.3-4.3 2.9-5.2 1.1q-3.5 0-6.5-1.7l-7.4 2.4 2.4-7.2q-1.9-3.2-1.9-6.9 0-2.7 1.1-5.2t2.9-4.3 4.3-2.9 5.2-1.1z\"\/><\/svg><\/span><span class=\"shariff-text\">teilen<\/span>&nbsp;<\/a><\/li><li class=\"shariff-button mailto shariff-nocustomcolor\" style=\"background-color:#a8a8a8\"><a href=\"mailto:?body=https%3A%2F%2Fwww.karlstetter.net%2Fjkblog%2F2009%2F09%2F24%2Fnordisch-by-nature%2F&subject=Nordisch%20by%20Nature\" title=\"Per E-Mail versenden\" aria-label=\"Per E-Mail versenden\" role=\"button\" rel=\"noopener nofollow\" class=\"shariff-link\" style=\"; background-color:#999; color:#fff\"><span class=\"shariff-icon\" style=\"\"><svg width=\"32px\" height=\"20px\" xmlns=\"http:\/\/www.w3.org\/2000\/svg\" viewBox=\"0 0 32 32\"><path fill=\"#999\" d=\"M32 12.7v14.2q0 1.2-0.8 2t-2 0.9h-26.3q-1.2 0-2-0.9t-0.8-2v-14.2q0.8 0.9 1.8 1.6 6.5 4.4 8.9 6.1 1 0.8 1.6 1.2t1.7 0.9 2 0.4h0.1q0.9 0 2-0.4t1.7-0.9 1.6-1.2q3-2.2 8.9-6.1 1-0.7 1.8-1.6zM32 7.4q0 1.4-0.9 2.7t-2.2 2.2q-6.7 4.7-8.4 5.8-0.2 0.1-0.7 0.5t-1 0.7-0.9 0.6-1.1 0.5-0.9 0.2h-0.1q-0.4 0-0.9-0.2t-1.1-0.5-0.9-0.6-1-0.7-0.7-0.5q-1.6-1.1-4.7-3.2t-3.6-2.6q-1.1-0.7-2.1-2t-1-2.5q0-1.4 0.7-2.3t2.1-0.9h26.3q1.2 0 2 0.8t0.9 2z\"\/><\/svg><\/span><span class=\"shariff-text\">E-Mail<\/span>&nbsp;<\/a><\/li><li class=\"shariff-button printer shariff-nocustomcolor\" style=\"background-color:#a8a8a8\"><a href=\"javascript:window.print()\" title=\"drucken\" aria-label=\"drucken\" role=\"button\" rel=\"noopener nofollow\" class=\"shariff-link\" style=\"; background-color:#999; color:#fff\"><span class=\"shariff-icon\" style=\"\"><svg width=\"32px\" height=\"20px\" xmlns=\"http:\/\/www.w3.org\/2000\/svg\" viewBox=\"0 0 30 32\"><path fill=\"#999\" d=\"M6.8 27.4h16v-4.6h-16v4.6zM6.8 16h16v-6.8h-2.8q-0.7 0-1.2-0.5t-0.5-1.2v-2.8h-11.4v11.4zM27.4 17.2q0-0.5-0.3-0.8t-0.8-0.4-0.8 0.4-0.3 0.8 0.3 0.8 0.8 0.3 0.8-0.3 0.3-0.8zM29.7 17.2v7.4q0 0.2-0.2 0.4t-0.4 0.2h-4v2.8q0 0.7-0.5 1.2t-1.2 0.5h-17.2q-0.7 0-1.2-0.5t-0.5-1.2v-2.8h-4q-0.2 0-0.4-0.2t-0.2-0.4v-7.4q0-1.4 1-2.4t2.4-1h1.2v-9.7q0-0.7 0.5-1.2t1.2-0.5h12q0.7 0 1.6 0.4t1.3 0.8l2.7 2.7q0.5 0.5 0.9 1.4t0.4 1.6v4.6h1.1q1.4 0 2.4 1t1 2.4z\"\/><\/svg><\/span><span class=\"shariff-text\">drucken<\/span>&nbsp;<\/a><\/li><li class=\"shariff-button info shariff-nocustomcolor\" style=\"background-color:#eee\"><a href=\"http:\/\/ct.de\/-2467514\" title=\"Weitere Informationen\" aria-label=\"Weitere Informationen\" role=\"button\" rel=\"noopener \" class=\"shariff-link\" style=\"; background-color:#fff; color:#fff\" target=\"_blank\"><span class=\"shariff-icon\" style=\"\"><svg width=\"32px\" height=\"20px\" xmlns=\"http:\/\/www.w3.org\/2000\/svg\" viewBox=\"0 0 11 32\"><path fill=\"#999\" d=\"M11.4 24v2.3q0 0.5-0.3 0.8t-0.8 0.4h-9.1q-0.5 0-0.8-0.4t-0.4-0.8v-2.3q0-0.5 0.4-0.8t0.8-0.4h1.1v-6.8h-1.1q-0.5 0-0.8-0.4t-0.4-0.8v-2.3q0-0.5 0.4-0.8t0.8-0.4h6.8q0.5 0 0.8 0.4t0.4 0.8v10.3h1.1q0.5 0 0.8 0.4t0.3 0.8zM9.2 3.4v3.4q0 0.5-0.4 0.8t-0.8 0.4h-4.6q-0.4 0-0.8-0.4t-0.4-0.8v-3.4q0-0.4 0.4-0.8t0.8-0.4h4.6q0.5 0 0.8 0.4t0.4 0.8z\"\/><\/svg><\/span><\/a><\/li><\/ul><\/div>","protected":false},"excerpt":{"rendered":"<p>Moin, ihr Landratten! F\u00fcr alle Interessierten, hier ein kurzer \u00dcberblick, was die 3 Seeb\u00e4ren die letzten Tage so erlebt haben: Montag machten wir uns zu Fu\u00df auf nach Norden (die Stadt hei\u00dft wirklich so), das eigentlich s\u00fcdlich von uns liegt. Die Entfernung und Gehdauer&#46;&#46;&#46;<\/p>\n","protected":false},"author":2,"featured_media":0,"comment_status":"open","ping_status":"open","sticky":false,"template":"","format":"standard","meta":{"jetpack_post_was_ever_published":false,"_jetpack_newsletter_access":"","_jetpack_dont_email_post_to_subs":false,"_jetpack_newsletter_tier_id":0,"_jetpack_memberships_contains_paywalled_content":false,"_jetpack_memberships_contains_paid_content":false,"footnotes":""},"categories":[6,11],"tags":[103,149,160,247,324,325,413,423,427,600,501,504],"class_list":["post-416","post","type-post","status-publish","format-standard","hentry","category-jk-jr","category-urlaub","tag-deich","tag-familotel","tag-fischbrotchen","tag-jonas","tag-norddeich","tag-norderney","tag-schiff","tag-schwimmen","tag-seehundstation","tag-urlaub","tag-watt","tag-wellness"],"yoast_head":"<!-- This site is optimized with the Yoast SEO plugin v27.5 - https:\/\/yoast.com\/product\/yoast-seo-wordpress\/ -->\n<title>Nordisch by Nature - jk blog<\/title>\n<meta name=\"robots\" content=\"index, follow, max-snippet:-1, max-image-preview:large, max-video-preview:-1\" \/>\n<link rel=\"canonical\" href=\"https:\/\/www.karlstetter.net\/jkblog\/2009\/09\/24\/nordisch-by-nature\/\" \/>\n<meta property=\"og:locale\" content=\"de_DE\" \/>\n<meta property=\"og:type\" content=\"article\" \/>\n<meta property=\"og:title\" content=\"Nordisch by Nature - jk blog\" \/>\n<meta property=\"og:description\" content=\"Moin, ihr Landratten! F\u00fcr alle Interessierten, hier ein kurzer \u00dcberblick, was die 3 Seeb\u00e4ren die letzten Tage so erlebt haben: Montag machten wir uns zu Fu\u00df auf nach Norden (die Stadt hei\u00dft wirklich so), das eigentlich s\u00fcdlich von uns liegt. Die Entfernung und Gehdauer&#046;&#046;&#046;\" \/>\n<meta property=\"og:url\" content=\"https:\/\/www.karlstetter.net\/jkblog\/2009\/09\/24\/nordisch-by-nature\/\" \/>\n<meta property=\"og:site_name\" content=\"jk blog\" \/>\n<meta property=\"article:author\" content=\"https:\/\/de-de.facebook.com\/bayernbazi\" \/>\n<meta property=\"article:published_time\" content=\"2009-09-24T15:44:19+00:00\" \/>\n<meta property=\"article:modified_time\" content=\"2013-03-25T21:39:24+00:00\" \/>\n<meta property=\"og:image\" content=\"https:\/\/i2.wp.com\/www.karlstetter.net\/jkblog\/wp-content\/uploads\/2009\/09\/Norddeich_09_02_01.jpg?w=229&#038;h=229&#038;crop=1&#038;ssl=1\" \/>\n<meta name=\"author\" content=\"JK\" \/>\n<meta name=\"twitter:label1\" content=\"Verfasst von\" \/>\n\t<meta name=\"twitter:data1\" content=\"JK\" \/>\n\t<meta name=\"twitter:label2\" content=\"Gesch\u00e4tzte Lesezeit\" \/>\n\t<meta name=\"twitter:data2\" content=\"4\u00a0Minuten\" \/>\n<script type=\"application\/ld+json\" class=\"yoast-schema-graph\">{\"@context\":\"https:\\\/\\\/schema.org\",\"@graph\":[{\"@type\":\"Article\",\"@id\":\"https:\\\/\\\/www.karlstetter.net\\\/jkblog\\\/2009\\\/09\\\/24\\\/nordisch-by-nature\\\/#article\",\"isPartOf\":{\"@id\":\"https:\\\/\\\/www.karlstetter.net\\\/jkblog\\\/2009\\\/09\\\/24\\\/nordisch-by-nature\\\/\"},\"author\":{\"name\":\"JK\",\"@id\":\"https:\\\/\\\/www.karlstetter.net\\\/jkblog\\\/#\\\/schema\\\/person\\\/2a92019bcb282ecce17aa7ec379f3d29\"},\"headline\":\"Nordisch by Nature\",\"datePublished\":\"2009-09-24T15:44:19+00:00\",\"dateModified\":\"2013-03-25T21:39:24+00:00\",\"mainEntityOfPage\":{\"@id\":\"https:\\\/\\\/www.karlstetter.net\\\/jkblog\\\/2009\\\/09\\\/24\\\/nordisch-by-nature\\\/\"},\"wordCount\":706,\"commentCount\":2,\"publisher\":{\"@id\":\"https:\\\/\\\/www.karlstetter.net\\\/jkblog\\\/#organization\"},\"keywords\":[\"Deich\",\"Familotel\",\"Fischbr\u00f6tchen\",\"Jonas\",\"Norddeich\",\"Norderney\",\"Schiff\",\"Schwimmen\",\"Seehundstation\",\"Urlaub\",\"Watt\",\"Wellness\"],\"articleSection\":[\"JK jr.\",\"Urlaub\"],\"inLanguage\":\"de\",\"potentialAction\":[{\"@type\":\"CommentAction\",\"name\":\"Comment\",\"target\":[\"https:\\\/\\\/www.karlstetter.net\\\/jkblog\\\/2009\\\/09\\\/24\\\/nordisch-by-nature\\\/#respond\"]}]},{\"@type\":\"WebPage\",\"@id\":\"https:\\\/\\\/www.karlstetter.net\\\/jkblog\\\/2009\\\/09\\\/24\\\/nordisch-by-nature\\\/\",\"url\":\"https:\\\/\\\/www.karlstetter.net\\\/jkblog\\\/2009\\\/09\\\/24\\\/nordisch-by-nature\\\/\",\"name\":\"Nordisch by Nature - jk blog\",\"isPartOf\":{\"@id\":\"https:\\\/\\\/www.karlstetter.net\\\/jkblog\\\/#website\"},\"datePublished\":\"2009-09-24T15:44:19+00:00\",\"dateModified\":\"2013-03-25T21:39:24+00:00\",\"breadcrumb\":{\"@id\":\"https:\\\/\\\/www.karlstetter.net\\\/jkblog\\\/2009\\\/09\\\/24\\\/nordisch-by-nature\\\/#breadcrumb\"},\"inLanguage\":\"de\",\"potentialAction\":[{\"@type\":\"ReadAction\",\"target\":[\"https:\\\/\\\/www.karlstetter.net\\\/jkblog\\\/2009\\\/09\\\/24\\\/nordisch-by-nature\\\/\"]}]},{\"@type\":\"BreadcrumbList\",\"@id\":\"https:\\\/\\\/www.karlstetter.net\\\/jkblog\\\/2009\\\/09\\\/24\\\/nordisch-by-nature\\\/#breadcrumb\",\"itemListElement\":[{\"@type\":\"ListItem\",\"position\":1,\"name\":\"Startseite\",\"item\":\"https:\\\/\\\/www.karlstetter.net\\\/jkblog\\\/\"},{\"@type\":\"ListItem\",\"position\":2,\"name\":\"Nordisch by Nature\"}]},{\"@type\":\"WebSite\",\"@id\":\"https:\\\/\\\/www.karlstetter.net\\\/jkblog\\\/#website\",\"url\":\"https:\\\/\\\/www.karlstetter.net\\\/jkblog\\\/\",\"name\":\"jk blog\",\"description\":\"M\u00fcnchner Allerlei seit 2005\",\"publisher\":{\"@id\":\"https:\\\/\\\/www.karlstetter.net\\\/jkblog\\\/#organization\"},\"potentialAction\":[{\"@type\":\"SearchAction\",\"target\":{\"@type\":\"EntryPoint\",\"urlTemplate\":\"https:\\\/\\\/www.karlstetter.net\\\/jkblog\\\/?s={search_term_string}\"},\"query-input\":{\"@type\":\"PropertyValueSpecification\",\"valueRequired\":true,\"valueName\":\"search_term_string\"}}],\"inLanguage\":\"de\"},{\"@type\":\"Organization\",\"@id\":\"https:\\\/\\\/www.karlstetter.net\\\/jkblog\\\/#organization\",\"name\":\"jk blog\",\"url\":\"https:\\\/\\\/www.karlstetter.net\\\/jkblog\\\/\",\"logo\":{\"@type\":\"ImageObject\",\"inLanguage\":\"de\",\"@id\":\"https:\\\/\\\/www.karlstetter.net\\\/jkblog\\\/#\\\/schema\\\/logo\\\/image\\\/\",\"url\":\"https:\\\/\\\/i0.wp.com\\\/www.karlstetter.net\\\/jkblog\\\/wp-content\\\/uploads\\\/2022\\\/08\\\/jkblog_2022_Logo.png?fit=500%2C213&ssl=1\",\"contentUrl\":\"https:\\\/\\\/i0.wp.com\\\/www.karlstetter.net\\\/jkblog\\\/wp-content\\\/uploads\\\/2022\\\/08\\\/jkblog_2022_Logo.png?fit=500%2C213&ssl=1\",\"width\":500,\"height\":213,\"caption\":\"jk blog\"},\"image\":{\"@id\":\"https:\\\/\\\/www.karlstetter.net\\\/jkblog\\\/#\\\/schema\\\/logo\\\/image\\\/\"}},{\"@type\":\"Person\",\"@id\":\"https:\\\/\\\/www.karlstetter.net\\\/jkblog\\\/#\\\/schema\\\/person\\\/2a92019bcb282ecce17aa7ec379f3d29\",\"name\":\"JK\",\"image\":{\"@type\":\"ImageObject\",\"inLanguage\":\"de\",\"@id\":\"https:\\\/\\\/secure.gravatar.com\\\/avatar\\\/61120a9cd0caf6f8ef48873f0e5a0bf445b011424a20c8e2f0565ecc84bc047e?s=96&d=mm&r=x\",\"url\":\"https:\\\/\\\/secure.gravatar.com\\\/avatar\\\/61120a9cd0caf6f8ef48873f0e5a0bf445b011424a20c8e2f0565ecc84bc047e?s=96&d=mm&r=x\",\"contentUrl\":\"https:\\\/\\\/secure.gravatar.com\\\/avatar\\\/61120a9cd0caf6f8ef48873f0e5a0bf445b011424a20c8e2f0565ecc84bc047e?s=96&d=mm&r=x\",\"caption\":\"JK\"},\"sameAs\":[\"https:\\\/\\\/www.jkblog.de\",\"https:\\\/\\\/de-de.facebook.com\\\/bayernbazi\",\"https:\\\/\\\/x.com\\\/monacobazi\"],\"url\":\"https:\\\/\\\/www.karlstetter.net\\\/jkblog\\\/author\\\/jk\\\/\"}]}<\/script>\n<!-- \/ Yoast SEO plugin. -->","yoast_head_json":{"title":"Nordisch by Nature - jk blog","robots":{"index":"index","follow":"follow","max-snippet":"max-snippet:-1","max-image-preview":"max-image-preview:large","max-video-preview":"max-video-preview:-1"},"canonical":"https:\/\/www.karlstetter.net\/jkblog\/2009\/09\/24\/nordisch-by-nature\/","og_locale":"de_DE","og_type":"article","og_title":"Nordisch by Nature - jk blog","og_description":"Moin, ihr Landratten! F\u00fcr alle Interessierten, hier ein kurzer \u00dcberblick, was die 3 Seeb\u00e4ren die letzten Tage so erlebt haben: Montag machten wir uns zu Fu\u00df auf nach Norden (die Stadt hei\u00dft wirklich so), das eigentlich s\u00fcdlich von uns liegt. Die Entfernung und Gehdauer&#46;&#46;&#46;","og_url":"https:\/\/www.karlstetter.net\/jkblog\/2009\/09\/24\/nordisch-by-nature\/","og_site_name":"jk blog","article_author":"https:\/\/de-de.facebook.com\/bayernbazi","article_published_time":"2009-09-24T15:44:19+00:00","article_modified_time":"2013-03-25T21:39:24+00:00","og_image":[{"url":"https:\/\/i2.wp.com\/www.karlstetter.net\/jkblog\/wp-content\/uploads\/2009\/09\/Norddeich_09_02_01.jpg?w=229&#038;h=229&#038;crop=1&#038;ssl=1","type":"","width":"","height":""}],"author":"JK","twitter_misc":{"Verfasst von":"JK","Gesch\u00e4tzte Lesezeit":"4\u00a0Minuten"},"schema":{"@context":"https:\/\/schema.org","@graph":[{"@type":"Article","@id":"https:\/\/www.karlstetter.net\/jkblog\/2009\/09\/24\/nordisch-by-nature\/#article","isPartOf":{"@id":"https:\/\/www.karlstetter.net\/jkblog\/2009\/09\/24\/nordisch-by-nature\/"},"author":{"name":"JK","@id":"https:\/\/www.karlstetter.net\/jkblog\/#\/schema\/person\/2a92019bcb282ecce17aa7ec379f3d29"},"headline":"Nordisch by Nature","datePublished":"2009-09-24T15:44:19+00:00","dateModified":"2013-03-25T21:39:24+00:00","mainEntityOfPage":{"@id":"https:\/\/www.karlstetter.net\/jkblog\/2009\/09\/24\/nordisch-by-nature\/"},"wordCount":706,"commentCount":2,"publisher":{"@id":"https:\/\/www.karlstetter.net\/jkblog\/#organization"},"keywords":["Deich","Familotel","Fischbr\u00f6tchen","Jonas","Norddeich","Norderney","Schiff","Schwimmen","Seehundstation","Urlaub","Watt","Wellness"],"articleSection":["JK jr.","Urlaub"],"inLanguage":"de","potentialAction":[{"@type":"CommentAction","name":"Comment","target":["https:\/\/www.karlstetter.net\/jkblog\/2009\/09\/24\/nordisch-by-nature\/#respond"]}]},{"@type":"WebPage","@id":"https:\/\/www.karlstetter.net\/jkblog\/2009\/09\/24\/nordisch-by-nature\/","url":"https:\/\/www.karlstetter.net\/jkblog\/2009\/09\/24\/nordisch-by-nature\/","name":"Nordisch by Nature - jk blog","isPartOf":{"@id":"https:\/\/www.karlstetter.net\/jkblog\/#website"},"datePublished":"2009-09-24T15:44:19+00:00","dateModified":"2013-03-25T21:39:24+00:00","breadcrumb":{"@id":"https:\/\/www.karlstetter.net\/jkblog\/2009\/09\/24\/nordisch-by-nature\/#breadcrumb"},"inLanguage":"de","potentialAction":[{"@type":"ReadAction","target":["https:\/\/www.karlstetter.net\/jkblog\/2009\/09\/24\/nordisch-by-nature\/"]}]},{"@type":"BreadcrumbList","@id":"https:\/\/www.karlstetter.net\/jkblog\/2009\/09\/24\/nordisch-by-nature\/#breadcrumb","itemListElement":[{"@type":"ListItem","position":1,"name":"Startseite","item":"https:\/\/www.karlstetter.net\/jkblog\/"},{"@type":"ListItem","position":2,"name":"Nordisch by Nature"}]},{"@type":"WebSite","@id":"https:\/\/www.karlstetter.net\/jkblog\/#website","url":"https:\/\/www.karlstetter.net\/jkblog\/","name":"jk blog","description":"M\u00fcnchner Allerlei seit 2005","publisher":{"@id":"https:\/\/www.karlstetter.net\/jkblog\/#organization"},"potentialAction":[{"@type":"SearchAction","target":{"@type":"EntryPoint","urlTemplate":"https:\/\/www.karlstetter.net\/jkblog\/?s={search_term_string}"},"query-input":{"@type":"PropertyValueSpecification","valueRequired":true,"valueName":"search_term_string"}}],"inLanguage":"de"},{"@type":"Organization","@id":"https:\/\/www.karlstetter.net\/jkblog\/#organization","name":"jk blog","url":"https:\/\/www.karlstetter.net\/jkblog\/","logo":{"@type":"ImageObject","inLanguage":"de","@id":"https:\/\/www.karlstetter.net\/jkblog\/#\/schema\/logo\/image\/","url":"https:\/\/i0.wp.com\/www.karlstetter.net\/jkblog\/wp-content\/uploads\/2022\/08\/jkblog_2022_Logo.png?fit=500%2C213&ssl=1","contentUrl":"https:\/\/i0.wp.com\/www.karlstetter.net\/jkblog\/wp-content\/uploads\/2022\/08\/jkblog_2022_Logo.png?fit=500%2C213&ssl=1","width":500,"height":213,"caption":"jk blog"},"image":{"@id":"https:\/\/www.karlstetter.net\/jkblog\/#\/schema\/logo\/image\/"}},{"@type":"Person","@id":"https:\/\/www.karlstetter.net\/jkblog\/#\/schema\/person\/2a92019bcb282ecce17aa7ec379f3d29","name":"JK","image":{"@type":"ImageObject","inLanguage":"de","@id":"https:\/\/secure.gravatar.com\/avatar\/61120a9cd0caf6f8ef48873f0e5a0bf445b011424a20c8e2f0565ecc84bc047e?s=96&d=mm&r=x","url":"https:\/\/secure.gravatar.com\/avatar\/61120a9cd0caf6f8ef48873f0e5a0bf445b011424a20c8e2f0565ecc84bc047e?s=96&d=mm&r=x","contentUrl":"https:\/\/secure.gravatar.com\/avatar\/61120a9cd0caf6f8ef48873f0e5a0bf445b011424a20c8e2f0565ecc84bc047e?s=96&d=mm&r=x","caption":"JK"},"sameAs":["https:\/\/www.jkblog.de","https:\/\/de-de.facebook.com\/bayernbazi","https:\/\/x.com\/monacobazi"],"url":"https:\/\/www.karlstetter.net\/jkblog\/author\/jk\/"}]}},"jetpack_featured_media_url":"","jetpack_shortlink":"https:\/\/wp.me\/p3i4NZ-6I","jetpack_sharing_enabled":true,"_links":{"self":[{"href":"https:\/\/www.karlstetter.net\/jkblog\/wp-json\/wp\/v2\/posts\/416","targetHints":{"allow":["GET"]}}],"collection":[{"href":"https:\/\/www.karlstetter.net\/jkblog\/wp-json\/wp\/v2\/posts"}],"about":[{"href":"https:\/\/www.karlstetter.net\/jkblog\/wp-json\/wp\/v2\/types\/post"}],"author":[{"embeddable":true,"href":"https:\/\/www.karlstetter.net\/jkblog\/wp-json\/wp\/v2\/users\/2"}],"replies":[{"embeddable":true,"href":"https:\/\/www.karlstetter.net\/jkblog\/wp-json\/wp\/v2\/comments?post=416"}],"version-history":[{"count":2,"href":"https:\/\/www.karlstetter.net\/jkblog\/wp-json\/wp\/v2\/posts\/416\/revisions"}],"predecessor-version":[{"id":2286,"href":"https:\/\/www.karlstetter.net\/jkblog\/wp-json\/wp\/v2\/posts\/416\/revisions\/2286"}],"wp:attachment":[{"href":"https:\/\/www.karlstetter.net\/jkblog\/wp-json\/wp\/v2\/media?parent=416"}],"wp:term":[{"taxonomy":"category","embeddable":true,"href":"https:\/\/www.karlstetter.net\/jkblog\/wp-json\/wp\/v2\/categories?post=416"},{"taxonomy":"post_tag","embeddable":true,"href":"https:\/\/www.karlstetter.net\/jkblog\/wp-json\/wp\/v2\/tags?post=416"}],"curies":[{"name":"wp","href":"https:\/\/api.w.org\/{rel}","templated":true}]}}