{"id":60,"date":"2007-04-24T09:00:33","date_gmt":"2007-04-24T08:00:33","guid":{"rendered":"http:\/\/www.karlstetter.net\/jkblog20\/wordpress\/2007\/04\/24\/aufgepasst-uli-h-jk-bayern-bazi-sagt-seine-meinung\/"},"modified":"2023-02-10T15:43:21","modified_gmt":"2023-02-10T14:43:21","slug":"aufgepasst-uli-h-jk-bayern-bazi-sagt-seine-meinung","status":"publish","type":"post","link":"https:\/\/www.karlstetter.net\/jkblog\/2007\/04\/24\/aufgepasst-uli-h-jk-bayern-bazi-sagt-seine-meinung\/","title":{"rendered":"Aufgepasst Uli H., jk (Bayern-Bazi) sagt seine Meinung"},"content":{"rendered":"\n<p>Geneigter Blogleser,<\/p>\n\n\n\n<p>jk aka der Bayern-Bazi ist ja ein bekennender Fu\u00dfball- und auch Bayern-Fan.<br>Dass es bei denen nicht richtig l\u00e4uft ist kein Geheimnis. Da jetzt st\u00e4ndig von Neuanfang gesprochen wird, habe ich mir mal ein paar Gedanken zu meinem Verein gemacht.<\/p>\n\n\n\n<p>Nachzulesen ist das Ganze auf der Partnerblogseite abgeledert.de. Hier der genaue Link: <a href=\"http:\/\/abgeledert.de\/?p=135\" target=\"_blank\" rel=\"noopener\">http:\/\/abgeledert.de\/?p=135<\/a><\/p>\n\n\n\n<p>Nat\u00fcrlich bin ich auf eure Kommentare gespannt.<\/p>\n\n\n\n<p>Bis dann<br>Euer jk<\/p>\n\n\n\n<p><em>Update 2023: Abgeledert.de ist schon l\u00e4nger offline, der Beitrag ist aber noch <a href=\"https:\/\/web.archive.org\/web\/20070628235726\/http:\/\/abgeledert.de\/?p=135\">im Internet Archiv<\/a> verf\u00fcgbar \ud83d\ude41<\/em><\/p>\n<div class=\"shariff\"><ul class=\"shariff-buttons theme-default orientation-horizontal buttonsize-medium\"><li class=\"shariff-button facebook shariff-nocustomcolor\" style=\"background-color:#4273c8\"><a href=\"https:\/\/www.facebook.com\/sharer\/sharer.php?u=https%3A%2F%2Fwww.karlstetter.net%2Fjkblog%2F2007%2F04%2F24%2Faufgepasst-uli-h-jk-bayern-bazi-sagt-seine-meinung%2F\" title=\"Bei Facebook teilen\" aria-label=\"Bei Facebook teilen\" role=\"button\" rel=\"nofollow\" class=\"shariff-link\" style=\"; background-color:#3b5998; color:#fff\" target=\"_blank\"><span class=\"shariff-icon\" style=\"\"><svg width=\"32px\" height=\"20px\" xmlns=\"http:\/\/www.w3.org\/2000\/svg\" viewBox=\"0 0 18 32\"><path fill=\"#3b5998\" d=\"M17.1 0.2v4.7h-2.8q-1.5 0-2.1 0.6t-0.5 1.9v3.4h5.2l-0.7 5.3h-4.5v13.6h-5.5v-13.6h-4.5v-5.3h4.5v-3.9q0-3.3 1.9-5.2t5-1.8q2.6 0 4.1 0.2z\"\/><\/svg><\/span><span class=\"shariff-text\">teilen<\/span>&nbsp;<\/a><\/li><li class=\"shariff-button twitter shariff-nocustomcolor\" style=\"background-color:#595959\"><a href=\"https:\/\/twitter.com\/share?url=https%3A%2F%2Fwww.karlstetter.net%2Fjkblog%2F2007%2F04%2F24%2Faufgepasst-uli-h-jk-bayern-bazi-sagt-seine-meinung%2F&text=Aufgepasst%20Uli%20H.%2C%20jk%20%28Bayern-Bazi%29%20sagt%20seine%20Meinung&via=monacobazi\" title=\"Bei X teilen\" aria-label=\"Bei X teilen\" role=\"button\" rel=\"noopener nofollow\" class=\"shariff-link\" style=\"; background-color:#000; color:#fff\" target=\"_blank\"><span class=\"shariff-icon\" style=\"\"><svg width=\"32px\" height=\"20px\" xmlns=\"http:\/\/www.w3.org\/2000\/svg\" viewBox=\"0 0 24 24\"><path fill=\"#000\" d=\"M14.258 10.152L23.176 0h-2.113l-7.747 8.813L7.133 0H0l9.352 13.328L0 23.973h2.113l8.176-9.309 6.531 9.309h7.133zm-2.895 3.293l-.949-1.328L2.875 1.56h3.246l6.086 8.523.945 1.328 7.91 11.078h-3.246zm0 0\"\/><\/svg><\/span><span class=\"shariff-text\">teilen<\/span>&nbsp;<\/a><\/li><li class=\"shariff-button whatsapp shariff-nocustomcolor\" style=\"background-color:#5cbe4a\"><a href=\"https:\/\/api.whatsapp.com\/send?text=https%3A%2F%2Fwww.karlstetter.net%2Fjkblog%2F2007%2F04%2F24%2Faufgepasst-uli-h-jk-bayern-bazi-sagt-seine-meinung%2F%20Aufgepasst%20Uli%20H.%2C%20jk%20%28Bayern-Bazi%29%20sagt%20seine%20Meinung\" title=\"Bei Whatsapp teilen\" aria-label=\"Bei Whatsapp teilen\" role=\"button\" rel=\"noopener nofollow\" class=\"shariff-link\" style=\"; background-color:#34af23; color:#fff\" target=\"_blank\"><span class=\"shariff-icon\" style=\"\"><svg width=\"32px\" height=\"20px\" xmlns=\"http:\/\/www.w3.org\/2000\/svg\" viewBox=\"0 0 32 32\"><path fill=\"#34af23\" d=\"M17.6 17.4q0.2 0 1.7 0.8t1.6 0.9q0 0.1 0 0.3 0 0.6-0.3 1.4-0.3 0.7-1.3 1.2t-1.8 0.5q-1 0-3.4-1.1-1.7-0.8-3-2.1t-2.6-3.3q-1.3-1.9-1.3-3.5v-0.1q0.1-1.6 1.3-2.8 0.4-0.4 0.9-0.4 0.1 0 0.3 0t0.3 0q0.3 0 0.5 0.1t0.3 0.5q0.1 0.4 0.6 1.6t0.4 1.3q0 0.4-0.6 1t-0.6 0.8q0 0.1 0.1 0.3 0.6 1.3 1.8 2.4 1 0.9 2.7 1.8 0.2 0.1 0.4 0.1 0.3 0 1-0.9t0.9-0.9zM14 26.9q2.3 0 4.3-0.9t3.6-2.4 2.4-3.6 0.9-4.3-0.9-4.3-2.4-3.6-3.6-2.4-4.3-0.9-4.3 0.9-3.6 2.4-2.4 3.6-0.9 4.3q0 3.6 2.1 6.6l-1.4 4.2 4.3-1.4q2.8 1.9 6.2 1.9zM14 2.2q2.7 0 5.2 1.1t4.3 2.9 2.9 4.3 1.1 5.2-1.1 5.2-2.9 4.3-4.3 2.9-5.2 1.1q-3.5 0-6.5-1.7l-7.4 2.4 2.4-7.2q-1.9-3.2-1.9-6.9 0-2.7 1.1-5.2t2.9-4.3 4.3-2.9 5.2-1.1z\"\/><\/svg><\/span><span class=\"shariff-text\">teilen<\/span>&nbsp;<\/a><\/li><li class=\"shariff-button mailto shariff-nocustomcolor\" style=\"background-color:#a8a8a8\"><a href=\"mailto:?body=https%3A%2F%2Fwww.karlstetter.net%2Fjkblog%2F2007%2F04%2F24%2Faufgepasst-uli-h-jk-bayern-bazi-sagt-seine-meinung%2F&subject=Aufgepasst%20Uli%20H.%2C%20jk%20%28Bayern-Bazi%29%20sagt%20seine%20Meinung\" title=\"Per E-Mail versenden\" aria-label=\"Per E-Mail versenden\" role=\"button\" rel=\"noopener nofollow\" class=\"shariff-link\" style=\"; background-color:#999; color:#fff\"><span class=\"shariff-icon\" style=\"\"><svg width=\"32px\" height=\"20px\" xmlns=\"http:\/\/www.w3.org\/2000\/svg\" viewBox=\"0 0 32 32\"><path fill=\"#999\" d=\"M32 12.7v14.2q0 1.2-0.8 2t-2 0.9h-26.3q-1.2 0-2-0.9t-0.8-2v-14.2q0.8 0.9 1.8 1.6 6.5 4.4 8.9 6.1 1 0.8 1.6 1.2t1.7 0.9 2 0.4h0.1q0.9 0 2-0.4t1.7-0.9 1.6-1.2q3-2.2 8.9-6.1 1-0.7 1.8-1.6zM32 7.4q0 1.4-0.9 2.7t-2.2 2.2q-6.7 4.7-8.4 5.8-0.2 0.1-0.7 0.5t-1 0.7-0.9 0.6-1.1 0.5-0.9 0.2h-0.1q-0.4 0-0.9-0.2t-1.1-0.5-0.9-0.6-1-0.7-0.7-0.5q-1.6-1.1-4.7-3.2t-3.6-2.6q-1.1-0.7-2.1-2t-1-2.5q0-1.4 0.7-2.3t2.1-0.9h26.3q1.2 0 2 0.8t0.9 2z\"\/><\/svg><\/span><span class=\"shariff-text\">E-Mail<\/span>&nbsp;<\/a><\/li><li class=\"shariff-button printer shariff-nocustomcolor\" style=\"background-color:#a8a8a8\"><a href=\"javascript:window.print()\" title=\"drucken\" aria-label=\"drucken\" role=\"button\" rel=\"noopener nofollow\" class=\"shariff-link\" style=\"; background-color:#999; color:#fff\"><span class=\"shariff-icon\" style=\"\"><svg width=\"32px\" height=\"20px\" xmlns=\"http:\/\/www.w3.org\/2000\/svg\" viewBox=\"0 0 30 32\"><path fill=\"#999\" d=\"M6.8 27.4h16v-4.6h-16v4.6zM6.8 16h16v-6.8h-2.8q-0.7 0-1.2-0.5t-0.5-1.2v-2.8h-11.4v11.4zM27.4 17.2q0-0.5-0.3-0.8t-0.8-0.4-0.8 0.4-0.3 0.8 0.3 0.8 0.8 0.3 0.8-0.3 0.3-0.8zM29.7 17.2v7.4q0 0.2-0.2 0.4t-0.4 0.2h-4v2.8q0 0.7-0.5 1.2t-1.2 0.5h-17.2q-0.7 0-1.2-0.5t-0.5-1.2v-2.8h-4q-0.2 0-0.4-0.2t-0.2-0.4v-7.4q0-1.4 1-2.4t2.4-1h1.2v-9.7q0-0.7 0.5-1.2t1.2-0.5h12q0.7 0 1.6 0.4t1.3 0.8l2.7 2.7q0.5 0.5 0.9 1.4t0.4 1.6v4.6h1.1q1.4 0 2.4 1t1 2.4z\"\/><\/svg><\/span><span class=\"shariff-text\">drucken<\/span>&nbsp;<\/a><\/li><li class=\"shariff-button info shariff-nocustomcolor\" style=\"background-color:#eee\"><a href=\"http:\/\/ct.de\/-2467514\" title=\"Weitere Informationen\" aria-label=\"Weitere Informationen\" role=\"button\" rel=\"noopener \" class=\"shariff-link\" style=\"; background-color:#fff; color:#fff\" target=\"_blank\"><span class=\"shariff-icon\" style=\"\"><svg width=\"32px\" height=\"20px\" xmlns=\"http:\/\/www.w3.org\/2000\/svg\" viewBox=\"0 0 11 32\"><path fill=\"#999\" d=\"M11.4 24v2.3q0 0.5-0.3 0.8t-0.8 0.4h-9.1q-0.5 0-0.8-0.4t-0.4-0.8v-2.3q0-0.5 0.4-0.8t0.8-0.4h1.1v-6.8h-1.1q-0.5 0-0.8-0.4t-0.4-0.8v-2.3q0-0.5 0.4-0.8t0.8-0.4h6.8q0.5 0 0.8 0.4t0.4 0.8v10.3h1.1q0.5 0 0.8 0.4t0.3 0.8zM9.2 3.4v3.4q0 0.5-0.4 0.8t-0.8 0.4h-4.6q-0.4 0-0.8-0.4t-0.4-0.8v-3.4q0-0.4 0.4-0.8t0.8-0.4h4.6q0.5 0 0.8 0.4t0.4 0.8z\"\/><\/svg><\/span><\/a><\/li><\/ul><\/div>","protected":false},"excerpt":{"rendered":"<p>Geneigter Blogleser, jk aka der Bayern-Bazi ist ja ein bekennender Fu\u00dfball- und auch Bayern-Fan.Dass es bei denen nicht richtig l\u00e4uft ist kein Geheimnis. Da jetzt st\u00e4ndig von Neuanfang gesprochen wird, habe ich mir mal ein paar Gedanken zu meinem Verein gemacht. Nachzulesen ist das&#46;&#46;&#46;<\/p>\n","protected":false},"author":2,"featured_media":0,"comment_status":"open","ping_status":"open","sticky":false,"template":"","format":"standard","meta":{"jetpack_post_was_ever_published":false,"_jetpack_newsletter_access":"","_jetpack_dont_email_post_to_subs":false,"_jetpack_newsletter_tier_id":0,"_jetpack_memberships_contains_paywalled_content":false,"_jetpack_memberships_contains_paid_content":false,"footnotes":""},"categories":[5,7],"tags":[23,55,152],"class_list":["post-60","post","type-post","status-publish","format-standard","hentry","category-fusball","category-meinung","tag-abgeledertde","tag-bayern-bazi","tag-fc-bayern"],"yoast_head":"<!-- This site is optimized with the Yoast SEO plugin v27.5 - https:\/\/yoast.com\/product\/yoast-seo-wordpress\/ -->\n<title>Aufgepasst Uli H., jk (Bayern-Bazi) sagt seine Meinung - jk blog<\/title>\n<meta name=\"description\" content=\"Ich habe mir mal ein paar Gedanken zu meinem Verein gemacht. Nachzulesen ist das Ganze auf der Partnerblogseite abgeledert.de.\" \/>\n<meta name=\"robots\" content=\"index, follow, max-snippet:-1, max-image-preview:large, max-video-preview:-1\" \/>\n<link rel=\"canonical\" href=\"https:\/\/www.karlstetter.net\/jkblog\/2007\/04\/24\/aufgepasst-uli-h-jk-bayern-bazi-sagt-seine-meinung\/\" \/>\n<meta property=\"og:locale\" content=\"de_DE\" \/>\n<meta property=\"og:type\" content=\"article\" \/>\n<meta property=\"og:title\" content=\"Aufgepasst Uli H., jk (Bayern-Bazi) sagt seine Meinung - jk blog\" \/>\n<meta property=\"og:description\" content=\"Ich habe mir mal ein paar Gedanken zu meinem Verein gemacht. Nachzulesen ist das Ganze auf der Partnerblogseite abgeledert.de.\" \/>\n<meta property=\"og:url\" content=\"https:\/\/www.karlstetter.net\/jkblog\/2007\/04\/24\/aufgepasst-uli-h-jk-bayern-bazi-sagt-seine-meinung\/\" \/>\n<meta property=\"og:site_name\" content=\"jk blog\" \/>\n<meta property=\"article:author\" content=\"https:\/\/de-de.facebook.com\/bayernbazi\" \/>\n<meta property=\"article:published_time\" content=\"2007-04-24T08:00:33+00:00\" \/>\n<meta property=\"article:modified_time\" content=\"2023-02-10T14:43:21+00:00\" \/>\n<meta name=\"author\" content=\"JK\" \/>\n<meta name=\"twitter:label1\" content=\"Verfasst von\" \/>\n\t<meta name=\"twitter:data1\" content=\"JK\" \/>\n\t<meta name=\"twitter:label2\" content=\"Gesch\u00e4tzte Lesezeit\" \/>\n\t<meta name=\"twitter:data2\" content=\"1\u00a0Minute\" \/>\n<script type=\"application\/ld+json\" class=\"yoast-schema-graph\">{\"@context\":\"https:\\\/\\\/schema.org\",\"@graph\":[{\"@type\":\"Article\",\"@id\":\"https:\\\/\\\/www.karlstetter.net\\\/jkblog\\\/2007\\\/04\\\/24\\\/aufgepasst-uli-h-jk-bayern-bazi-sagt-seine-meinung\\\/#article\",\"isPartOf\":{\"@id\":\"https:\\\/\\\/www.karlstetter.net\\\/jkblog\\\/2007\\\/04\\\/24\\\/aufgepasst-uli-h-jk-bayern-bazi-sagt-seine-meinung\\\/\"},\"author\":{\"name\":\"JK\",\"@id\":\"https:\\\/\\\/www.karlstetter.net\\\/jkblog\\\/#\\\/schema\\\/person\\\/2a92019bcb282ecce17aa7ec379f3d29\"},\"headline\":\"Aufgepasst Uli H., jk (Bayern-Bazi) sagt seine Meinung\",\"datePublished\":\"2007-04-24T08:00:33+00:00\",\"dateModified\":\"2023-02-10T14:43:21+00:00\",\"mainEntityOfPage\":{\"@id\":\"https:\\\/\\\/www.karlstetter.net\\\/jkblog\\\/2007\\\/04\\\/24\\\/aufgepasst-uli-h-jk-bayern-bazi-sagt-seine-meinung\\\/\"},\"wordCount\":99,\"commentCount\":0,\"publisher\":{\"@id\":\"https:\\\/\\\/www.karlstetter.net\\\/jkblog\\\/#organization\"},\"keywords\":[\"abgeledert.de\",\"Bayern-Bazi\",\"FC Bayern\"],\"articleSection\":[\"Fu\u00dfball\",\"Meinung\"],\"inLanguage\":\"de\",\"potentialAction\":[{\"@type\":\"CommentAction\",\"name\":\"Comment\",\"target\":[\"https:\\\/\\\/www.karlstetter.net\\\/jkblog\\\/2007\\\/04\\\/24\\\/aufgepasst-uli-h-jk-bayern-bazi-sagt-seine-meinung\\\/#respond\"]}]},{\"@type\":\"WebPage\",\"@id\":\"https:\\\/\\\/www.karlstetter.net\\\/jkblog\\\/2007\\\/04\\\/24\\\/aufgepasst-uli-h-jk-bayern-bazi-sagt-seine-meinung\\\/\",\"url\":\"https:\\\/\\\/www.karlstetter.net\\\/jkblog\\\/2007\\\/04\\\/24\\\/aufgepasst-uli-h-jk-bayern-bazi-sagt-seine-meinung\\\/\",\"name\":\"Aufgepasst Uli H., jk (Bayern-Bazi) sagt seine Meinung - jk blog\",\"isPartOf\":{\"@id\":\"https:\\\/\\\/www.karlstetter.net\\\/jkblog\\\/#website\"},\"datePublished\":\"2007-04-24T08:00:33+00:00\",\"dateModified\":\"2023-02-10T14:43:21+00:00\",\"description\":\"Ich habe mir mal ein paar Gedanken zu meinem Verein gemacht. Nachzulesen ist das Ganze auf der Partnerblogseite abgeledert.de.\",\"breadcrumb\":{\"@id\":\"https:\\\/\\\/www.karlstetter.net\\\/jkblog\\\/2007\\\/04\\\/24\\\/aufgepasst-uli-h-jk-bayern-bazi-sagt-seine-meinung\\\/#breadcrumb\"},\"inLanguage\":\"de\",\"potentialAction\":[{\"@type\":\"ReadAction\",\"target\":[\"https:\\\/\\\/www.karlstetter.net\\\/jkblog\\\/2007\\\/04\\\/24\\\/aufgepasst-uli-h-jk-bayern-bazi-sagt-seine-meinung\\\/\"]}]},{\"@type\":\"BreadcrumbList\",\"@id\":\"https:\\\/\\\/www.karlstetter.net\\\/jkblog\\\/2007\\\/04\\\/24\\\/aufgepasst-uli-h-jk-bayern-bazi-sagt-seine-meinung\\\/#breadcrumb\",\"itemListElement\":[{\"@type\":\"ListItem\",\"position\":1,\"name\":\"Startseite\",\"item\":\"https:\\\/\\\/www.karlstetter.net\\\/jkblog\\\/\"},{\"@type\":\"ListItem\",\"position\":2,\"name\":\"Aufgepasst Uli H., jk (Bayern-Bazi) sagt seine Meinung\"}]},{\"@type\":\"WebSite\",\"@id\":\"https:\\\/\\\/www.karlstetter.net\\\/jkblog\\\/#website\",\"url\":\"https:\\\/\\\/www.karlstetter.net\\\/jkblog\\\/\",\"name\":\"jk blog\",\"description\":\"M\u00fcnchner Allerlei seit 2005\",\"publisher\":{\"@id\":\"https:\\\/\\\/www.karlstetter.net\\\/jkblog\\\/#organization\"},\"potentialAction\":[{\"@type\":\"SearchAction\",\"target\":{\"@type\":\"EntryPoint\",\"urlTemplate\":\"https:\\\/\\\/www.karlstetter.net\\\/jkblog\\\/?s={search_term_string}\"},\"query-input\":{\"@type\":\"PropertyValueSpecification\",\"valueRequired\":true,\"valueName\":\"search_term_string\"}}],\"inLanguage\":\"de\"},{\"@type\":\"Organization\",\"@id\":\"https:\\\/\\\/www.karlstetter.net\\\/jkblog\\\/#organization\",\"name\":\"jk blog\",\"url\":\"https:\\\/\\\/www.karlstetter.net\\\/jkblog\\\/\",\"logo\":{\"@type\":\"ImageObject\",\"inLanguage\":\"de\",\"@id\":\"https:\\\/\\\/www.karlstetter.net\\\/jkblog\\\/#\\\/schema\\\/logo\\\/image\\\/\",\"url\":\"https:\\\/\\\/i0.wp.com\\\/www.karlstetter.net\\\/jkblog\\\/wp-content\\\/uploads\\\/2022\\\/08\\\/jkblog_2022_Logo.png?fit=500%2C213&ssl=1\",\"contentUrl\":\"https:\\\/\\\/i0.wp.com\\\/www.karlstetter.net\\\/jkblog\\\/wp-content\\\/uploads\\\/2022\\\/08\\\/jkblog_2022_Logo.png?fit=500%2C213&ssl=1\",\"width\":500,\"height\":213,\"caption\":\"jk blog\"},\"image\":{\"@id\":\"https:\\\/\\\/www.karlstetter.net\\\/jkblog\\\/#\\\/schema\\\/logo\\\/image\\\/\"}},{\"@type\":\"Person\",\"@id\":\"https:\\\/\\\/www.karlstetter.net\\\/jkblog\\\/#\\\/schema\\\/person\\\/2a92019bcb282ecce17aa7ec379f3d29\",\"name\":\"JK\",\"image\":{\"@type\":\"ImageObject\",\"inLanguage\":\"de\",\"@id\":\"https:\\\/\\\/secure.gravatar.com\\\/avatar\\\/61120a9cd0caf6f8ef48873f0e5a0bf445b011424a20c8e2f0565ecc84bc047e?s=96&d=mm&r=x\",\"url\":\"https:\\\/\\\/secure.gravatar.com\\\/avatar\\\/61120a9cd0caf6f8ef48873f0e5a0bf445b011424a20c8e2f0565ecc84bc047e?s=96&d=mm&r=x\",\"contentUrl\":\"https:\\\/\\\/secure.gravatar.com\\\/avatar\\\/61120a9cd0caf6f8ef48873f0e5a0bf445b011424a20c8e2f0565ecc84bc047e?s=96&d=mm&r=x\",\"caption\":\"JK\"},\"sameAs\":[\"https:\\\/\\\/www.jkblog.de\",\"https:\\\/\\\/de-de.facebook.com\\\/bayernbazi\",\"https:\\\/\\\/x.com\\\/monacobazi\"],\"url\":\"https:\\\/\\\/www.karlstetter.net\\\/jkblog\\\/author\\\/jk\\\/\"}]}<\/script>\n<!-- \/ Yoast SEO plugin. -->","yoast_head_json":{"title":"Aufgepasst Uli H., jk (Bayern-Bazi) sagt seine Meinung - jk blog","description":"Ich habe mir mal ein paar Gedanken zu meinem Verein gemacht. Nachzulesen ist das Ganze auf der Partnerblogseite abgeledert.de.","robots":{"index":"index","follow":"follow","max-snippet":"max-snippet:-1","max-image-preview":"max-image-preview:large","max-video-preview":"max-video-preview:-1"},"canonical":"https:\/\/www.karlstetter.net\/jkblog\/2007\/04\/24\/aufgepasst-uli-h-jk-bayern-bazi-sagt-seine-meinung\/","og_locale":"de_DE","og_type":"article","og_title":"Aufgepasst Uli H., jk (Bayern-Bazi) sagt seine Meinung - jk blog","og_description":"Ich habe mir mal ein paar Gedanken zu meinem Verein gemacht. Nachzulesen ist das Ganze auf der Partnerblogseite abgeledert.de.","og_url":"https:\/\/www.karlstetter.net\/jkblog\/2007\/04\/24\/aufgepasst-uli-h-jk-bayern-bazi-sagt-seine-meinung\/","og_site_name":"jk blog","article_author":"https:\/\/de-de.facebook.com\/bayernbazi","article_published_time":"2007-04-24T08:00:33+00:00","article_modified_time":"2023-02-10T14:43:21+00:00","author":"JK","twitter_misc":{"Verfasst von":"JK","Gesch\u00e4tzte Lesezeit":"1\u00a0Minute"},"schema":{"@context":"https:\/\/schema.org","@graph":[{"@type":"Article","@id":"https:\/\/www.karlstetter.net\/jkblog\/2007\/04\/24\/aufgepasst-uli-h-jk-bayern-bazi-sagt-seine-meinung\/#article","isPartOf":{"@id":"https:\/\/www.karlstetter.net\/jkblog\/2007\/04\/24\/aufgepasst-uli-h-jk-bayern-bazi-sagt-seine-meinung\/"},"author":{"name":"JK","@id":"https:\/\/www.karlstetter.net\/jkblog\/#\/schema\/person\/2a92019bcb282ecce17aa7ec379f3d29"},"headline":"Aufgepasst Uli H., jk (Bayern-Bazi) sagt seine Meinung","datePublished":"2007-04-24T08:00:33+00:00","dateModified":"2023-02-10T14:43:21+00:00","mainEntityOfPage":{"@id":"https:\/\/www.karlstetter.net\/jkblog\/2007\/04\/24\/aufgepasst-uli-h-jk-bayern-bazi-sagt-seine-meinung\/"},"wordCount":99,"commentCount":0,"publisher":{"@id":"https:\/\/www.karlstetter.net\/jkblog\/#organization"},"keywords":["abgeledert.de","Bayern-Bazi","FC Bayern"],"articleSection":["Fu\u00dfball","Meinung"],"inLanguage":"de","potentialAction":[{"@type":"CommentAction","name":"Comment","target":["https:\/\/www.karlstetter.net\/jkblog\/2007\/04\/24\/aufgepasst-uli-h-jk-bayern-bazi-sagt-seine-meinung\/#respond"]}]},{"@type":"WebPage","@id":"https:\/\/www.karlstetter.net\/jkblog\/2007\/04\/24\/aufgepasst-uli-h-jk-bayern-bazi-sagt-seine-meinung\/","url":"https:\/\/www.karlstetter.net\/jkblog\/2007\/04\/24\/aufgepasst-uli-h-jk-bayern-bazi-sagt-seine-meinung\/","name":"Aufgepasst Uli H., jk (Bayern-Bazi) sagt seine Meinung - jk blog","isPartOf":{"@id":"https:\/\/www.karlstetter.net\/jkblog\/#website"},"datePublished":"2007-04-24T08:00:33+00:00","dateModified":"2023-02-10T14:43:21+00:00","description":"Ich habe mir mal ein paar Gedanken zu meinem Verein gemacht. Nachzulesen ist das Ganze auf der Partnerblogseite abgeledert.de.","breadcrumb":{"@id":"https:\/\/www.karlstetter.net\/jkblog\/2007\/04\/24\/aufgepasst-uli-h-jk-bayern-bazi-sagt-seine-meinung\/#breadcrumb"},"inLanguage":"de","potentialAction":[{"@type":"ReadAction","target":["https:\/\/www.karlstetter.net\/jkblog\/2007\/04\/24\/aufgepasst-uli-h-jk-bayern-bazi-sagt-seine-meinung\/"]}]},{"@type":"BreadcrumbList","@id":"https:\/\/www.karlstetter.net\/jkblog\/2007\/04\/24\/aufgepasst-uli-h-jk-bayern-bazi-sagt-seine-meinung\/#breadcrumb","itemListElement":[{"@type":"ListItem","position":1,"name":"Startseite","item":"https:\/\/www.karlstetter.net\/jkblog\/"},{"@type":"ListItem","position":2,"name":"Aufgepasst Uli H., jk (Bayern-Bazi) sagt seine Meinung"}]},{"@type":"WebSite","@id":"https:\/\/www.karlstetter.net\/jkblog\/#website","url":"https:\/\/www.karlstetter.net\/jkblog\/","name":"jk blog","description":"M\u00fcnchner Allerlei seit 2005","publisher":{"@id":"https:\/\/www.karlstetter.net\/jkblog\/#organization"},"potentialAction":[{"@type":"SearchAction","target":{"@type":"EntryPoint","urlTemplate":"https:\/\/www.karlstetter.net\/jkblog\/?s={search_term_string}"},"query-input":{"@type":"PropertyValueSpecification","valueRequired":true,"valueName":"search_term_string"}}],"inLanguage":"de"},{"@type":"Organization","@id":"https:\/\/www.karlstetter.net\/jkblog\/#organization","name":"jk blog","url":"https:\/\/www.karlstetter.net\/jkblog\/","logo":{"@type":"ImageObject","inLanguage":"de","@id":"https:\/\/www.karlstetter.net\/jkblog\/#\/schema\/logo\/image\/","url":"https:\/\/i0.wp.com\/www.karlstetter.net\/jkblog\/wp-content\/uploads\/2022\/08\/jkblog_2022_Logo.png?fit=500%2C213&ssl=1","contentUrl":"https:\/\/i0.wp.com\/www.karlstetter.net\/jkblog\/wp-content\/uploads\/2022\/08\/jkblog_2022_Logo.png?fit=500%2C213&ssl=1","width":500,"height":213,"caption":"jk blog"},"image":{"@id":"https:\/\/www.karlstetter.net\/jkblog\/#\/schema\/logo\/image\/"}},{"@type":"Person","@id":"https:\/\/www.karlstetter.net\/jkblog\/#\/schema\/person\/2a92019bcb282ecce17aa7ec379f3d29","name":"JK","image":{"@type":"ImageObject","inLanguage":"de","@id":"https:\/\/secure.gravatar.com\/avatar\/61120a9cd0caf6f8ef48873f0e5a0bf445b011424a20c8e2f0565ecc84bc047e?s=96&d=mm&r=x","url":"https:\/\/secure.gravatar.com\/avatar\/61120a9cd0caf6f8ef48873f0e5a0bf445b011424a20c8e2f0565ecc84bc047e?s=96&d=mm&r=x","contentUrl":"https:\/\/secure.gravatar.com\/avatar\/61120a9cd0caf6f8ef48873f0e5a0bf445b011424a20c8e2f0565ecc84bc047e?s=96&d=mm&r=x","caption":"JK"},"sameAs":["https:\/\/www.jkblog.de","https:\/\/de-de.facebook.com\/bayernbazi","https:\/\/x.com\/monacobazi"],"url":"https:\/\/www.karlstetter.net\/jkblog\/author\/jk\/"}]}},"jetpack_featured_media_url":"","jetpack_shortlink":"https:\/\/wp.me\/p3i4NZ-Y","jetpack_sharing_enabled":true,"_links":{"self":[{"href":"https:\/\/www.karlstetter.net\/jkblog\/wp-json\/wp\/v2\/posts\/60","targetHints":{"allow":["GET"]}}],"collection":[{"href":"https:\/\/www.karlstetter.net\/jkblog\/wp-json\/wp\/v2\/posts"}],"about":[{"href":"https:\/\/www.karlstetter.net\/jkblog\/wp-json\/wp\/v2\/types\/post"}],"author":[{"embeddable":true,"href":"https:\/\/www.karlstetter.net\/jkblog\/wp-json\/wp\/v2\/users\/2"}],"replies":[{"embeddable":true,"href":"https:\/\/www.karlstetter.net\/jkblog\/wp-json\/wp\/v2\/comments?post=60"}],"version-history":[{"count":3,"href":"https:\/\/www.karlstetter.net\/jkblog\/wp-json\/wp\/v2\/posts\/60\/revisions"}],"predecessor-version":[{"id":4037,"href":"https:\/\/www.karlstetter.net\/jkblog\/wp-json\/wp\/v2\/posts\/60\/revisions\/4037"}],"wp:attachment":[{"href":"https:\/\/www.karlstetter.net\/jkblog\/wp-json\/wp\/v2\/media?parent=60"}],"wp:term":[{"taxonomy":"category","embeddable":true,"href":"https:\/\/www.karlstetter.net\/jkblog\/wp-json\/wp\/v2\/categories?post=60"},{"taxonomy":"post_tag","embeddable":true,"href":"https:\/\/www.karlstetter.net\/jkblog\/wp-json\/wp\/v2\/tags?post=60"}],"curies":[{"name":"wp","href":"https:\/\/api.w.org\/{rel}","templated":true}]}}