{"id":68,"date":"2007-07-18T21:20:13","date_gmt":"2007-07-18T20:20:13","guid":{"rendered":"http:\/\/www.karlstetter.net\/jkblog20\/wordpress\/2007\/07\/18\/edh-allstars-for-champions-league\/"},"modified":"2023-02-20T11:23:20","modified_gmt":"2023-02-20T10:23:20","slug":"edh-allstars-for-champions-league","status":"publish","type":"post","link":"https:\/\/www.karlstetter.net\/jkblog\/2007\/07\/18\/edh-allstars-for-champions-league\/","title":{"rendered":"EdH Allstars for Champions-League"},"content":{"rendered":"\n<figure class=\"wp-block-image size-full\"><img data-recalc-dims=\"1\" loading=\"lazy\" decoding=\"async\" width=\"200\" height=\"96\" data-attachment-id=\"1548\" data-permalink=\"https:\/\/www.karlstetter.net\/jkblog\/2007\/07\/18\/edh-allstars-for-champions-league\/edh_allstars\/\" data-orig-file=\"https:\/\/i0.wp.com\/www.karlstetter.net\/jkblog\/wp-content\/uploads\/2007\/07\/EDH_Allstars.gif?fit=200%2C96&amp;ssl=1\" data-orig-size=\"200,96\" data-comments-opened=\"1\" data-image-meta=\"{&quot;aperture&quot;:&quot;0&quot;,&quot;credit&quot;:&quot;&quot;,&quot;camera&quot;:&quot;&quot;,&quot;caption&quot;:&quot;&quot;,&quot;created_timestamp&quot;:&quot;0&quot;,&quot;copyright&quot;:&quot;&quot;,&quot;focal_length&quot;:&quot;0&quot;,&quot;iso&quot;:&quot;0&quot;,&quot;shutter_speed&quot;:&quot;0&quot;,&quot;title&quot;:&quot;&quot;,&quot;orientation&quot;:&quot;0&quot;}\" data-image-title=\"EDH_Allstars\" data-image-description=\"\" data-image-caption=\"\" data-large-file=\"https:\/\/i0.wp.com\/www.karlstetter.net\/jkblog\/wp-content\/uploads\/2007\/07\/EDH_Allstars.gif?fit=200%2C96&amp;ssl=1\" src=\"https:\/\/i0.wp.com\/www.karlstetter.net\/jkblog\/wp-content\/uploads\/2007\/07\/EDH_Allstars.gif?resize=200%2C96&#038;ssl=1\" alt=\"\" class=\"wp-image-1548\"\/><\/figure>\n\n\n\n<p>Liebe Spieler, liebe Fans, das Trainer-Gespann (Charly und Jochen) ist bereits in den Vorbereitungen f\u00fcr das gro\u00dfe Champions-League Turnier am Samstag, den 21. Juli.<\/p>\n\n\n\n<p>Wichtigster und entscheidenster Punkt, ist die Aufstellung und Nominierung eines Kaders. Daher haben wir hier eine Liste erstellt mit allen m\u00f6glichen Namen, die die letzten Wochen mittrainiert haben, beim Dekanatsturnier dabei waren, oder irgendwie die Pille geradeaus spielen k\u00f6nnen. \ud83d\ude09<br>Zudem haben wir die angedachten Positionen bereits notiert, was aber nicht definitiv ist. W\u00fcnsche k\u00f6nnen evtl. ber\u00fccksichtigt werden.<\/p>\n\n\n\n<p>Charly und ich werden in den n\u00e4chsten zwei Tagen versuchen alle auf der Liste zu kontaktieren, aber auch Ihr k\u00f6nnt \u00fcber die Kommentarfunktion des Blogs eure Teilnahme best\u00e4tigen bzw. absagen, oder auch noch weitere Spieler oder Spielerinnen anmelden. Und nicht vergessen, dass wir mindestens zwei M\u00e4dels brauchen, da wir sonst nicht teilnehmen k\u00f6nnen. Danke.<\/p>\n\n\n\n<p>Stand: 18.07.07, 21:20 Uhr<\/p>\n\n\n\n<p>Damen:<\/p>\n\n\n\n<p>01. Verena Pauli (Mittelfeld)<br><em>[Zusage am: 17.07.07]<\/em><br>02. Bettina Karlstetter (noch offen)<br><em>[Zusage am: 17.07.07]<\/em><br>03. Lilli D\u00fctsch (noch offen)<br><em>[Zusage am: 17.07.07]<\/em><br>04. Alexa Gerritzen (noch offen)<br><em>[Zusage am: 18.07.07, kann nur 1-2 Stunden]<\/em><\/p>\n\n\n\n<p>Herren:<\/p>\n\n\n\n<p>01. Mathias &#8222;Charly&#8220; Wanner (Torwart)<br><em>[Zusage am: 16.07.07]<\/em><br>02. Christian Meyer (Abwehr, Torwart)<br><em>[Zusage am: 17.07.07]<\/em><br><del datetime=\"2007-07-16T20:26:37+00:00\">03. Thomas Mair (Abwehr, Defensives Mittelfeld)<\/del><br><em>[Absage am: 16.07.07]<\/em><br>04. Andreas Gierlinger (Abwehr links)<br><em>[Zusage am: 17.07.07]<\/em><br>05. Michael Scheriau (Abwehr, Defensives Mittelfeld)<br><em>[Zusage am: 16.07.07]<\/em><br>06. Jochen Karlstetter (Defensives Mittelfeld, Mittelfeld)<br><em>[Zusage am: 16.07.07]<\/em><br>07. Bernd Schiedermeier (Mittelfeld)<br><em>[Zusage am: 17.07.07]<\/em><br>08. Daniel Dorner (Mittelfeld, Offensiv)<br><em>[Zusage am: 18.07.07]<\/em><br>09. Michi Unger (offen, eher offensiv)<br><em>[Zusage am: 17.07.07, kommt nach]<\/em><br>10. Robert Rygol (Abwehr, Defensives Mittelfeld)<br><em>[Zusage am: 17.07.07]<\/em><br>11. Tobias K\u00fcnzer (Sturm)<br><em>[Zusage am: 18.07.07]<\/em><br>12. Stefan Mitterreiter (Abwehr, Defensives Mittelfeld)<br><em>[Zusage am: 17.07.07]<\/em><br>12. Florian Mitterreiter (Defensives Mittelfeld, Mittelfeld)<br><em>[Zusage am: 17.07.07]<\/em><br>13. Markus &#8222;Litschi&#8220; M\u00fcller (Sturm)<br><em>[Zusage am: 16.07.07]<\/em><br>14. Maxi Ducksch (Mittelfeld)<br><em>[Zu-\/Absage am: XX.XX.XX]<\/em><br>15. Christopher Schiederer (Mittelfeld, 3. Torwart)<br><em>[Zusage am: 18.07.07]<\/em><br>16. Korbinan Schmid (Abwehr, Sturm)<br><em>[Zusage am: 17.07.07]<\/em><br>17. Christoph Schmid (Abwehr, Mittelfeld)<br><em>[Zusage am: 17.07.07]<\/em><br><del datetime=\"2007-07-18T14:47:49+00:00\">18. Wolfgang Zahn (Abwehr, Mittelfeld)<\/del><br><em>[Absage am: 18.07.07]<\/em><br>19. Christan &#8222;Knuppy&#8220; Wanner (Abwehr)<br><em>[Zusage am: 16.07.07]<\/em><br>20. Christian Beck (Abwehr, Mittelfeld)<br><em>[Zusage am: 17.07.07, kommt nach]<\/em><br>21. Daniel Bachner (Mittelfeld)<br><em>[Zusage am: 17.07.07]<\/em><br>22. Benedikt Schmid (noch offen)<br><em>[Zusage am: 17.07.07]<\/em><br>23. &#8230;<\/p>\n<div class=\"shariff\"><ul class=\"shariff-buttons theme-default orientation-horizontal buttonsize-medium\"><li class=\"shariff-button facebook shariff-nocustomcolor\" style=\"background-color:#4273c8\"><a href=\"https:\/\/www.facebook.com\/sharer\/sharer.php?u=https%3A%2F%2Fwww.karlstetter.net%2Fjkblog%2F2007%2F07%2F18%2Fedh-allstars-for-champions-league%2F\" title=\"Bei Facebook teilen\" aria-label=\"Bei Facebook teilen\" role=\"button\" rel=\"nofollow\" class=\"shariff-link\" style=\"; background-color:#3b5998; color:#fff\" target=\"_blank\"><span class=\"shariff-icon\" style=\"\"><svg width=\"32px\" height=\"20px\" xmlns=\"http:\/\/www.w3.org\/2000\/svg\" viewBox=\"0 0 18 32\"><path fill=\"#3b5998\" d=\"M17.1 0.2v4.7h-2.8q-1.5 0-2.1 0.6t-0.5 1.9v3.4h5.2l-0.7 5.3h-4.5v13.6h-5.5v-13.6h-4.5v-5.3h4.5v-3.9q0-3.3 1.9-5.2t5-1.8q2.6 0 4.1 0.2z\"\/><\/svg><\/span><span class=\"shariff-text\">teilen<\/span>&nbsp;<\/a><\/li><li class=\"shariff-button twitter shariff-nocustomcolor\" style=\"background-color:#595959\"><a href=\"https:\/\/twitter.com\/share?url=https%3A%2F%2Fwww.karlstetter.net%2Fjkblog%2F2007%2F07%2F18%2Fedh-allstars-for-champions-league%2F&text=EdH%20Allstars%20for%20Champions-League&via=monacobazi\" title=\"Bei X teilen\" aria-label=\"Bei X teilen\" role=\"button\" rel=\"noopener nofollow\" class=\"shariff-link\" style=\"; background-color:#000; color:#fff\" target=\"_blank\"><span class=\"shariff-icon\" style=\"\"><svg width=\"32px\" height=\"20px\" xmlns=\"http:\/\/www.w3.org\/2000\/svg\" viewBox=\"0 0 24 24\"><path fill=\"#000\" d=\"M14.258 10.152L23.176 0h-2.113l-7.747 8.813L7.133 0H0l9.352 13.328L0 23.973h2.113l8.176-9.309 6.531 9.309h7.133zm-2.895 3.293l-.949-1.328L2.875 1.56h3.246l6.086 8.523.945 1.328 7.91 11.078h-3.246zm0 0\"\/><\/svg><\/span><span class=\"shariff-text\">teilen<\/span>&nbsp;<\/a><\/li><li class=\"shariff-button whatsapp shariff-nocustomcolor\" style=\"background-color:#5cbe4a\"><a href=\"https:\/\/api.whatsapp.com\/send?text=https%3A%2F%2Fwww.karlstetter.net%2Fjkblog%2F2007%2F07%2F18%2Fedh-allstars-for-champions-league%2F%20EdH%20Allstars%20for%20Champions-League\" title=\"Bei Whatsapp teilen\" aria-label=\"Bei Whatsapp teilen\" role=\"button\" rel=\"noopener nofollow\" class=\"shariff-link\" style=\"; background-color:#34af23; color:#fff\" target=\"_blank\"><span class=\"shariff-icon\" style=\"\"><svg width=\"32px\" height=\"20px\" xmlns=\"http:\/\/www.w3.org\/2000\/svg\" viewBox=\"0 0 32 32\"><path fill=\"#34af23\" d=\"M17.6 17.4q0.2 0 1.7 0.8t1.6 0.9q0 0.1 0 0.3 0 0.6-0.3 1.4-0.3 0.7-1.3 1.2t-1.8 0.5q-1 0-3.4-1.1-1.7-0.8-3-2.1t-2.6-3.3q-1.3-1.9-1.3-3.5v-0.1q0.1-1.6 1.3-2.8 0.4-0.4 0.9-0.4 0.1 0 0.3 0t0.3 0q0.3 0 0.5 0.1t0.3 0.5q0.1 0.4 0.6 1.6t0.4 1.3q0 0.4-0.6 1t-0.6 0.8q0 0.1 0.1 0.3 0.6 1.3 1.8 2.4 1 0.9 2.7 1.8 0.2 0.1 0.4 0.1 0.3 0 1-0.9t0.9-0.9zM14 26.9q2.3 0 4.3-0.9t3.6-2.4 2.4-3.6 0.9-4.3-0.9-4.3-2.4-3.6-3.6-2.4-4.3-0.9-4.3 0.9-3.6 2.4-2.4 3.6-0.9 4.3q0 3.6 2.1 6.6l-1.4 4.2 4.3-1.4q2.8 1.9 6.2 1.9zM14 2.2q2.7 0 5.2 1.1t4.3 2.9 2.9 4.3 1.1 5.2-1.1 5.2-2.9 4.3-4.3 2.9-5.2 1.1q-3.5 0-6.5-1.7l-7.4 2.4 2.4-7.2q-1.9-3.2-1.9-6.9 0-2.7 1.1-5.2t2.9-4.3 4.3-2.9 5.2-1.1z\"\/><\/svg><\/span><span class=\"shariff-text\">teilen<\/span>&nbsp;<\/a><\/li><li class=\"shariff-button mailto shariff-nocustomcolor\" style=\"background-color:#a8a8a8\"><a href=\"mailto:?body=https%3A%2F%2Fwww.karlstetter.net%2Fjkblog%2F2007%2F07%2F18%2Fedh-allstars-for-champions-league%2F&subject=EdH%20Allstars%20for%20Champions-League\" title=\"Per E-Mail versenden\" aria-label=\"Per E-Mail versenden\" role=\"button\" rel=\"noopener nofollow\" class=\"shariff-link\" style=\"; background-color:#999; color:#fff\"><span class=\"shariff-icon\" style=\"\"><svg width=\"32px\" height=\"20px\" xmlns=\"http:\/\/www.w3.org\/2000\/svg\" viewBox=\"0 0 32 32\"><path fill=\"#999\" d=\"M32 12.7v14.2q0 1.2-0.8 2t-2 0.9h-26.3q-1.2 0-2-0.9t-0.8-2v-14.2q0.8 0.9 1.8 1.6 6.5 4.4 8.9 6.1 1 0.8 1.6 1.2t1.7 0.9 2 0.4h0.1q0.9 0 2-0.4t1.7-0.9 1.6-1.2q3-2.2 8.9-6.1 1-0.7 1.8-1.6zM32 7.4q0 1.4-0.9 2.7t-2.2 2.2q-6.7 4.7-8.4 5.8-0.2 0.1-0.7 0.5t-1 0.7-0.9 0.6-1.1 0.5-0.9 0.2h-0.1q-0.4 0-0.9-0.2t-1.1-0.5-0.9-0.6-1-0.7-0.7-0.5q-1.6-1.1-4.7-3.2t-3.6-2.6q-1.1-0.7-2.1-2t-1-2.5q0-1.4 0.7-2.3t2.1-0.9h26.3q1.2 0 2 0.8t0.9 2z\"\/><\/svg><\/span><span class=\"shariff-text\">E-Mail<\/span>&nbsp;<\/a><\/li><li class=\"shariff-button printer shariff-nocustomcolor\" style=\"background-color:#a8a8a8\"><a href=\"javascript:window.print()\" title=\"drucken\" aria-label=\"drucken\" role=\"button\" rel=\"noopener nofollow\" class=\"shariff-link\" style=\"; background-color:#999; color:#fff\"><span class=\"shariff-icon\" style=\"\"><svg width=\"32px\" height=\"20px\" xmlns=\"http:\/\/www.w3.org\/2000\/svg\" viewBox=\"0 0 30 32\"><path fill=\"#999\" d=\"M6.8 27.4h16v-4.6h-16v4.6zM6.8 16h16v-6.8h-2.8q-0.7 0-1.2-0.5t-0.5-1.2v-2.8h-11.4v11.4zM27.4 17.2q0-0.5-0.3-0.8t-0.8-0.4-0.8 0.4-0.3 0.8 0.3 0.8 0.8 0.3 0.8-0.3 0.3-0.8zM29.7 17.2v7.4q0 0.2-0.2 0.4t-0.4 0.2h-4v2.8q0 0.7-0.5 1.2t-1.2 0.5h-17.2q-0.7 0-1.2-0.5t-0.5-1.2v-2.8h-4q-0.2 0-0.4-0.2t-0.2-0.4v-7.4q0-1.4 1-2.4t2.4-1h1.2v-9.7q0-0.7 0.5-1.2t1.2-0.5h12q0.7 0 1.6 0.4t1.3 0.8l2.7 2.7q0.5 0.5 0.9 1.4t0.4 1.6v4.6h1.1q1.4 0 2.4 1t1 2.4z\"\/><\/svg><\/span><span class=\"shariff-text\">drucken<\/span>&nbsp;<\/a><\/li><li class=\"shariff-button info shariff-nocustomcolor\" style=\"background-color:#eee\"><a href=\"http:\/\/ct.de\/-2467514\" title=\"Weitere Informationen\" aria-label=\"Weitere Informationen\" role=\"button\" rel=\"noopener \" class=\"shariff-link\" style=\"; background-color:#fff; color:#fff\" target=\"_blank\"><span class=\"shariff-icon\" style=\"\"><svg width=\"32px\" height=\"20px\" xmlns=\"http:\/\/www.w3.org\/2000\/svg\" viewBox=\"0 0 11 32\"><path fill=\"#999\" d=\"M11.4 24v2.3q0 0.5-0.3 0.8t-0.8 0.4h-9.1q-0.5 0-0.8-0.4t-0.4-0.8v-2.3q0-0.5 0.4-0.8t0.8-0.4h1.1v-6.8h-1.1q-0.5 0-0.8-0.4t-0.4-0.8v-2.3q0-0.5 0.4-0.8t0.8-0.4h6.8q0.5 0 0.8 0.4t0.4 0.8v10.3h1.1q0.5 0 0.8 0.4t0.3 0.8zM9.2 3.4v3.4q0 0.5-0.4 0.8t-0.8 0.4h-4.6q-0.4 0-0.8-0.4t-0.4-0.8v-3.4q0-0.4 0.4-0.8t0.8-0.4h4.6q0.5 0 0.8 0.4t0.4 0.8z\"\/><\/svg><\/span><\/a><\/li><\/ul><\/div>","protected":false},"excerpt":{"rendered":"<p>Liebe Spieler, liebe Fans, das Trainer-Gespann (Charly und Jochen) ist bereits in den Vorbereitungen f\u00fcr das gro\u00dfe Champions-League Turnier am Samstag, den 21. Juli. Wichtigster und entscheidenster Punkt, ist die Aufstellung und Nominierung eines Kaders. Daher haben wir hier eine Liste erstellt mit allen&#46;&#46;&#46;<\/p>\n","protected":false},"author":2,"featured_media":1548,"comment_status":"open","ping_status":"open","sticky":false,"template":"","format":"standard","meta":{"jetpack_post_was_ever_published":false,"_jetpack_newsletter_access":"","_jetpack_dont_email_post_to_subs":false,"_jetpack_newsletter_tier_id":0,"_jetpack_memberships_contains_paywalled_content":false,"_jetpack_memberships_contains_paid_content":false,"footnotes":""},"categories":[5],"tags":[87,104,127,128,596],"class_list":["post-68","post","type-post","status-publish","format-standard","has-post-thumbnail","hentry","category-fusball","tag-champions-league","tag-dekanat","tag-edh","tag-edh-allstars","tag-fusball"],"yoast_head":"<!-- This site is optimized with the Yoast SEO plugin v27.4 - https:\/\/yoast.com\/product\/yoast-seo-wordpress\/ -->\n<title>EdH Allstars for Champions-League - jk blog<\/title>\n<meta name=\"description\" content=\"Liebe Spieler, liebe Fans, das Trainer-Gespann (Charly und Jochen) ist bereits in den Vorbereitungen f\u00fcr das gro\u00dfe Champions-League Turnier am Samstag, den 21. Juli.\" \/>\n<meta name=\"robots\" content=\"index, follow, max-snippet:-1, max-image-preview:large, max-video-preview:-1\" \/>\n<link rel=\"canonical\" href=\"https:\/\/www.karlstetter.net\/jkblog\/2007\/07\/18\/edh-allstars-for-champions-league\/\" \/>\n<meta property=\"og:locale\" content=\"de_DE\" \/>\n<meta property=\"og:type\" content=\"article\" \/>\n<meta property=\"og:title\" content=\"EdH Allstars for Champions-League - jk blog\" \/>\n<meta property=\"og:description\" content=\"Liebe Spieler, liebe Fans, das Trainer-Gespann (Charly und Jochen) ist bereits in den Vorbereitungen f\u00fcr das gro\u00dfe Champions-League Turnier am Samstag, den 21. Juli.\" \/>\n<meta property=\"og:url\" content=\"https:\/\/www.karlstetter.net\/jkblog\/2007\/07\/18\/edh-allstars-for-champions-league\/\" \/>\n<meta property=\"og:site_name\" content=\"jk blog\" \/>\n<meta property=\"article:author\" content=\"https:\/\/de-de.facebook.com\/bayernbazi\" \/>\n<meta property=\"article:published_time\" content=\"2007-07-18T20:20:13+00:00\" \/>\n<meta property=\"article:modified_time\" content=\"2023-02-20T10:23:20+00:00\" \/>\n<meta property=\"og:image\" content=\"https:\/\/www.karlstetter.net\/jkblog\/wp-content\/uploads\/2007\/07\/EDH_Allstars.gif\" \/>\n\t<meta property=\"og:image:width\" content=\"200\" \/>\n\t<meta property=\"og:image:height\" content=\"96\" \/>\n\t<meta property=\"og:image:type\" content=\"image\/gif\" \/>\n<meta name=\"author\" content=\"JK\" \/>\n<meta name=\"twitter:label1\" content=\"Verfasst von\" \/>\n\t<meta name=\"twitter:data1\" content=\"JK\" \/>\n\t<meta name=\"twitter:label2\" content=\"Gesch\u00e4tzte Lesezeit\" \/>\n\t<meta name=\"twitter:data2\" content=\"3\u00a0Minuten\" \/>\n<script type=\"application\/ld+json\" class=\"yoast-schema-graph\">{\"@context\":\"https:\\\/\\\/schema.org\",\"@graph\":[{\"@type\":\"Article\",\"@id\":\"https:\\\/\\\/www.karlstetter.net\\\/jkblog\\\/2007\\\/07\\\/18\\\/edh-allstars-for-champions-league\\\/#article\",\"isPartOf\":{\"@id\":\"https:\\\/\\\/www.karlstetter.net\\\/jkblog\\\/2007\\\/07\\\/18\\\/edh-allstars-for-champions-league\\\/\"},\"author\":{\"name\":\"JK\",\"@id\":\"https:\\\/\\\/www.karlstetter.net\\\/jkblog\\\/#\\\/schema\\\/person\\\/2a92019bcb282ecce17aa7ec379f3d29\"},\"headline\":\"EdH Allstars for Champions-League\",\"datePublished\":\"2007-07-18T20:20:13+00:00\",\"dateModified\":\"2023-02-20T10:23:20+00:00\",\"mainEntityOfPage\":{\"@id\":\"https:\\\/\\\/www.karlstetter.net\\\/jkblog\\\/2007\\\/07\\\/18\\\/edh-allstars-for-champions-league\\\/\"},\"wordCount\":334,\"commentCount\":22,\"publisher\":{\"@id\":\"https:\\\/\\\/www.karlstetter.net\\\/jkblog\\\/#organization\"},\"image\":{\"@id\":\"https:\\\/\\\/www.karlstetter.net\\\/jkblog\\\/2007\\\/07\\\/18\\\/edh-allstars-for-champions-league\\\/#primaryimage\"},\"thumbnailUrl\":\"https:\\\/\\\/i0.wp.com\\\/www.karlstetter.net\\\/jkblog\\\/wp-content\\\/uploads\\\/2007\\\/07\\\/EDH_Allstars.gif?fit=200%2C96&ssl=1\",\"keywords\":[\"Champions-League\",\"Dekanat\",\"EdH\",\"EdH Allstars\",\"Fu\u00dfball\"],\"articleSection\":[\"Fu\u00dfball\"],\"inLanguage\":\"de\",\"potentialAction\":[{\"@type\":\"CommentAction\",\"name\":\"Comment\",\"target\":[\"https:\\\/\\\/www.karlstetter.net\\\/jkblog\\\/2007\\\/07\\\/18\\\/edh-allstars-for-champions-league\\\/#respond\"]}]},{\"@type\":\"WebPage\",\"@id\":\"https:\\\/\\\/www.karlstetter.net\\\/jkblog\\\/2007\\\/07\\\/18\\\/edh-allstars-for-champions-league\\\/\",\"url\":\"https:\\\/\\\/www.karlstetter.net\\\/jkblog\\\/2007\\\/07\\\/18\\\/edh-allstars-for-champions-league\\\/\",\"name\":\"EdH Allstars for Champions-League - jk blog\",\"isPartOf\":{\"@id\":\"https:\\\/\\\/www.karlstetter.net\\\/jkblog\\\/#website\"},\"primaryImageOfPage\":{\"@id\":\"https:\\\/\\\/www.karlstetter.net\\\/jkblog\\\/2007\\\/07\\\/18\\\/edh-allstars-for-champions-league\\\/#primaryimage\"},\"image\":{\"@id\":\"https:\\\/\\\/www.karlstetter.net\\\/jkblog\\\/2007\\\/07\\\/18\\\/edh-allstars-for-champions-league\\\/#primaryimage\"},\"thumbnailUrl\":\"https:\\\/\\\/i0.wp.com\\\/www.karlstetter.net\\\/jkblog\\\/wp-content\\\/uploads\\\/2007\\\/07\\\/EDH_Allstars.gif?fit=200%2C96&ssl=1\",\"datePublished\":\"2007-07-18T20:20:13+00:00\",\"dateModified\":\"2023-02-20T10:23:20+00:00\",\"description\":\"Liebe Spieler, liebe Fans, das Trainer-Gespann (Charly und Jochen) ist bereits in den Vorbereitungen f\u00fcr das gro\u00dfe Champions-League Turnier am Samstag, den 21. Juli.\",\"breadcrumb\":{\"@id\":\"https:\\\/\\\/www.karlstetter.net\\\/jkblog\\\/2007\\\/07\\\/18\\\/edh-allstars-for-champions-league\\\/#breadcrumb\"},\"inLanguage\":\"de\",\"potentialAction\":[{\"@type\":\"ReadAction\",\"target\":[\"https:\\\/\\\/www.karlstetter.net\\\/jkblog\\\/2007\\\/07\\\/18\\\/edh-allstars-for-champions-league\\\/\"]}]},{\"@type\":\"ImageObject\",\"inLanguage\":\"de\",\"@id\":\"https:\\\/\\\/www.karlstetter.net\\\/jkblog\\\/2007\\\/07\\\/18\\\/edh-allstars-for-champions-league\\\/#primaryimage\",\"url\":\"https:\\\/\\\/i0.wp.com\\\/www.karlstetter.net\\\/jkblog\\\/wp-content\\\/uploads\\\/2007\\\/07\\\/EDH_Allstars.gif?fit=200%2C96&ssl=1\",\"contentUrl\":\"https:\\\/\\\/i0.wp.com\\\/www.karlstetter.net\\\/jkblog\\\/wp-content\\\/uploads\\\/2007\\\/07\\\/EDH_Allstars.gif?fit=200%2C96&ssl=1\",\"width\":200,\"height\":96},{\"@type\":\"BreadcrumbList\",\"@id\":\"https:\\\/\\\/www.karlstetter.net\\\/jkblog\\\/2007\\\/07\\\/18\\\/edh-allstars-for-champions-league\\\/#breadcrumb\",\"itemListElement\":[{\"@type\":\"ListItem\",\"position\":1,\"name\":\"Startseite\",\"item\":\"https:\\\/\\\/www.karlstetter.net\\\/jkblog\\\/\"},{\"@type\":\"ListItem\",\"position\":2,\"name\":\"EdH Allstars for Champions-League\"}]},{\"@type\":\"WebSite\",\"@id\":\"https:\\\/\\\/www.karlstetter.net\\\/jkblog\\\/#website\",\"url\":\"https:\\\/\\\/www.karlstetter.net\\\/jkblog\\\/\",\"name\":\"jk blog\",\"description\":\"M\u00fcnchner Allerlei seit 2005\",\"publisher\":{\"@id\":\"https:\\\/\\\/www.karlstetter.net\\\/jkblog\\\/#organization\"},\"potentialAction\":[{\"@type\":\"SearchAction\",\"target\":{\"@type\":\"EntryPoint\",\"urlTemplate\":\"https:\\\/\\\/www.karlstetter.net\\\/jkblog\\\/?s={search_term_string}\"},\"query-input\":{\"@type\":\"PropertyValueSpecification\",\"valueRequired\":true,\"valueName\":\"search_term_string\"}}],\"inLanguage\":\"de\"},{\"@type\":\"Organization\",\"@id\":\"https:\\\/\\\/www.karlstetter.net\\\/jkblog\\\/#organization\",\"name\":\"jk blog\",\"url\":\"https:\\\/\\\/www.karlstetter.net\\\/jkblog\\\/\",\"logo\":{\"@type\":\"ImageObject\",\"inLanguage\":\"de\",\"@id\":\"https:\\\/\\\/www.karlstetter.net\\\/jkblog\\\/#\\\/schema\\\/logo\\\/image\\\/\",\"url\":\"https:\\\/\\\/i0.wp.com\\\/www.karlstetter.net\\\/jkblog\\\/wp-content\\\/uploads\\\/2022\\\/08\\\/jkblog_2022_Logo.png?fit=500%2C213&ssl=1\",\"contentUrl\":\"https:\\\/\\\/i0.wp.com\\\/www.karlstetter.net\\\/jkblog\\\/wp-content\\\/uploads\\\/2022\\\/08\\\/jkblog_2022_Logo.png?fit=500%2C213&ssl=1\",\"width\":500,\"height\":213,\"caption\":\"jk blog\"},\"image\":{\"@id\":\"https:\\\/\\\/www.karlstetter.net\\\/jkblog\\\/#\\\/schema\\\/logo\\\/image\\\/\"}},{\"@type\":\"Person\",\"@id\":\"https:\\\/\\\/www.karlstetter.net\\\/jkblog\\\/#\\\/schema\\\/person\\\/2a92019bcb282ecce17aa7ec379f3d29\",\"name\":\"JK\",\"image\":{\"@type\":\"ImageObject\",\"inLanguage\":\"de\",\"@id\":\"https:\\\/\\\/secure.gravatar.com\\\/avatar\\\/61120a9cd0caf6f8ef48873f0e5a0bf445b011424a20c8e2f0565ecc84bc047e?s=96&d=mm&r=x\",\"url\":\"https:\\\/\\\/secure.gravatar.com\\\/avatar\\\/61120a9cd0caf6f8ef48873f0e5a0bf445b011424a20c8e2f0565ecc84bc047e?s=96&d=mm&r=x\",\"contentUrl\":\"https:\\\/\\\/secure.gravatar.com\\\/avatar\\\/61120a9cd0caf6f8ef48873f0e5a0bf445b011424a20c8e2f0565ecc84bc047e?s=96&d=mm&r=x\",\"caption\":\"JK\"},\"sameAs\":[\"https:\\\/\\\/www.jkblog.de\",\"https:\\\/\\\/de-de.facebook.com\\\/bayernbazi\",\"https:\\\/\\\/x.com\\\/monacobazi\"],\"url\":\"https:\\\/\\\/www.karlstetter.net\\\/jkblog\\\/author\\\/jk\\\/\"}]}<\/script>\n<!-- \/ Yoast SEO plugin. -->","yoast_head_json":{"title":"EdH Allstars for Champions-League - jk blog","description":"Liebe Spieler, liebe Fans, das Trainer-Gespann (Charly und Jochen) ist bereits in den Vorbereitungen f\u00fcr das gro\u00dfe Champions-League Turnier am Samstag, den 21. Juli.","robots":{"index":"index","follow":"follow","max-snippet":"max-snippet:-1","max-image-preview":"max-image-preview:large","max-video-preview":"max-video-preview:-1"},"canonical":"https:\/\/www.karlstetter.net\/jkblog\/2007\/07\/18\/edh-allstars-for-champions-league\/","og_locale":"de_DE","og_type":"article","og_title":"EdH Allstars for Champions-League - jk blog","og_description":"Liebe Spieler, liebe Fans, das Trainer-Gespann (Charly und Jochen) ist bereits in den Vorbereitungen f\u00fcr das gro\u00dfe Champions-League Turnier am Samstag, den 21. Juli.","og_url":"https:\/\/www.karlstetter.net\/jkblog\/2007\/07\/18\/edh-allstars-for-champions-league\/","og_site_name":"jk blog","article_author":"https:\/\/de-de.facebook.com\/bayernbazi","article_published_time":"2007-07-18T20:20:13+00:00","article_modified_time":"2023-02-20T10:23:20+00:00","og_image":[{"width":200,"height":96,"url":"https:\/\/www.karlstetter.net\/jkblog\/wp-content\/uploads\/2007\/07\/EDH_Allstars.gif","type":"image\/gif"}],"author":"JK","twitter_misc":{"Verfasst von":"JK","Gesch\u00e4tzte Lesezeit":"3\u00a0Minuten"},"schema":{"@context":"https:\/\/schema.org","@graph":[{"@type":"Article","@id":"https:\/\/www.karlstetter.net\/jkblog\/2007\/07\/18\/edh-allstars-for-champions-league\/#article","isPartOf":{"@id":"https:\/\/www.karlstetter.net\/jkblog\/2007\/07\/18\/edh-allstars-for-champions-league\/"},"author":{"name":"JK","@id":"https:\/\/www.karlstetter.net\/jkblog\/#\/schema\/person\/2a92019bcb282ecce17aa7ec379f3d29"},"headline":"EdH Allstars for Champions-League","datePublished":"2007-07-18T20:20:13+00:00","dateModified":"2023-02-20T10:23:20+00:00","mainEntityOfPage":{"@id":"https:\/\/www.karlstetter.net\/jkblog\/2007\/07\/18\/edh-allstars-for-champions-league\/"},"wordCount":334,"commentCount":22,"publisher":{"@id":"https:\/\/www.karlstetter.net\/jkblog\/#organization"},"image":{"@id":"https:\/\/www.karlstetter.net\/jkblog\/2007\/07\/18\/edh-allstars-for-champions-league\/#primaryimage"},"thumbnailUrl":"https:\/\/i0.wp.com\/www.karlstetter.net\/jkblog\/wp-content\/uploads\/2007\/07\/EDH_Allstars.gif?fit=200%2C96&ssl=1","keywords":["Champions-League","Dekanat","EdH","EdH Allstars","Fu\u00dfball"],"articleSection":["Fu\u00dfball"],"inLanguage":"de","potentialAction":[{"@type":"CommentAction","name":"Comment","target":["https:\/\/www.karlstetter.net\/jkblog\/2007\/07\/18\/edh-allstars-for-champions-league\/#respond"]}]},{"@type":"WebPage","@id":"https:\/\/www.karlstetter.net\/jkblog\/2007\/07\/18\/edh-allstars-for-champions-league\/","url":"https:\/\/www.karlstetter.net\/jkblog\/2007\/07\/18\/edh-allstars-for-champions-league\/","name":"EdH Allstars for Champions-League - jk blog","isPartOf":{"@id":"https:\/\/www.karlstetter.net\/jkblog\/#website"},"primaryImageOfPage":{"@id":"https:\/\/www.karlstetter.net\/jkblog\/2007\/07\/18\/edh-allstars-for-champions-league\/#primaryimage"},"image":{"@id":"https:\/\/www.karlstetter.net\/jkblog\/2007\/07\/18\/edh-allstars-for-champions-league\/#primaryimage"},"thumbnailUrl":"https:\/\/i0.wp.com\/www.karlstetter.net\/jkblog\/wp-content\/uploads\/2007\/07\/EDH_Allstars.gif?fit=200%2C96&ssl=1","datePublished":"2007-07-18T20:20:13+00:00","dateModified":"2023-02-20T10:23:20+00:00","description":"Liebe Spieler, liebe Fans, das Trainer-Gespann (Charly und Jochen) ist bereits in den Vorbereitungen f\u00fcr das gro\u00dfe Champions-League Turnier am Samstag, den 21. Juli.","breadcrumb":{"@id":"https:\/\/www.karlstetter.net\/jkblog\/2007\/07\/18\/edh-allstars-for-champions-league\/#breadcrumb"},"inLanguage":"de","potentialAction":[{"@type":"ReadAction","target":["https:\/\/www.karlstetter.net\/jkblog\/2007\/07\/18\/edh-allstars-for-champions-league\/"]}]},{"@type":"ImageObject","inLanguage":"de","@id":"https:\/\/www.karlstetter.net\/jkblog\/2007\/07\/18\/edh-allstars-for-champions-league\/#primaryimage","url":"https:\/\/i0.wp.com\/www.karlstetter.net\/jkblog\/wp-content\/uploads\/2007\/07\/EDH_Allstars.gif?fit=200%2C96&ssl=1","contentUrl":"https:\/\/i0.wp.com\/www.karlstetter.net\/jkblog\/wp-content\/uploads\/2007\/07\/EDH_Allstars.gif?fit=200%2C96&ssl=1","width":200,"height":96},{"@type":"BreadcrumbList","@id":"https:\/\/www.karlstetter.net\/jkblog\/2007\/07\/18\/edh-allstars-for-champions-league\/#breadcrumb","itemListElement":[{"@type":"ListItem","position":1,"name":"Startseite","item":"https:\/\/www.karlstetter.net\/jkblog\/"},{"@type":"ListItem","position":2,"name":"EdH Allstars for Champions-League"}]},{"@type":"WebSite","@id":"https:\/\/www.karlstetter.net\/jkblog\/#website","url":"https:\/\/www.karlstetter.net\/jkblog\/","name":"jk blog","description":"M\u00fcnchner Allerlei seit 2005","publisher":{"@id":"https:\/\/www.karlstetter.net\/jkblog\/#organization"},"potentialAction":[{"@type":"SearchAction","target":{"@type":"EntryPoint","urlTemplate":"https:\/\/www.karlstetter.net\/jkblog\/?s={search_term_string}"},"query-input":{"@type":"PropertyValueSpecification","valueRequired":true,"valueName":"search_term_string"}}],"inLanguage":"de"},{"@type":"Organization","@id":"https:\/\/www.karlstetter.net\/jkblog\/#organization","name":"jk blog","url":"https:\/\/www.karlstetter.net\/jkblog\/","logo":{"@type":"ImageObject","inLanguage":"de","@id":"https:\/\/www.karlstetter.net\/jkblog\/#\/schema\/logo\/image\/","url":"https:\/\/i0.wp.com\/www.karlstetter.net\/jkblog\/wp-content\/uploads\/2022\/08\/jkblog_2022_Logo.png?fit=500%2C213&ssl=1","contentUrl":"https:\/\/i0.wp.com\/www.karlstetter.net\/jkblog\/wp-content\/uploads\/2022\/08\/jkblog_2022_Logo.png?fit=500%2C213&ssl=1","width":500,"height":213,"caption":"jk blog"},"image":{"@id":"https:\/\/www.karlstetter.net\/jkblog\/#\/schema\/logo\/image\/"}},{"@type":"Person","@id":"https:\/\/www.karlstetter.net\/jkblog\/#\/schema\/person\/2a92019bcb282ecce17aa7ec379f3d29","name":"JK","image":{"@type":"ImageObject","inLanguage":"de","@id":"https:\/\/secure.gravatar.com\/avatar\/61120a9cd0caf6f8ef48873f0e5a0bf445b011424a20c8e2f0565ecc84bc047e?s=96&d=mm&r=x","url":"https:\/\/secure.gravatar.com\/avatar\/61120a9cd0caf6f8ef48873f0e5a0bf445b011424a20c8e2f0565ecc84bc047e?s=96&d=mm&r=x","contentUrl":"https:\/\/secure.gravatar.com\/avatar\/61120a9cd0caf6f8ef48873f0e5a0bf445b011424a20c8e2f0565ecc84bc047e?s=96&d=mm&r=x","caption":"JK"},"sameAs":["https:\/\/www.jkblog.de","https:\/\/de-de.facebook.com\/bayernbazi","https:\/\/x.com\/monacobazi"],"url":"https:\/\/www.karlstetter.net\/jkblog\/author\/jk\/"}]}},"jetpack_featured_media_url":"https:\/\/i0.wp.com\/www.karlstetter.net\/jkblog\/wp-content\/uploads\/2007\/07\/EDH_Allstars.gif?fit=200%2C96&ssl=1","jetpack_shortlink":"https:\/\/wp.me\/p3i4NZ-16","jetpack_sharing_enabled":true,"_links":{"self":[{"href":"https:\/\/www.karlstetter.net\/jkblog\/wp-json\/wp\/v2\/posts\/68","targetHints":{"allow":["GET"]}}],"collection":[{"href":"https:\/\/www.karlstetter.net\/jkblog\/wp-json\/wp\/v2\/posts"}],"about":[{"href":"https:\/\/www.karlstetter.net\/jkblog\/wp-json\/wp\/v2\/types\/post"}],"author":[{"embeddable":true,"href":"https:\/\/www.karlstetter.net\/jkblog\/wp-json\/wp\/v2\/users\/2"}],"replies":[{"embeddable":true,"href":"https:\/\/www.karlstetter.net\/jkblog\/wp-json\/wp\/v2\/comments?post=68"}],"version-history":[{"count":2,"href":"https:\/\/www.karlstetter.net\/jkblog\/wp-json\/wp\/v2\/posts\/68\/revisions"}],"predecessor-version":[{"id":4057,"href":"https:\/\/www.karlstetter.net\/jkblog\/wp-json\/wp\/v2\/posts\/68\/revisions\/4057"}],"wp:featuredmedia":[{"embeddable":true,"href":"https:\/\/www.karlstetter.net\/jkblog\/wp-json\/wp\/v2\/media\/1548"}],"wp:attachment":[{"href":"https:\/\/www.karlstetter.net\/jkblog\/wp-json\/wp\/v2\/media?parent=68"}],"wp:term":[{"taxonomy":"category","embeddable":true,"href":"https:\/\/www.karlstetter.net\/jkblog\/wp-json\/wp\/v2\/categories?post=68"},{"taxonomy":"post_tag","embeddable":true,"href":"https:\/\/www.karlstetter.net\/jkblog\/wp-json\/wp\/v2\/tags?post=68"}],"curies":[{"name":"wp","href":"https:\/\/api.w.org\/{rel}","templated":true}]}}