{"id":702,"date":"2010-09-05T22:25:56","date_gmt":"2010-09-05T20:25:56","guid":{"rendered":"http:\/\/blog.karlstetter.net\/?p=702"},"modified":"2013-03-26T00:02:13","modified_gmt":"2013-03-25T23:02:13","slug":"urlaubsnachlese-mallorca-2010","status":"publish","type":"post","link":"https:\/\/www.karlstetter.net\/jkblog\/2010\/09\/05\/urlaubsnachlese-mallorca-2010\/","title":{"rendered":"Urlaubsnachlese: Mallorca 2010"},"content":{"rendered":"<p>Im Gegensatz zu fr\u00fcher gibt es diesmal eine Urlaubsnachlese mit einer Auswahl an Bildern. Einerseits war die Internetanbindung im Hotel mehr als teuer und zum anderen sind die eigenen Priorit\u00e4ten im Familienurlaub einfach ver\u00e4ndert. \ud83d\ude09<\/p>\n<p>Ja es ist schon wieder eine Woche her, seit dem wir aus Mallorca zur\u00fcckgekehrt sind. Aufgrund meiner neuen beruflichen Situation und der Krippenschlie\u00dfung hatten wir uns sehr kurzfristig zu dieser 7-t\u00e4gigen Reise entschieden. F\u00fcr uns als jahrelange &#8222;Weitreisende&#8220; war das mit Kind nat\u00fcrlich eine v\u00f6llig neue Herausforderung. Zwar waren wir mit ihm schon geflogen und eine Woche an der Nordsee, jedoch hatte sich seitdem Jonas Bewegungsradius enorm vergr\u00f6\u00dfert.<\/p>\n<p>Entgegen aller gehegten Bef\u00fcrchtungen war JK jr. w\u00e4hrend der Condor-Fl\u00fcge (und zweimaliger Versp\u00e4tung)\u00a0 sehr brav.<br \/>\nAuf Malle waren wir schon einmal vor 12 Jahren an der Ostk\u00fcste gewesen, diesmal verschlug es uns in den Norden, an die Bucht und den sch\u00f6nen Sandstrand von Alcudia. Sprich &#8211; weit weg vom Ballermann. \ud83d\ude09 Als Unterbringung hatten wir die All-Inclusive-Variante im <a href=\"http:\/\/www.iberostar.com\/DE\/Hotels-Mallorca\/Iberostar-Alcudia-Park_3_02.html\" target=\"_blank\">Iberostar Alcudia Park<\/a> gew\u00e4hlt. Das Hotel \u00fcberzeugte durch die direkte Lage zum Strand und sehr gutes Essen. Das Wetter h\u00e4tte nicht besser sein k\u00f6nnen, es gab stets Sonnenschein und blauen Himmel bei knapp 30 Grad Celsius. Ein Tag war etwas bew\u00f6lkt. \ud83d\ude42<\/p>\n<p>Von der sehr fr\u00fchen Ankunft am Anreisetag konnten wir kaum profitieren, da der Familienmittagschlaf etwas l\u00e4nger dauerte. Am Abend konnten wir uns aber noch einen kleinen \u00dcberblick vom Hotel und der Gegend machen. Am Morgen des zweiten Tages durfte ich dann vom Balkon aus Zeuge eines (t\u00e4glich stattfindenden) Spektakels werden. <em>Der Liegenreservierungskampf.<\/em> Das hat nat\u00fcrlich jeder schon einmal in seinem Urlaub erlebt, jedoch fand hier definitiv die Version 2.0 statt. Da die Liegen am Strand kostenpflichtig und die Poolliegen bis zum Fr\u00fchst\u00fcck eingesperrt waren, wurde bereits mit den Handt\u00fcchern der zuk\u00fcnftige Platz f\u00fcr die Liege reserviert. Beweisfotos in der Bildergallerie. Bei diesem J\u00e4ger und Sammler Wettkampf habe ich dann aber nur einen Tag mitgemacht. Die restlichen Tage nahmen wir uns lieber die Liegen am Strand und machten Ausfl\u00fcge.<\/p>\n<p>Wie ging es mit dem Kleinen im Urlaub? Wir denken Jonas hatte sehr viel Spa\u00df, sowohl beim Plantschen im Pool\/Meer, beim Buddeln im Sand, beim Flanieren und Dauerwinken an der Strandpromenade, beim Sch\u00e4kern mit dem Hotelpersonal oder beim Bestaunen der Fische im Aquarium. Demnach hatten auch wir einen sehr angenehmen und entspannten Urlaub, in dem wir uns nicht scheuten auch einmal zeitgleich mit dem Junior ins Bett zu gehen.<\/p>\n<p>Wie schon erw\u00e4hnt verbrachten wir die Zeit nicht nur am Strand bzw. im Meer, sondern nahmen uns auch 2 Tage einen Mietwagen und d\u00fcsten um die Insel. Dabei besuchten wir das <a href=\"http:\/\/www.palmaaquarium.com\/\" target=\"_blank\">Aquarium in Palma<\/a>, die <a href=\"http:\/\/de.wikipedia.org\/wiki\/La_Seu\" target=\"_blank\">Kathedralenkirche<\/a> der heiligen Maria (La Seu) und nach einem lustigen Roadtrip entlang der gesamten Ost- und Nordk\u00fcste noch den Leuchtturm am <a href=\"http:\/\/de.wikipedia.org\/wiki\/Cap_Formentor\" target=\"_blank\">Cap Formentor<\/a>. Auch der \u00f6ffentliche Nahverkehr wurde von uns f\u00fcr kleinere Ausfl\u00fcge (in die Nachbarst\u00e4dte\/D\u00f6rfer) genutzt, leider mit dem zu erwartendem &#8222;Ma\u00f1ana&#8220; Ergebnis. Wer schon mal in Spanien war, wei\u00df Bescheid. (F\u00fcr alle anderen: Der Bus kommt wann er will, auch wenn der Fahrplan was anderes sagt.) \ud83d\ude09<\/p>\n<p>Alles in allem ein super sch\u00f6ner Familienurlaub, der ruhig 2-3 Tage l\u00e4nger h\u00e4tte sein d\u00fcrfen. Wir k\u00f6nnen es empfehlen. Da aber Bilder mehr als Worte sagen, Licht aus Spot an:<\/p>\n<div class=\"tiled-gallery type-rectangular tiled-gallery-unresized\" data-original-width=\"500\" data-carousel-extra='{&quot;blog_id&quot;:1,&quot;permalink&quot;:&quot;https:\\\/\\\/www.karlstetter.net\\\/jkblog\\\/2010\\\/09\\\/05\\\/urlaubsnachlese-mallorca-2010\\\/&quot;,&quot;likes_blog_id&quot;:48637387}' itemscope itemtype=\"http:\/\/schema.org\/ImageGallery\" > <div class=\"gallery-row\" style=\"width: 500px; height: 332px;\" data-original-width=\"500\" data-original-height=\"332\" > <div class=\"gallery-group images-1\" style=\"width: 250px; height: 332px;\" data-original-width=\"250\" data-original-height=\"332\" > <div class=\"tiled-gallery-item tiled-gallery-item-small\" itemprop=\"associatedMedia\" itemscope itemtype=\"http:\/\/schema.org\/ImageObject\"> <a href=\"https:\/\/www.karlstetter.net\/jkblog\/2010\/09\/05\/urlaubsnachlese-mallorca-2010\/01-mallorca2010\/\" border=\"0\" itemprop=\"url\"> <meta itemprop=\"width\" content=\"246\"> <meta itemprop=\"height\" content=\"328\"> <img decoding=\"async\" class=\"\" data-attachment-id=\"2360\" data-orig-file=\"https:\/\/www.karlstetter.net\/jkblog\/wp-content\/uploads\/2010\/09\/01-Mallorca2010.jpg\" data-orig-size=\"600,800\" data-comments-opened=\"1\" data-image-meta=\"{&quot;aperture&quot;:&quot;2.8&quot;,&quot;credit&quot;:&quot;&quot;,&quot;camera&quot;:&quot;DMC-FX50&quot;,&quot;caption&quot;:&quot;&quot;,&quot;created_timestamp&quot;:&quot;1282455699&quot;,&quot;copyright&quot;:&quot;&quot;,&quot;focal_length&quot;:&quot;4.6&quot;,&quot;iso&quot;:&quot;100&quot;,&quot;shutter_speed&quot;:&quot;0.0333333333333&quot;,&quot;title&quot;:&quot;&quot;,&quot;orientation&quot;:&quot;0&quot;}\" data-image-title=\"01-Mallorca2010\" data-image-description=\"\" data-medium-file=\"https:\/\/i0.wp.com\/www.karlstetter.net\/jkblog\/wp-content\/uploads\/2010\/09\/01-Mallorca2010.jpg?fit=300%2C400&#038;ssl=1\" data-large-file=\"https:\/\/i0.wp.com\/www.karlstetter.net\/jkblog\/wp-content\/uploads\/2010\/09\/01-Mallorca2010.jpg?fit=600%2C800&#038;ssl=1\" src=\"https:\/\/i0.wp.com\/www.karlstetter.net\/jkblog\/wp-content\/uploads\/2010\/09\/01-Mallorca2010.jpg?w=246&#038;h=328&#038;ssl=1\" srcset=\"https:\/\/i0.wp.com\/www.karlstetter.net\/jkblog\/wp-content\/uploads\/2010\/09\/01-Mallorca2010.jpg?w=600&amp;ssl=1 600w, https:\/\/i0.wp.com\/www.karlstetter.net\/jkblog\/wp-content\/uploads\/2010\/09\/01-Mallorca2010.jpg?resize=150%2C200&amp;ssl=1 150w, https:\/\/i0.wp.com\/www.karlstetter.net\/jkblog\/wp-content\/uploads\/2010\/09\/01-Mallorca2010.jpg?resize=300%2C400&amp;ssl=1 300w\" width=\"246\" height=\"328\" loading=\"lazy\" data-original-width=\"246\" data-original-height=\"328\" itemprop=\"http:\/\/schema.org\/image\" title=\"01-Mallorca2010\" alt=\"Mal schauen, wohin die Reise geht\" style=\"width: 246px; height: 328px;\" \/> <\/a> <div class=\"tiled-gallery-caption\" itemprop=\"caption description\"> Mal schauen, wohin die Reise geht <\/div> <\/div> <\/div> <!-- close group --> <div class=\"gallery-group images-1\" style=\"width: 250px; height: 332px;\" data-original-width=\"250\" data-original-height=\"332\" > <div class=\"tiled-gallery-item tiled-gallery-item-small\" itemprop=\"associatedMedia\" itemscope itemtype=\"http:\/\/schema.org\/ImageObject\"> <a href=\"https:\/\/www.karlstetter.net\/jkblog\/2010\/09\/05\/urlaubsnachlese-mallorca-2010\/02-mallorca2010\/\" border=\"0\" itemprop=\"url\"> <meta itemprop=\"width\" content=\"246\"> <meta itemprop=\"height\" content=\"328\"> <img decoding=\"async\" class=\"\" data-attachment-id=\"2361\" data-orig-file=\"https:\/\/www.karlstetter.net\/jkblog\/wp-content\/uploads\/2010\/09\/02-Mallorca2010.jpg\" data-orig-size=\"600,800\" data-comments-opened=\"1\" data-image-meta=\"{&quot;aperture&quot;:&quot;8&quot;,&quot;credit&quot;:&quot;&quot;,&quot;camera&quot;:&quot;DMC-FX50&quot;,&quot;caption&quot;:&quot;&quot;,&quot;created_timestamp&quot;:&quot;1282496404&quot;,&quot;copyright&quot;:&quot;&quot;,&quot;focal_length&quot;:&quot;4.6&quot;,&quot;iso&quot;:&quot;100&quot;,&quot;shutter_speed&quot;:&quot;0.004&quot;,&quot;title&quot;:&quot;&quot;,&quot;orientation&quot;:&quot;0&quot;}\" data-image-title=\"02-Mallorca2010\" data-image-description=\"\" data-medium-file=\"https:\/\/i0.wp.com\/www.karlstetter.net\/jkblog\/wp-content\/uploads\/2010\/09\/02-Mallorca2010.jpg?fit=300%2C400&#038;ssl=1\" data-large-file=\"https:\/\/i0.wp.com\/www.karlstetter.net\/jkblog\/wp-content\/uploads\/2010\/09\/02-Mallorca2010.jpg?fit=600%2C800&#038;ssl=1\" src=\"https:\/\/i0.wp.com\/www.karlstetter.net\/jkblog\/wp-content\/uploads\/2010\/09\/02-Mallorca2010.jpg?w=246&#038;h=328&#038;ssl=1\" srcset=\"https:\/\/i0.wp.com\/www.karlstetter.net\/jkblog\/wp-content\/uploads\/2010\/09\/02-Mallorca2010.jpg?w=600&amp;ssl=1 600w, https:\/\/i0.wp.com\/www.karlstetter.net\/jkblog\/wp-content\/uploads\/2010\/09\/02-Mallorca2010.jpg?resize=150%2C200&amp;ssl=1 150w, https:\/\/i0.wp.com\/www.karlstetter.net\/jkblog\/wp-content\/uploads\/2010\/09\/02-Mallorca2010.jpg?resize=300%2C400&amp;ssl=1 300w\" width=\"246\" height=\"328\" loading=\"lazy\" data-original-width=\"246\" data-original-height=\"328\" itemprop=\"http:\/\/schema.org\/image\" title=\"02-Mallorca2010\" alt=\"Jonas will Meer\" style=\"width: 246px; height: 328px;\" \/> <\/a> <div class=\"tiled-gallery-caption\" itemprop=\"caption description\"> Jonas will Meer <\/div> <\/div> <\/div> <!-- close group --> <\/div> <!-- close row --> <div class=\"gallery-row\" style=\"width: 500px; height: 419px;\" data-original-width=\"500\" data-original-height=\"419\" > <div class=\"gallery-group images-3\" style=\"width: 185px; height: 419px;\" data-original-width=\"185\" data-original-height=\"419\" > <div class=\"tiled-gallery-item tiled-gallery-item-small\" itemprop=\"associatedMedia\" itemscope itemtype=\"http:\/\/schema.org\/ImageObject\"> <a href=\"https:\/\/www.karlstetter.net\/jkblog\/2010\/09\/05\/urlaubsnachlese-mallorca-2010\/03-mallorca2010\/\" border=\"0\" itemprop=\"url\"> <meta itemprop=\"width\" content=\"181\"> <meta itemprop=\"height\" content=\"136\"> <img decoding=\"async\" class=\"\" data-attachment-id=\"2362\" data-orig-file=\"https:\/\/www.karlstetter.net\/jkblog\/wp-content\/uploads\/2010\/09\/03-Mallorca2010.jpg\" data-orig-size=\"800,600\" data-comments-opened=\"1\" data-image-meta=\"{&quot;aperture&quot;:&quot;3.5&quot;,&quot;credit&quot;:&quot;&quot;,&quot;camera&quot;:&quot;DMC-FX50&quot;,&quot;caption&quot;:&quot;&quot;,&quot;created_timestamp&quot;:&quot;1282496473&quot;,&quot;copyright&quot;:&quot;&quot;,&quot;focal_length&quot;:&quot;7.5&quot;,&quot;iso&quot;:&quot;100&quot;,&quot;shutter_speed&quot;:&quot;0.001&quot;,&quot;title&quot;:&quot;&quot;,&quot;orientation&quot;:&quot;0&quot;}\" data-image-title=\"03-Mallorca2010\" data-image-description=\"\" data-medium-file=\"https:\/\/i0.wp.com\/www.karlstetter.net\/jkblog\/wp-content\/uploads\/2010\/09\/03-Mallorca2010.jpg?fit=400%2C300&#038;ssl=1\" data-large-file=\"https:\/\/i0.wp.com\/www.karlstetter.net\/jkblog\/wp-content\/uploads\/2010\/09\/03-Mallorca2010.jpg?fit=800%2C600&#038;ssl=1\" src=\"https:\/\/i0.wp.com\/www.karlstetter.net\/jkblog\/wp-content\/uploads\/2010\/09\/03-Mallorca2010.jpg?w=181&#038;h=136&#038;ssl=1\" srcset=\"https:\/\/i0.wp.com\/www.karlstetter.net\/jkblog\/wp-content\/uploads\/2010\/09\/03-Mallorca2010.jpg?w=800&amp;ssl=1 800w, https:\/\/i0.wp.com\/www.karlstetter.net\/jkblog\/wp-content\/uploads\/2010\/09\/03-Mallorca2010.jpg?resize=200%2C150&amp;ssl=1 200w, https:\/\/i0.wp.com\/www.karlstetter.net\/jkblog\/wp-content\/uploads\/2010\/09\/03-Mallorca2010.jpg?resize=400%2C300&amp;ssl=1 400w, https:\/\/i0.wp.com\/www.karlstetter.net\/jkblog\/wp-content\/uploads\/2010\/09\/03-Mallorca2010.jpg?resize=768%2C576&amp;ssl=1 768w\" width=\"181\" height=\"136\" loading=\"lazy\" data-original-width=\"181\" data-original-height=\"136\" itemprop=\"http:\/\/schema.org\/image\" title=\"03-Mallorca2010\" alt=\"Der Jonas mit dem Bagger und er baggert noch\" style=\"width: 181px; height: 136px;\" \/> <\/a> <div class=\"tiled-gallery-caption\" itemprop=\"caption description\"> Der Jonas mit dem Bagger und er baggert noch <\/div> <\/div> <div class=\"tiled-gallery-item tiled-gallery-item-small\" itemprop=\"associatedMedia\" itemscope itemtype=\"http:\/\/schema.org\/ImageObject\"> <a href=\"https:\/\/www.karlstetter.net\/jkblog\/2010\/09\/05\/urlaubsnachlese-mallorca-2010\/04-mallorca2010\/\" border=\"0\" itemprop=\"url\"> <meta itemprop=\"width\" content=\"181\"> <meta itemprop=\"height\" content=\"136\"> <img decoding=\"async\" class=\"\" data-attachment-id=\"2363\" data-orig-file=\"https:\/\/www.karlstetter.net\/jkblog\/wp-content\/uploads\/2010\/09\/04-Mallorca2010.jpg\" data-orig-size=\"800,600\" data-comments-opened=\"1\" data-image-meta=\"{&quot;aperture&quot;:&quot;4&quot;,&quot;credit&quot;:&quot;&quot;,&quot;camera&quot;:&quot;DSC-H5&quot;,&quot;caption&quot;:&quot;&quot;,&quot;created_timestamp&quot;:&quot;1282552596&quot;,&quot;copyright&quot;:&quot;&quot;,&quot;focal_length&quot;:&quot;15.5&quot;,&quot;iso&quot;:&quot;125&quot;,&quot;shutter_speed&quot;:&quot;0.00625&quot;,&quot;title&quot;:&quot;&quot;,&quot;orientation&quot;:&quot;0&quot;}\" data-image-title=\"04-Mallorca2010\" data-image-description=\"\" data-medium-file=\"https:\/\/i0.wp.com\/www.karlstetter.net\/jkblog\/wp-content\/uploads\/2010\/09\/04-Mallorca2010.jpg?fit=400%2C300&#038;ssl=1\" data-large-file=\"https:\/\/i0.wp.com\/www.karlstetter.net\/jkblog\/wp-content\/uploads\/2010\/09\/04-Mallorca2010.jpg?fit=800%2C600&#038;ssl=1\" src=\"https:\/\/i0.wp.com\/www.karlstetter.net\/jkblog\/wp-content\/uploads\/2010\/09\/04-Mallorca2010.jpg?w=181&#038;h=136&#038;ssl=1\" srcset=\"https:\/\/i0.wp.com\/www.karlstetter.net\/jkblog\/wp-content\/uploads\/2010\/09\/04-Mallorca2010.jpg?w=800&amp;ssl=1 800w, https:\/\/i0.wp.com\/www.karlstetter.net\/jkblog\/wp-content\/uploads\/2010\/09\/04-Mallorca2010.jpg?resize=200%2C150&amp;ssl=1 200w, https:\/\/i0.wp.com\/www.karlstetter.net\/jkblog\/wp-content\/uploads\/2010\/09\/04-Mallorca2010.jpg?resize=400%2C300&amp;ssl=1 400w, https:\/\/i0.wp.com\/www.karlstetter.net\/jkblog\/wp-content\/uploads\/2010\/09\/04-Mallorca2010.jpg?resize=768%2C576&amp;ssl=1 768w\" width=\"181\" height=\"136\" loading=\"lazy\" data-original-width=\"181\" data-original-height=\"136\" itemprop=\"http:\/\/schema.org\/image\" title=\"04-Mallorca2010\" alt=\"Handtuchreservierung 2.0\" style=\"width: 181px; height: 136px;\" \/> <\/a> <div class=\"tiled-gallery-caption\" itemprop=\"caption description\"> Handtuchreservierung 2.0 <\/div> <\/div> <div class=\"tiled-gallery-item tiled-gallery-item-small\" itemprop=\"associatedMedia\" itemscope itemtype=\"http:\/\/schema.org\/ImageObject\"> <a href=\"https:\/\/www.karlstetter.net\/jkblog\/2010\/09\/05\/urlaubsnachlese-mallorca-2010\/05-mallorca2010\/\" border=\"0\" itemprop=\"url\"> <meta itemprop=\"width\" content=\"181\"> <meta itemprop=\"height\" content=\"135\"> <img decoding=\"async\" class=\"\" data-attachment-id=\"2364\" data-orig-file=\"https:\/\/www.karlstetter.net\/jkblog\/wp-content\/uploads\/2010\/09\/05-Mallorca2010.jpg\" data-orig-size=\"800,600\" data-comments-opened=\"1\" data-image-meta=\"{&quot;aperture&quot;:&quot;4&quot;,&quot;credit&quot;:&quot;&quot;,&quot;camera&quot;:&quot;DSC-H5&quot;,&quot;caption&quot;:&quot;&quot;,&quot;created_timestamp&quot;:&quot;1282552657&quot;,&quot;copyright&quot;:&quot;&quot;,&quot;focal_length&quot;:&quot;38.7&quot;,&quot;iso&quot;:&quot;125&quot;,&quot;shutter_speed&quot;:&quot;0.005&quot;,&quot;title&quot;:&quot;&quot;,&quot;orientation&quot;:&quot;0&quot;}\" data-image-title=\"05-Mallorca2010\" data-image-description=\"\" data-medium-file=\"https:\/\/i0.wp.com\/www.karlstetter.net\/jkblog\/wp-content\/uploads\/2010\/09\/05-Mallorca2010.jpg?fit=400%2C300&#038;ssl=1\" data-large-file=\"https:\/\/i0.wp.com\/www.karlstetter.net\/jkblog\/wp-content\/uploads\/2010\/09\/05-Mallorca2010.jpg?fit=800%2C600&#038;ssl=1\" src=\"https:\/\/i0.wp.com\/www.karlstetter.net\/jkblog\/wp-content\/uploads\/2010\/09\/05-Mallorca2010.jpg?w=181&#038;h=135&#038;ssl=1\" srcset=\"https:\/\/i0.wp.com\/www.karlstetter.net\/jkblog\/wp-content\/uploads\/2010\/09\/05-Mallorca2010.jpg?w=800&amp;ssl=1 800w, https:\/\/i0.wp.com\/www.karlstetter.net\/jkblog\/wp-content\/uploads\/2010\/09\/05-Mallorca2010.jpg?resize=200%2C150&amp;ssl=1 200w, https:\/\/i0.wp.com\/www.karlstetter.net\/jkblog\/wp-content\/uploads\/2010\/09\/05-Mallorca2010.jpg?resize=400%2C300&amp;ssl=1 400w, https:\/\/i0.wp.com\/www.karlstetter.net\/jkblog\/wp-content\/uploads\/2010\/09\/05-Mallorca2010.jpg?resize=768%2C576&amp;ssl=1 768w\" width=\"181\" height=\"135\" loading=\"lazy\" data-original-width=\"181\" data-original-height=\"135\" itemprop=\"http:\/\/schema.org\/image\" title=\"05-Mallorca2010\" alt=\"Handtuchreservierungfinale - Mannschaftsaufstellung\" style=\"width: 181px; height: 135px;\" \/> <\/a> <div class=\"tiled-gallery-caption\" itemprop=\"caption description\"> Handtuchreservierungfinale &#8211; Mannschaftsaufstellung <\/div> <\/div> <\/div> <!-- close group --> <div class=\"gallery-group images-1\" style=\"width: 315px; height: 419px;\" data-original-width=\"315\" data-original-height=\"419\" > <div class=\"tiled-gallery-item tiled-gallery-item-large\" itemprop=\"associatedMedia\" itemscope itemtype=\"http:\/\/schema.org\/ImageObject\"> <a href=\"https:\/\/www.karlstetter.net\/jkblog\/2010\/09\/05\/urlaubsnachlese-mallorca-2010\/06-mallorca2010\/\" border=\"0\" itemprop=\"url\"> <meta itemprop=\"width\" content=\"311\"> <meta itemprop=\"height\" content=\"415\"> <img decoding=\"async\" class=\"\" data-attachment-id=\"2365\" data-orig-file=\"https:\/\/www.karlstetter.net\/jkblog\/wp-content\/uploads\/2010\/09\/06-Mallorca2010.jpg\" data-orig-size=\"600,800\" data-comments-opened=\"1\" data-image-meta=\"{&quot;aperture&quot;:&quot;8&quot;,&quot;credit&quot;:&quot;&quot;,&quot;camera&quot;:&quot;DMC-FX50&quot;,&quot;caption&quot;:&quot;&quot;,&quot;created_timestamp&quot;:&quot;1282571671&quot;,&quot;copyright&quot;:&quot;&quot;,&quot;focal_length&quot;:&quot;4.6&quot;,&quot;iso&quot;:&quot;100&quot;,&quot;shutter_speed&quot;:&quot;0.003125&quot;,&quot;title&quot;:&quot;&quot;,&quot;orientation&quot;:&quot;0&quot;}\" data-image-title=\"06-Mallorca2010\" data-image-description=\"\" data-medium-file=\"https:\/\/i0.wp.com\/www.karlstetter.net\/jkblog\/wp-content\/uploads\/2010\/09\/06-Mallorca2010.jpg?fit=300%2C400&#038;ssl=1\" data-large-file=\"https:\/\/i0.wp.com\/www.karlstetter.net\/jkblog\/wp-content\/uploads\/2010\/09\/06-Mallorca2010.jpg?fit=600%2C800&#038;ssl=1\" src=\"https:\/\/i0.wp.com\/www.karlstetter.net\/jkblog\/wp-content\/uploads\/2010\/09\/06-Mallorca2010.jpg?w=311&#038;h=415&#038;ssl=1\" srcset=\"https:\/\/i0.wp.com\/www.karlstetter.net\/jkblog\/wp-content\/uploads\/2010\/09\/06-Mallorca2010.jpg?w=600&amp;ssl=1 600w, https:\/\/i0.wp.com\/www.karlstetter.net\/jkblog\/wp-content\/uploads\/2010\/09\/06-Mallorca2010.jpg?resize=150%2C200&amp;ssl=1 150w, https:\/\/i0.wp.com\/www.karlstetter.net\/jkblog\/wp-content\/uploads\/2010\/09\/06-Mallorca2010.jpg?resize=300%2C400&amp;ssl=1 300w\" width=\"311\" height=\"415\" loading=\"lazy\" data-original-width=\"311\" data-original-height=\"415\" itemprop=\"http:\/\/schema.org\/image\" title=\"06-Mallorca2010\" alt=\"Fr\u00fch \u00fcbt sich, wer einmal ein Mitch werden will\" style=\"width: 311px; height: 415px;\" \/> <\/a> <div class=\"tiled-gallery-caption\" itemprop=\"caption description\"> Fr\u00fch \u00fcbt sich, wer einmal ein Mitch werden will <\/div> <\/div> <\/div> <!-- close group --> <\/div> <!-- close row --> <div class=\"gallery-row\" style=\"width: 500px; height: 176px;\" data-original-width=\"500\" data-original-height=\"176\" > <div class=\"gallery-group images-1\" style=\"width: 133px; height: 176px;\" data-original-width=\"133\" data-original-height=\"176\" > <div class=\"tiled-gallery-item tiled-gallery-item-small\" itemprop=\"associatedMedia\" itemscope itemtype=\"http:\/\/schema.org\/ImageObject\"> <a href=\"https:\/\/www.karlstetter.net\/jkblog\/2010\/09\/05\/urlaubsnachlese-mallorca-2010\/07-mallorca2010\/\" border=\"0\" itemprop=\"url\"> <meta itemprop=\"width\" content=\"129\"> <meta itemprop=\"height\" content=\"172\"> <img decoding=\"async\" class=\"\" data-attachment-id=\"2366\" data-orig-file=\"https:\/\/www.karlstetter.net\/jkblog\/wp-content\/uploads\/2010\/09\/07-Mallorca2010.jpg\" data-orig-size=\"600,800\" data-comments-opened=\"1\" data-image-meta=\"{&quot;aperture&quot;:&quot;5&quot;,&quot;credit&quot;:&quot;&quot;,&quot;camera&quot;:&quot;DMC-FX50&quot;,&quot;caption&quot;:&quot;&quot;,&quot;created_timestamp&quot;:&quot;1282580166&quot;,&quot;copyright&quot;:&quot;&quot;,&quot;focal_length&quot;:&quot;14.2&quot;,&quot;iso&quot;:&quot;100&quot;,&quot;shutter_speed&quot;:&quot;0.008&quot;,&quot;title&quot;:&quot;&quot;,&quot;orientation&quot;:&quot;0&quot;}\" data-image-title=\"07-Mallorca2010\" data-image-description=\"\" data-medium-file=\"https:\/\/i0.wp.com\/www.karlstetter.net\/jkblog\/wp-content\/uploads\/2010\/09\/07-Mallorca2010.jpg?fit=300%2C400&#038;ssl=1\" data-large-file=\"https:\/\/i0.wp.com\/www.karlstetter.net\/jkblog\/wp-content\/uploads\/2010\/09\/07-Mallorca2010.jpg?fit=600%2C800&#038;ssl=1\" src=\"https:\/\/i0.wp.com\/www.karlstetter.net\/jkblog\/wp-content\/uploads\/2010\/09\/07-Mallorca2010.jpg?w=129&#038;h=172&#038;ssl=1\" srcset=\"https:\/\/i0.wp.com\/www.karlstetter.net\/jkblog\/wp-content\/uploads\/2010\/09\/07-Mallorca2010.jpg?w=600&amp;ssl=1 600w, https:\/\/i0.wp.com\/www.karlstetter.net\/jkblog\/wp-content\/uploads\/2010\/09\/07-Mallorca2010.jpg?resize=150%2C200&amp;ssl=1 150w, https:\/\/i0.wp.com\/www.karlstetter.net\/jkblog\/wp-content\/uploads\/2010\/09\/07-Mallorca2010.jpg?resize=300%2C400&amp;ssl=1 300w\" width=\"129\" height=\"172\" loading=\"lazy\" data-original-width=\"129\" data-original-height=\"172\" itemprop=\"http:\/\/schema.org\/image\" title=\"07-Mallorca2010\" alt=\"Fr\u00fcher war mehr Lametta!\" style=\"width: 129px; height: 172px;\" \/> <\/a> <div class=\"tiled-gallery-caption\" itemprop=\"caption description\"> Fr\u00fcher war mehr Lametta! <\/div> <\/div> <\/div> <!-- close group --> <div class=\"gallery-group images-1\" style=\"width: 234px; height: 176px;\" data-original-width=\"234\" data-original-height=\"176\" > <div class=\"tiled-gallery-item tiled-gallery-item-small\" itemprop=\"associatedMedia\" itemscope itemtype=\"http:\/\/schema.org\/ImageObject\"> <a href=\"https:\/\/www.karlstetter.net\/jkblog\/2010\/09\/05\/urlaubsnachlese-mallorca-2010\/08-mallorca2010\/\" border=\"0\" itemprop=\"url\"> <meta itemprop=\"width\" content=\"230\"> <meta itemprop=\"height\" content=\"172\"> <img decoding=\"async\" class=\"\" data-attachment-id=\"2367\" data-orig-file=\"https:\/\/www.karlstetter.net\/jkblog\/wp-content\/uploads\/2010\/09\/08-Mallorca2010.jpg\" data-orig-size=\"800,600\" data-comments-opened=\"1\" data-image-meta=\"{&quot;aperture&quot;:&quot;5.6&quot;,&quot;credit&quot;:&quot;&quot;,&quot;camera&quot;:&quot;DMC-FX50&quot;,&quot;caption&quot;:&quot;&quot;,&quot;created_timestamp&quot;:&quot;1282581458&quot;,&quot;copyright&quot;:&quot;&quot;,&quot;focal_length&quot;:&quot;16.8&quot;,&quot;iso&quot;:&quot;100&quot;,&quot;shutter_speed&quot;:&quot;0.0333333333333&quot;,&quot;title&quot;:&quot;&quot;,&quot;orientation&quot;:&quot;0&quot;}\" data-image-title=\"08-Mallorca2010\" data-image-description=\"\" data-medium-file=\"https:\/\/i0.wp.com\/www.karlstetter.net\/jkblog\/wp-content\/uploads\/2010\/09\/08-Mallorca2010.jpg?fit=400%2C300&#038;ssl=1\" data-large-file=\"https:\/\/i0.wp.com\/www.karlstetter.net\/jkblog\/wp-content\/uploads\/2010\/09\/08-Mallorca2010.jpg?fit=800%2C600&#038;ssl=1\" src=\"https:\/\/i0.wp.com\/www.karlstetter.net\/jkblog\/wp-content\/uploads\/2010\/09\/08-Mallorca2010.jpg?w=230&#038;h=172&#038;ssl=1\" srcset=\"https:\/\/i0.wp.com\/www.karlstetter.net\/jkblog\/wp-content\/uploads\/2010\/09\/08-Mallorca2010.jpg?w=800&amp;ssl=1 800w, https:\/\/i0.wp.com\/www.karlstetter.net\/jkblog\/wp-content\/uploads\/2010\/09\/08-Mallorca2010.jpg?resize=200%2C150&amp;ssl=1 200w, https:\/\/i0.wp.com\/www.karlstetter.net\/jkblog\/wp-content\/uploads\/2010\/09\/08-Mallorca2010.jpg?resize=400%2C300&amp;ssl=1 400w, https:\/\/i0.wp.com\/www.karlstetter.net\/jkblog\/wp-content\/uploads\/2010\/09\/08-Mallorca2010.jpg?resize=768%2C576&amp;ssl=1 768w\" width=\"230\" height=\"172\" loading=\"lazy\" data-original-width=\"230\" data-original-height=\"172\" itemprop=\"http:\/\/schema.org\/image\" title=\"08-Mallorca2010\" alt=\"Selbstbr\u00e4uner falsch angewendet\" style=\"width: 230px; height: 172px;\" \/> <\/a> <div class=\"tiled-gallery-caption\" itemprop=\"caption description\"> Selbstbr\u00e4uner falsch angewendet <\/div> <\/div> <\/div> <!-- close group --> <div class=\"gallery-group images-1\" style=\"width: 133px; height: 176px;\" data-original-width=\"133\" data-original-height=\"176\" > <div class=\"tiled-gallery-item tiled-gallery-item-small\" itemprop=\"associatedMedia\" itemscope itemtype=\"http:\/\/schema.org\/ImageObject\"> <a href=\"https:\/\/www.karlstetter.net\/jkblog\/2010\/09\/05\/urlaubsnachlese-mallorca-2010\/09-mallorca2010\/\" border=\"0\" itemprop=\"url\"> <meta itemprop=\"width\" content=\"129\"> <meta itemprop=\"height\" content=\"172\"> <img decoding=\"async\" class=\"\" data-attachment-id=\"2368\" data-orig-file=\"https:\/\/www.karlstetter.net\/jkblog\/wp-content\/uploads\/2010\/09\/09-Mallorca2010.jpg\" data-orig-size=\"600,800\" data-comments-opened=\"1\" data-image-meta=\"{&quot;aperture&quot;:&quot;5.6&quot;,&quot;credit&quot;:&quot;&quot;,&quot;camera&quot;:&quot;DMC-FX50&quot;,&quot;caption&quot;:&quot;&quot;,&quot;created_timestamp&quot;:&quot;1282586771&quot;,&quot;copyright&quot;:&quot;&quot;,&quot;focal_length&quot;:&quot;16.8&quot;,&quot;iso&quot;:&quot;100&quot;,&quot;shutter_speed&quot;:&quot;0.0015625&quot;,&quot;title&quot;:&quot;&quot;,&quot;orientation&quot;:&quot;0&quot;}\" data-image-title=\"09-Mallorca2010\" data-image-description=\"\" data-medium-file=\"https:\/\/i0.wp.com\/www.karlstetter.net\/jkblog\/wp-content\/uploads\/2010\/09\/09-Mallorca2010.jpg?fit=300%2C400&#038;ssl=1\" data-large-file=\"https:\/\/i0.wp.com\/www.karlstetter.net\/jkblog\/wp-content\/uploads\/2010\/09\/09-Mallorca2010.jpg?fit=600%2C800&#038;ssl=1\" src=\"https:\/\/i0.wp.com\/www.karlstetter.net\/jkblog\/wp-content\/uploads\/2010\/09\/09-Mallorca2010.jpg?w=129&#038;h=172&#038;ssl=1\" srcset=\"https:\/\/i0.wp.com\/www.karlstetter.net\/jkblog\/wp-content\/uploads\/2010\/09\/09-Mallorca2010.jpg?w=600&amp;ssl=1 600w, https:\/\/i0.wp.com\/www.karlstetter.net\/jkblog\/wp-content\/uploads\/2010\/09\/09-Mallorca2010.jpg?resize=150%2C200&amp;ssl=1 150w, https:\/\/i0.wp.com\/www.karlstetter.net\/jkblog\/wp-content\/uploads\/2010\/09\/09-Mallorca2010.jpg?resize=300%2C400&amp;ssl=1 300w\" width=\"129\" height=\"172\" loading=\"lazy\" data-original-width=\"129\" data-original-height=\"172\" itemprop=\"http:\/\/schema.org\/image\" title=\"09-Mallorca2010\" alt=\"Jonas am Alcudia &quot;Muscle Beach&quot;\" style=\"width: 129px; height: 172px;\" \/> <\/a> <div class=\"tiled-gallery-caption\" itemprop=\"caption description\"> Jonas am Alcudia &#8222;Muscle Beach&#8220; <\/div> <\/div> <\/div> <!-- close group --> <\/div> <!-- close row --> <div class=\"gallery-row\" style=\"width: 500px; height: 240px;\" data-original-width=\"500\" data-original-height=\"240\" > <div class=\"gallery-group images-1\" style=\"width: 319px; height: 240px;\" data-original-width=\"319\" data-original-height=\"240\" > <div class=\"tiled-gallery-item tiled-gallery-item-large\" itemprop=\"associatedMedia\" itemscope itemtype=\"http:\/\/schema.org\/ImageObject\"> <a href=\"https:\/\/www.karlstetter.net\/jkblog\/2010\/09\/05\/urlaubsnachlese-mallorca-2010\/10-mallorca2010\/\" border=\"0\" itemprop=\"url\"> <meta itemprop=\"width\" content=\"315\"> <meta itemprop=\"height\" content=\"236\"> <img decoding=\"async\" class=\"\" data-attachment-id=\"2369\" data-orig-file=\"https:\/\/www.karlstetter.net\/jkblog\/wp-content\/uploads\/2010\/09\/10-Mallorca2010.jpg\" data-orig-size=\"800,600\" data-comments-opened=\"1\" data-image-meta=\"{&quot;aperture&quot;:&quot;8&quot;,&quot;credit&quot;:&quot;&quot;,&quot;camera&quot;:&quot;DMC-FX50&quot;,&quot;caption&quot;:&quot;&quot;,&quot;created_timestamp&quot;:&quot;1282586837&quot;,&quot;copyright&quot;:&quot;&quot;,&quot;focal_length&quot;:&quot;4.6&quot;,&quot;iso&quot;:&quot;100&quot;,&quot;shutter_speed&quot;:&quot;0.002&quot;,&quot;title&quot;:&quot;&quot;,&quot;orientation&quot;:&quot;0&quot;}\" data-image-title=\"10-Mallorca2010\" data-image-description=\"\" data-medium-file=\"https:\/\/i0.wp.com\/www.karlstetter.net\/jkblog\/wp-content\/uploads\/2010\/09\/10-Mallorca2010.jpg?fit=400%2C300&#038;ssl=1\" data-large-file=\"https:\/\/i0.wp.com\/www.karlstetter.net\/jkblog\/wp-content\/uploads\/2010\/09\/10-Mallorca2010.jpg?fit=800%2C600&#038;ssl=1\" src=\"https:\/\/i0.wp.com\/www.karlstetter.net\/jkblog\/wp-content\/uploads\/2010\/09\/10-Mallorca2010.jpg?w=315&#038;h=236&#038;ssl=1\" srcset=\"https:\/\/i0.wp.com\/www.karlstetter.net\/jkblog\/wp-content\/uploads\/2010\/09\/10-Mallorca2010.jpg?w=800&amp;ssl=1 800w, https:\/\/i0.wp.com\/www.karlstetter.net\/jkblog\/wp-content\/uploads\/2010\/09\/10-Mallorca2010.jpg?resize=200%2C150&amp;ssl=1 200w, https:\/\/i0.wp.com\/www.karlstetter.net\/jkblog\/wp-content\/uploads\/2010\/09\/10-Mallorca2010.jpg?resize=400%2C300&amp;ssl=1 400w, https:\/\/i0.wp.com\/www.karlstetter.net\/jkblog\/wp-content\/uploads\/2010\/09\/10-Mallorca2010.jpg?resize=768%2C576&amp;ssl=1 768w\" width=\"315\" height=\"236\" loading=\"lazy\" data-original-width=\"315\" data-original-height=\"236\" itemprop=\"http:\/\/schema.org\/image\" title=\"10-Mallorca2010\" alt=\"Deine (Buggy)spuren im Sand...\" style=\"width: 315px; height: 236px;\" \/> <\/a> <div class=\"tiled-gallery-caption\" itemprop=\"caption description\"> Deine (Buggy)spuren im Sand&#8230; <\/div> <\/div> <\/div> <!-- close group --> <div class=\"gallery-group images-1\" style=\"width: 181px; height: 240px;\" data-original-width=\"181\" data-original-height=\"240\" > <div class=\"tiled-gallery-item tiled-gallery-item-small\" itemprop=\"associatedMedia\" itemscope itemtype=\"http:\/\/schema.org\/ImageObject\"> <a href=\"https:\/\/www.karlstetter.net\/jkblog\/2010\/09\/05\/urlaubsnachlese-mallorca-2010\/11-mallorca2010\/\" border=\"0\" itemprop=\"url\"> <meta itemprop=\"width\" content=\"177\"> <meta itemprop=\"height\" content=\"236\"> <img decoding=\"async\" class=\"\" data-attachment-id=\"2370\" data-orig-file=\"https:\/\/www.karlstetter.net\/jkblog\/wp-content\/uploads\/2010\/09\/11-Mallorca2010.jpg\" data-orig-size=\"600,800\" data-comments-opened=\"1\" data-image-meta=\"{&quot;aperture&quot;:&quot;2.8&quot;,&quot;credit&quot;:&quot;&quot;,&quot;camera&quot;:&quot;DMC-FX50&quot;,&quot;caption&quot;:&quot;&quot;,&quot;created_timestamp&quot;:&quot;1282654297&quot;,&quot;copyright&quot;:&quot;&quot;,&quot;focal_length&quot;:&quot;4.6&quot;,&quot;iso&quot;:&quot;100&quot;,&quot;shutter_speed&quot;:&quot;0.0015625&quot;,&quot;title&quot;:&quot;&quot;,&quot;orientation&quot;:&quot;0&quot;}\" data-image-title=\"11-Mallorca2010\" data-image-description=\"\" data-medium-file=\"https:\/\/i0.wp.com\/www.karlstetter.net\/jkblog\/wp-content\/uploads\/2010\/09\/11-Mallorca2010.jpg?fit=300%2C400&#038;ssl=1\" data-large-file=\"https:\/\/i0.wp.com\/www.karlstetter.net\/jkblog\/wp-content\/uploads\/2010\/09\/11-Mallorca2010.jpg?fit=600%2C800&#038;ssl=1\" src=\"https:\/\/i0.wp.com\/www.karlstetter.net\/jkblog\/wp-content\/uploads\/2010\/09\/11-Mallorca2010.jpg?w=177&#038;h=236&#038;ssl=1\" srcset=\"https:\/\/i0.wp.com\/www.karlstetter.net\/jkblog\/wp-content\/uploads\/2010\/09\/11-Mallorca2010.jpg?w=600&amp;ssl=1 600w, https:\/\/i0.wp.com\/www.karlstetter.net\/jkblog\/wp-content\/uploads\/2010\/09\/11-Mallorca2010.jpg?resize=150%2C200&amp;ssl=1 150w, https:\/\/i0.wp.com\/www.karlstetter.net\/jkblog\/wp-content\/uploads\/2010\/09\/11-Mallorca2010.jpg?resize=300%2C400&amp;ssl=1 300w\" width=\"177\" height=\"236\" loading=\"lazy\" data-original-width=\"177\" data-original-height=\"236\" itemprop=\"http:\/\/schema.org\/image\" title=\"11-Mallorca2010\" alt=\"Baggerfahrer h\u00e4lt sich an die vorgeschriebene Mittagspause\" style=\"width: 177px; height: 236px;\" \/> <\/a> <div class=\"tiled-gallery-caption\" itemprop=\"caption description\"> Baggerfahrer h\u00e4lt sich an die vorgeschriebene Mittagspause <\/div> <\/div> <\/div> <!-- close group --> <\/div> <!-- close row --> <div class=\"gallery-row\" style=\"width: 500px; height: 251px;\" data-original-width=\"500\" data-original-height=\"251\" > <div class=\"gallery-group images-1\" style=\"width: 334px; height: 251px;\" data-original-width=\"334\" data-original-height=\"251\" > <div class=\"tiled-gallery-item tiled-gallery-item-large\" itemprop=\"associatedMedia\" itemscope itemtype=\"http:\/\/schema.org\/ImageObject\"> <a href=\"https:\/\/www.karlstetter.net\/jkblog\/2010\/09\/05\/urlaubsnachlese-mallorca-2010\/12-mallorca2010\/\" border=\"0\" itemprop=\"url\"> <meta itemprop=\"width\" content=\"330\"> <meta itemprop=\"height\" content=\"247\"> <img decoding=\"async\" class=\"\" data-attachment-id=\"2371\" data-orig-file=\"https:\/\/www.karlstetter.net\/jkblog\/wp-content\/uploads\/2010\/09\/12-Mallorca2010.jpg\" data-orig-size=\"800,600\" data-comments-opened=\"1\" data-image-meta=\"{&quot;aperture&quot;:&quot;2.8&quot;,&quot;credit&quot;:&quot;&quot;,&quot;camera&quot;:&quot;DSC-H5&quot;,&quot;caption&quot;:&quot;&quot;,&quot;created_timestamp&quot;:&quot;1282672261&quot;,&quot;copyright&quot;:&quot;&quot;,&quot;focal_length&quot;:&quot;6&quot;,&quot;iso&quot;:&quot;125&quot;,&quot;shutter_speed&quot;:&quot;0.025&quot;,&quot;title&quot;:&quot;&quot;,&quot;orientation&quot;:&quot;0&quot;}\" data-image-title=\"12-Mallorca2010\" data-image-description=\"\" data-medium-file=\"https:\/\/i0.wp.com\/www.karlstetter.net\/jkblog\/wp-content\/uploads\/2010\/09\/12-Mallorca2010.jpg?fit=400%2C300&#038;ssl=1\" data-large-file=\"https:\/\/i0.wp.com\/www.karlstetter.net\/jkblog\/wp-content\/uploads\/2010\/09\/12-Mallorca2010.jpg?fit=800%2C600&#038;ssl=1\" src=\"https:\/\/i0.wp.com\/www.karlstetter.net\/jkblog\/wp-content\/uploads\/2010\/09\/12-Mallorca2010.jpg?w=330&#038;h=247&#038;ssl=1\" srcset=\"https:\/\/i0.wp.com\/www.karlstetter.net\/jkblog\/wp-content\/uploads\/2010\/09\/12-Mallorca2010.jpg?w=800&amp;ssl=1 800w, https:\/\/i0.wp.com\/www.karlstetter.net\/jkblog\/wp-content\/uploads\/2010\/09\/12-Mallorca2010.jpg?resize=200%2C150&amp;ssl=1 200w, https:\/\/i0.wp.com\/www.karlstetter.net\/jkblog\/wp-content\/uploads\/2010\/09\/12-Mallorca2010.jpg?resize=400%2C300&amp;ssl=1 400w, https:\/\/i0.wp.com\/www.karlstetter.net\/jkblog\/wp-content\/uploads\/2010\/09\/12-Mallorca2010.jpg?resize=768%2C576&amp;ssl=1 768w\" width=\"330\" height=\"247\" loading=\"lazy\" data-original-width=\"330\" data-original-height=\"247\" itemprop=\"http:\/\/schema.org\/image\" title=\"12-Mallorca2010\" alt=\"Der Spanier an sich ist ein Zwerg\" style=\"width: 330px; height: 247px;\" \/> <\/a> <div class=\"tiled-gallery-caption\" itemprop=\"caption description\"> Der Spanier an sich ist ein Zwerg <\/div> <\/div> <\/div> <!-- close group --> <div class=\"gallery-group images-2\" style=\"width: 166px; height: 251px;\" data-original-width=\"166\" data-original-height=\"251\" > <div class=\"tiled-gallery-item tiled-gallery-item-small\" itemprop=\"associatedMedia\" itemscope itemtype=\"http:\/\/schema.org\/ImageObject\"> <a href=\"https:\/\/www.karlstetter.net\/jkblog\/2010\/09\/05\/urlaubsnachlese-mallorca-2010\/13-mallorca2010\/\" border=\"0\" itemprop=\"url\"> <meta itemprop=\"width\" content=\"162\"> <meta itemprop=\"height\" content=\"122\"> <img decoding=\"async\" class=\"\" data-attachment-id=\"2372\" data-orig-file=\"https:\/\/www.karlstetter.net\/jkblog\/wp-content\/uploads\/2010\/09\/13-Mallorca2010.jpg\" data-orig-size=\"800,600\" data-comments-opened=\"1\" data-image-meta=\"{&quot;aperture&quot;:&quot;2.8&quot;,&quot;credit&quot;:&quot;&quot;,&quot;camera&quot;:&quot;DMC-FX50&quot;,&quot;caption&quot;:&quot;&quot;,&quot;created_timestamp&quot;:&quot;1282687978&quot;,&quot;copyright&quot;:&quot;&quot;,&quot;focal_length&quot;:&quot;4.6&quot;,&quot;iso&quot;:&quot;100&quot;,&quot;shutter_speed&quot;:&quot;0.0333333333333&quot;,&quot;title&quot;:&quot;&quot;,&quot;orientation&quot;:&quot;0&quot;}\" data-image-title=\"13-Mallorca2010\" data-image-description=\"\" data-medium-file=\"https:\/\/i0.wp.com\/www.karlstetter.net\/jkblog\/wp-content\/uploads\/2010\/09\/13-Mallorca2010.jpg?fit=400%2C300&#038;ssl=1\" data-large-file=\"https:\/\/i0.wp.com\/www.karlstetter.net\/jkblog\/wp-content\/uploads\/2010\/09\/13-Mallorca2010.jpg?fit=800%2C600&#038;ssl=1\" src=\"https:\/\/i0.wp.com\/www.karlstetter.net\/jkblog\/wp-content\/uploads\/2010\/09\/13-Mallorca2010.jpg?w=162&#038;h=122&#038;ssl=1\" srcset=\"https:\/\/i0.wp.com\/www.karlstetter.net\/jkblog\/wp-content\/uploads\/2010\/09\/13-Mallorca2010.jpg?w=800&amp;ssl=1 800w, https:\/\/i0.wp.com\/www.karlstetter.net\/jkblog\/wp-content\/uploads\/2010\/09\/13-Mallorca2010.jpg?resize=200%2C150&amp;ssl=1 200w, https:\/\/i0.wp.com\/www.karlstetter.net\/jkblog\/wp-content\/uploads\/2010\/09\/13-Mallorca2010.jpg?resize=400%2C300&amp;ssl=1 400w, https:\/\/i0.wp.com\/www.karlstetter.net\/jkblog\/wp-content\/uploads\/2010\/09\/13-Mallorca2010.jpg?resize=768%2C576&amp;ssl=1 768w\" width=\"162\" height=\"122\" loading=\"lazy\" data-original-width=\"162\" data-original-height=\"122\" itemprop=\"http:\/\/schema.org\/image\" title=\"13-Mallorca2010\" alt=\"Jonas = Barfly jr.\" style=\"width: 162px; height: 122px;\" \/> <\/a> <div class=\"tiled-gallery-caption\" itemprop=\"caption description\"> Jonas = Barfly jr. <\/div> <\/div> <div class=\"tiled-gallery-item tiled-gallery-item-small\" itemprop=\"associatedMedia\" itemscope itemtype=\"http:\/\/schema.org\/ImageObject\"> <a href=\"https:\/\/www.karlstetter.net\/jkblog\/2010\/09\/05\/urlaubsnachlese-mallorca-2010\/14-mallorca2010\/\" border=\"0\" itemprop=\"url\"> <meta itemprop=\"width\" content=\"162\"> <meta itemprop=\"height\" content=\"121\"> <img decoding=\"async\" class=\"\" data-attachment-id=\"2373\" data-orig-file=\"https:\/\/www.karlstetter.net\/jkblog\/wp-content\/uploads\/2010\/09\/14-Mallorca2010.jpg\" data-orig-size=\"800,600\" data-comments-opened=\"1\" data-image-meta=\"{&quot;aperture&quot;:&quot;8&quot;,&quot;credit&quot;:&quot;&quot;,&quot;camera&quot;:&quot;DMC-FX50&quot;,&quot;caption&quot;:&quot;&quot;,&quot;created_timestamp&quot;:&quot;1282754762&quot;,&quot;copyright&quot;:&quot;&quot;,&quot;focal_length&quot;:&quot;4.6&quot;,&quot;iso&quot;:&quot;100&quot;,&quot;shutter_speed&quot;:&quot;0.0025&quot;,&quot;title&quot;:&quot;&quot;,&quot;orientation&quot;:&quot;0&quot;}\" data-image-title=\"14-Mallorca2010\" data-image-description=\"\" data-medium-file=\"https:\/\/i0.wp.com\/www.karlstetter.net\/jkblog\/wp-content\/uploads\/2010\/09\/14-Mallorca2010.jpg?fit=400%2C300&#038;ssl=1\" data-large-file=\"https:\/\/i0.wp.com\/www.karlstetter.net\/jkblog\/wp-content\/uploads\/2010\/09\/14-Mallorca2010.jpg?fit=800%2C600&#038;ssl=1\" src=\"https:\/\/i0.wp.com\/www.karlstetter.net\/jkblog\/wp-content\/uploads\/2010\/09\/14-Mallorca2010.jpg?w=162&#038;h=121&#038;ssl=1\" srcset=\"https:\/\/i0.wp.com\/www.karlstetter.net\/jkblog\/wp-content\/uploads\/2010\/09\/14-Mallorca2010.jpg?w=800&amp;ssl=1 800w, https:\/\/i0.wp.com\/www.karlstetter.net\/jkblog\/wp-content\/uploads\/2010\/09\/14-Mallorca2010.jpg?resize=200%2C150&amp;ssl=1 200w, https:\/\/i0.wp.com\/www.karlstetter.net\/jkblog\/wp-content\/uploads\/2010\/09\/14-Mallorca2010.jpg?resize=400%2C300&amp;ssl=1 400w, https:\/\/i0.wp.com\/www.karlstetter.net\/jkblog\/wp-content\/uploads\/2010\/09\/14-Mallorca2010.jpg?resize=768%2C576&amp;ssl=1 768w\" width=\"162\" height=\"121\" loading=\"lazy\" data-original-width=\"162\" data-original-height=\"121\" itemprop=\"http:\/\/schema.org\/image\" title=\"14-Mallorca2010\" alt=\"1 Schirm und 2 Liegen: 8,50 EUR\/Tag\" style=\"width: 162px; height: 121px;\" \/> <\/a> <div class=\"tiled-gallery-caption\" itemprop=\"caption description\"> 1 Schirm und 2 Liegen: 8,50 EUR\/Tag <\/div> <\/div> <\/div> <!-- close group --> <\/div> <!-- close row --> <div class=\"gallery-row\" style=\"width: 500px; height: 251px;\" data-original-width=\"500\" data-original-height=\"251\" > <div class=\"gallery-group images-2\" style=\"width: 166px; height: 251px;\" data-original-width=\"166\" data-original-height=\"251\" > <div class=\"tiled-gallery-item tiled-gallery-item-small\" itemprop=\"associatedMedia\" itemscope itemtype=\"http:\/\/schema.org\/ImageObject\"> <a href=\"https:\/\/www.karlstetter.net\/jkblog\/2010\/09\/05\/urlaubsnachlese-mallorca-2010\/15-mallorca2010\/\" border=\"0\" itemprop=\"url\"> <meta itemprop=\"width\" content=\"162\"> <meta itemprop=\"height\" content=\"122\"> <img decoding=\"async\" class=\"\" data-attachment-id=\"2374\" data-orig-file=\"https:\/\/www.karlstetter.net\/jkblog\/wp-content\/uploads\/2010\/09\/15-Mallorca2010.jpg\" data-orig-size=\"800,600\" data-comments-opened=\"1\" data-image-meta=\"{&quot;aperture&quot;:&quot;2.8&quot;,&quot;credit&quot;:&quot;&quot;,&quot;camera&quot;:&quot;DMC-FX50&quot;,&quot;caption&quot;:&quot;&quot;,&quot;created_timestamp&quot;:&quot;1282770086&quot;,&quot;copyright&quot;:&quot;&quot;,&quot;focal_length&quot;:&quot;4.6&quot;,&quot;iso&quot;:&quot;320&quot;,&quot;shutter_speed&quot;:&quot;0.0333333333333&quot;,&quot;title&quot;:&quot;&quot;,&quot;orientation&quot;:&quot;0&quot;}\" data-image-title=\"15-Mallorca2010\" data-image-description=\"\" data-medium-file=\"https:\/\/i0.wp.com\/www.karlstetter.net\/jkblog\/wp-content\/uploads\/2010\/09\/15-Mallorca2010.jpg?fit=400%2C300&#038;ssl=1\" data-large-file=\"https:\/\/i0.wp.com\/www.karlstetter.net\/jkblog\/wp-content\/uploads\/2010\/09\/15-Mallorca2010.jpg?fit=800%2C600&#038;ssl=1\" src=\"https:\/\/i0.wp.com\/www.karlstetter.net\/jkblog\/wp-content\/uploads\/2010\/09\/15-Mallorca2010.jpg?w=162&#038;h=122&#038;ssl=1\" srcset=\"https:\/\/i0.wp.com\/www.karlstetter.net\/jkblog\/wp-content\/uploads\/2010\/09\/15-Mallorca2010.jpg?w=800&amp;ssl=1 800w, https:\/\/i0.wp.com\/www.karlstetter.net\/jkblog\/wp-content\/uploads\/2010\/09\/15-Mallorca2010.jpg?resize=200%2C150&amp;ssl=1 200w, https:\/\/i0.wp.com\/www.karlstetter.net\/jkblog\/wp-content\/uploads\/2010\/09\/15-Mallorca2010.jpg?resize=400%2C300&amp;ssl=1 400w, https:\/\/i0.wp.com\/www.karlstetter.net\/jkblog\/wp-content\/uploads\/2010\/09\/15-Mallorca2010.jpg?resize=768%2C576&amp;ssl=1 768w\" width=\"162\" height=\"122\" loading=\"lazy\" data-original-width=\"162\" data-original-height=\"122\" itemprop=\"http:\/\/schema.org\/image\" title=\"15-Mallorca2010\" alt=\"Und aus Wasser machte er Sangria und Bier\" style=\"width: 162px; height: 122px;\" \/> <\/a> <div class=\"tiled-gallery-caption\" itemprop=\"caption description\"> Und aus Wasser machte er Sangria und Bier <\/div> <\/div> <div class=\"tiled-gallery-item tiled-gallery-item-small\" itemprop=\"associatedMedia\" itemscope itemtype=\"http:\/\/schema.org\/ImageObject\"> <a href=\"https:\/\/www.karlstetter.net\/jkblog\/2010\/09\/05\/urlaubsnachlese-mallorca-2010\/16-mallorca2010\/\" border=\"0\" itemprop=\"url\"> <meta itemprop=\"width\" content=\"162\"> <meta itemprop=\"height\" content=\"121\"> <img decoding=\"async\" class=\"\" data-attachment-id=\"2375\" data-orig-file=\"https:\/\/www.karlstetter.net\/jkblog\/wp-content\/uploads\/2010\/09\/16-Mallorca2010.jpg\" data-orig-size=\"800,600\" data-comments-opened=\"1\" data-image-meta=\"{&quot;aperture&quot;:&quot;5.6&quot;,&quot;credit&quot;:&quot;&quot;,&quot;camera&quot;:&quot;DSC-H5&quot;,&quot;caption&quot;:&quot;&quot;,&quot;created_timestamp&quot;:&quot;1282826004&quot;,&quot;copyright&quot;:&quot;&quot;,&quot;focal_length&quot;:&quot;8.4&quot;,&quot;iso&quot;:&quot;125&quot;,&quot;shutter_speed&quot;:&quot;0.001&quot;,&quot;title&quot;:&quot;&quot;,&quot;orientation&quot;:&quot;0&quot;}\" data-image-title=\"16-Mallorca2010\" data-image-description=\"\" data-medium-file=\"https:\/\/i0.wp.com\/www.karlstetter.net\/jkblog\/wp-content\/uploads\/2010\/09\/16-Mallorca2010.jpg?fit=400%2C300&#038;ssl=1\" data-large-file=\"https:\/\/i0.wp.com\/www.karlstetter.net\/jkblog\/wp-content\/uploads\/2010\/09\/16-Mallorca2010.jpg?fit=800%2C600&#038;ssl=1\" src=\"https:\/\/i0.wp.com\/www.karlstetter.net\/jkblog\/wp-content\/uploads\/2010\/09\/16-Mallorca2010.jpg?w=162&#038;h=121&#038;ssl=1\" srcset=\"https:\/\/i0.wp.com\/www.karlstetter.net\/jkblog\/wp-content\/uploads\/2010\/09\/16-Mallorca2010.jpg?w=800&amp;ssl=1 800w, https:\/\/i0.wp.com\/www.karlstetter.net\/jkblog\/wp-content\/uploads\/2010\/09\/16-Mallorca2010.jpg?resize=200%2C150&amp;ssl=1 200w, https:\/\/i0.wp.com\/www.karlstetter.net\/jkblog\/wp-content\/uploads\/2010\/09\/16-Mallorca2010.jpg?resize=400%2C300&amp;ssl=1 400w, https:\/\/i0.wp.com\/www.karlstetter.net\/jkblog\/wp-content\/uploads\/2010\/09\/16-Mallorca2010.jpg?resize=768%2C576&amp;ssl=1 768w\" width=\"162\" height=\"121\" loading=\"lazy\" data-original-width=\"162\" data-original-height=\"121\" itemprop=\"http:\/\/schema.org\/image\" title=\"16-Mallorca2010\" alt=\"Fischi Fischi\" style=\"width: 162px; height: 121px;\" \/> <\/a> <div class=\"tiled-gallery-caption\" itemprop=\"caption description\"> Fischi Fischi <\/div> <\/div> <\/div> <!-- close group --> <div class=\"gallery-group images-1\" style=\"width: 334px; height: 251px;\" data-original-width=\"334\" data-original-height=\"251\" > <div class=\"tiled-gallery-item tiled-gallery-item-large\" itemprop=\"associatedMedia\" itemscope itemtype=\"http:\/\/schema.org\/ImageObject\"> <a href=\"https:\/\/www.karlstetter.net\/jkblog\/2010\/09\/05\/urlaubsnachlese-mallorca-2010\/17-mallorca2010\/\" border=\"0\" itemprop=\"url\"> <meta itemprop=\"width\" content=\"330\"> <meta itemprop=\"height\" content=\"247\"> <img decoding=\"async\" class=\"\" data-attachment-id=\"2376\" data-orig-file=\"https:\/\/www.karlstetter.net\/jkblog\/wp-content\/uploads\/2010\/09\/17-Mallorca2010.jpg\" data-orig-size=\"800,600\" data-comments-opened=\"1\" data-image-meta=\"{&quot;aperture&quot;:&quot;2.8&quot;,&quot;credit&quot;:&quot;&quot;,&quot;camera&quot;:&quot;DSC-H5&quot;,&quot;caption&quot;:&quot;&quot;,&quot;created_timestamp&quot;:&quot;1282826248&quot;,&quot;copyright&quot;:&quot;&quot;,&quot;focal_length&quot;:&quot;6&quot;,&quot;iso&quot;:&quot;320&quot;,&quot;shutter_speed&quot;:&quot;0.166666666667&quot;,&quot;title&quot;:&quot;&quot;,&quot;orientation&quot;:&quot;0&quot;}\" data-image-title=\"17-Mallorca2010\" data-image-description=\"\" data-medium-file=\"https:\/\/i0.wp.com\/www.karlstetter.net\/jkblog\/wp-content\/uploads\/2010\/09\/17-Mallorca2010.jpg?fit=400%2C300&#038;ssl=1\" data-large-file=\"https:\/\/i0.wp.com\/www.karlstetter.net\/jkblog\/wp-content\/uploads\/2010\/09\/17-Mallorca2010.jpg?fit=800%2C600&#038;ssl=1\" src=\"https:\/\/i0.wp.com\/www.karlstetter.net\/jkblog\/wp-content\/uploads\/2010\/09\/17-Mallorca2010.jpg?w=330&#038;h=247&#038;ssl=1\" srcset=\"https:\/\/i0.wp.com\/www.karlstetter.net\/jkblog\/wp-content\/uploads\/2010\/09\/17-Mallorca2010.jpg?w=800&amp;ssl=1 800w, https:\/\/i0.wp.com\/www.karlstetter.net\/jkblog\/wp-content\/uploads\/2010\/09\/17-Mallorca2010.jpg?resize=200%2C150&amp;ssl=1 200w, https:\/\/i0.wp.com\/www.karlstetter.net\/jkblog\/wp-content\/uploads\/2010\/09\/17-Mallorca2010.jpg?resize=400%2C300&amp;ssl=1 400w, https:\/\/i0.wp.com\/www.karlstetter.net\/jkblog\/wp-content\/uploads\/2010\/09\/17-Mallorca2010.jpg?resize=768%2C576&amp;ssl=1 768w\" width=\"330\" height=\"247\" loading=\"lazy\" data-original-width=\"330\" data-original-height=\"247\" itemprop=\"http:\/\/schema.org\/image\" title=\"17-Mallorca2010\" alt=\"Hier geh\u00f6rt mal die Scheibe geputzt!\" style=\"width: 330px; height: 247px;\" \/> <\/a> <div class=\"tiled-gallery-caption\" itemprop=\"caption description\"> Hier geh\u00f6rt mal die Scheibe geputzt! <\/div> <\/div> <\/div> <!-- close group --> <\/div> <!-- close row --> <div class=\"gallery-row\" style=\"width: 500px; height: 126px;\" data-original-width=\"500\" data-original-height=\"126\" > <div class=\"gallery-group images-1\" style=\"width: 167px; height: 126px;\" data-original-width=\"167\" data-original-height=\"126\" > <div class=\"tiled-gallery-item tiled-gallery-item-small\" itemprop=\"associatedMedia\" itemscope itemtype=\"http:\/\/schema.org\/ImageObject\"> <a href=\"https:\/\/www.karlstetter.net\/jkblog\/2010\/09\/05\/urlaubsnachlese-mallorca-2010\/18-mallorca2010\/\" border=\"0\" itemprop=\"url\"> <meta itemprop=\"width\" content=\"163\"> <meta itemprop=\"height\" content=\"122\"> <img decoding=\"async\" class=\"\" data-attachment-id=\"2377\" data-orig-file=\"https:\/\/www.karlstetter.net\/jkblog\/wp-content\/uploads\/2010\/09\/18-Mallorca2010.jpg\" data-orig-size=\"800,600\" data-comments-opened=\"1\" data-image-meta=\"{&quot;aperture&quot;:&quot;3.2&quot;,&quot;credit&quot;:&quot;&quot;,&quot;camera&quot;:&quot;DSC-H5&quot;,&quot;caption&quot;:&quot;&quot;,&quot;created_timestamp&quot;:&quot;1282828075&quot;,&quot;copyright&quot;:&quot;&quot;,&quot;focal_length&quot;:&quot;8.6&quot;,&quot;iso&quot;:&quot;125&quot;,&quot;shutter_speed&quot;:&quot;0.0166666666667&quot;,&quot;title&quot;:&quot;&quot;,&quot;orientation&quot;:&quot;0&quot;}\" data-image-title=\"18-Mallorca2010\" data-image-description=\"\" data-medium-file=\"https:\/\/i0.wp.com\/www.karlstetter.net\/jkblog\/wp-content\/uploads\/2010\/09\/18-Mallorca2010.jpg?fit=400%2C300&#038;ssl=1\" data-large-file=\"https:\/\/i0.wp.com\/www.karlstetter.net\/jkblog\/wp-content\/uploads\/2010\/09\/18-Mallorca2010.jpg?fit=800%2C600&#038;ssl=1\" src=\"https:\/\/i0.wp.com\/www.karlstetter.net\/jkblog\/wp-content\/uploads\/2010\/09\/18-Mallorca2010.jpg?w=163&#038;h=122&#038;ssl=1\" srcset=\"https:\/\/i0.wp.com\/www.karlstetter.net\/jkblog\/wp-content\/uploads\/2010\/09\/18-Mallorca2010.jpg?w=800&amp;ssl=1 800w, https:\/\/i0.wp.com\/www.karlstetter.net\/jkblog\/wp-content\/uploads\/2010\/09\/18-Mallorca2010.jpg?resize=200%2C150&amp;ssl=1 200w, https:\/\/i0.wp.com\/www.karlstetter.net\/jkblog\/wp-content\/uploads\/2010\/09\/18-Mallorca2010.jpg?resize=400%2C300&amp;ssl=1 400w, https:\/\/i0.wp.com\/www.karlstetter.net\/jkblog\/wp-content\/uploads\/2010\/09\/18-Mallorca2010.jpg?resize=768%2C576&amp;ssl=1 768w\" width=\"163\" height=\"122\" loading=\"lazy\" data-original-width=\"163\" data-original-height=\"122\" itemprop=\"http:\/\/schema.org\/image\" title=\"18-Mallorca2010\" alt=\"Dori etwas kamerascheu\" style=\"width: 163px; height: 122px;\" \/> <\/a> <div class=\"tiled-gallery-caption\" itemprop=\"caption description\"> Dori etwas kamerascheu <\/div> <\/div> <\/div> <!-- close group --> <div class=\"gallery-group images-1\" style=\"width: 167px; height: 126px;\" data-original-width=\"167\" data-original-height=\"126\" > <div class=\"tiled-gallery-item tiled-gallery-item-small\" itemprop=\"associatedMedia\" itemscope itemtype=\"http:\/\/schema.org\/ImageObject\"> <a href=\"https:\/\/www.karlstetter.net\/jkblog\/2010\/09\/05\/urlaubsnachlese-mallorca-2010\/19-mallorca2010\/\" border=\"0\" itemprop=\"url\"> <meta itemprop=\"width\" content=\"163\"> <meta itemprop=\"height\" content=\"122\"> <img decoding=\"async\" class=\"\" data-attachment-id=\"2378\" data-orig-file=\"https:\/\/www.karlstetter.net\/jkblog\/wp-content\/uploads\/2010\/09\/19-Mallorca2010.jpg\" data-orig-size=\"800,600\" data-comments-opened=\"1\" data-image-meta=\"{&quot;aperture&quot;:&quot;2.8&quot;,&quot;credit&quot;:&quot;&quot;,&quot;camera&quot;:&quot;DSC-H5&quot;,&quot;caption&quot;:&quot;&quot;,&quot;created_timestamp&quot;:&quot;1282828682&quot;,&quot;copyright&quot;:&quot;&quot;,&quot;focal_length&quot;:&quot;6&quot;,&quot;iso&quot;:&quot;320&quot;,&quot;shutter_speed&quot;:&quot;0.1&quot;,&quot;title&quot;:&quot;&quot;,&quot;orientation&quot;:&quot;0&quot;}\" data-image-title=\"19-Mallorca2010\" data-image-description=\"\" data-medium-file=\"https:\/\/i0.wp.com\/www.karlstetter.net\/jkblog\/wp-content\/uploads\/2010\/09\/19-Mallorca2010.jpg?fit=400%2C300&#038;ssl=1\" data-large-file=\"https:\/\/i0.wp.com\/www.karlstetter.net\/jkblog\/wp-content\/uploads\/2010\/09\/19-Mallorca2010.jpg?fit=800%2C600&#038;ssl=1\" src=\"https:\/\/i0.wp.com\/www.karlstetter.net\/jkblog\/wp-content\/uploads\/2010\/09\/19-Mallorca2010.jpg?w=163&#038;h=122&#038;ssl=1\" srcset=\"https:\/\/i0.wp.com\/www.karlstetter.net\/jkblog\/wp-content\/uploads\/2010\/09\/19-Mallorca2010.jpg?w=800&amp;ssl=1 800w, https:\/\/i0.wp.com\/www.karlstetter.net\/jkblog\/wp-content\/uploads\/2010\/09\/19-Mallorca2010.jpg?resize=200%2C150&amp;ssl=1 200w, https:\/\/i0.wp.com\/www.karlstetter.net\/jkblog\/wp-content\/uploads\/2010\/09\/19-Mallorca2010.jpg?resize=400%2C300&amp;ssl=1 400w, https:\/\/i0.wp.com\/www.karlstetter.net\/jkblog\/wp-content\/uploads\/2010\/09\/19-Mallorca2010.jpg?resize=768%2C576&amp;ssl=1 768w\" width=\"163\" height=\"122\" loading=\"lazy\" data-original-width=\"163\" data-original-height=\"122\" itemprop=\"http:\/\/schema.org\/image\" title=\"19-Mallorca2010\" alt=\"Findet Nemo, jetzt auch in 3D\" style=\"width: 163px; height: 122px;\" \/> <\/a> <div class=\"tiled-gallery-caption\" itemprop=\"caption description\"> Findet Nemo, jetzt auch in 3D <\/div> <\/div> <\/div> <!-- close group --> <div class=\"gallery-group images-1\" style=\"width: 166px; height: 126px;\" data-original-width=\"166\" data-original-height=\"126\" > <div class=\"tiled-gallery-item tiled-gallery-item-small\" itemprop=\"associatedMedia\" itemscope itemtype=\"http:\/\/schema.org\/ImageObject\"> <a href=\"https:\/\/www.karlstetter.net\/jkblog\/2010\/09\/05\/urlaubsnachlese-mallorca-2010\/20-mallorca2010\/\" border=\"0\" itemprop=\"url\"> <meta itemprop=\"width\" content=\"162\"> <meta itemprop=\"height\" content=\"122\"> <img decoding=\"async\" class=\"\" data-attachment-id=\"2379\" data-orig-file=\"https:\/\/www.karlstetter.net\/jkblog\/wp-content\/uploads\/2010\/09\/20-Mallorca2010.jpg\" data-orig-size=\"800,600\" data-comments-opened=\"1\" data-image-meta=\"{&quot;aperture&quot;:&quot;2.8&quot;,&quot;credit&quot;:&quot;&quot;,&quot;camera&quot;:&quot;DSC-H5&quot;,&quot;caption&quot;:&quot;&quot;,&quot;created_timestamp&quot;:&quot;1282829877&quot;,&quot;copyright&quot;:&quot;&quot;,&quot;focal_length&quot;:&quot;6&quot;,&quot;iso&quot;:&quot;125&quot;,&quot;shutter_speed&quot;:&quot;0.02&quot;,&quot;title&quot;:&quot;&quot;,&quot;orientation&quot;:&quot;0&quot;}\" data-image-title=\"20-Mallorca2010\" data-image-description=\"\" data-medium-file=\"https:\/\/i0.wp.com\/www.karlstetter.net\/jkblog\/wp-content\/uploads\/2010\/09\/20-Mallorca2010.jpg?fit=400%2C300&#038;ssl=1\" data-large-file=\"https:\/\/i0.wp.com\/www.karlstetter.net\/jkblog\/wp-content\/uploads\/2010\/09\/20-Mallorca2010.jpg?fit=800%2C600&#038;ssl=1\" src=\"https:\/\/i0.wp.com\/www.karlstetter.net\/jkblog\/wp-content\/uploads\/2010\/09\/20-Mallorca2010.jpg?w=162&#038;h=122&#038;ssl=1\" srcset=\"https:\/\/i0.wp.com\/www.karlstetter.net\/jkblog\/wp-content\/uploads\/2010\/09\/20-Mallorca2010.jpg?w=800&amp;ssl=1 800w, https:\/\/i0.wp.com\/www.karlstetter.net\/jkblog\/wp-content\/uploads\/2010\/09\/20-Mallorca2010.jpg?resize=200%2C150&amp;ssl=1 200w, https:\/\/i0.wp.com\/www.karlstetter.net\/jkblog\/wp-content\/uploads\/2010\/09\/20-Mallorca2010.jpg?resize=400%2C300&amp;ssl=1 400w, https:\/\/i0.wp.com\/www.karlstetter.net\/jkblog\/wp-content\/uploads\/2010\/09\/20-Mallorca2010.jpg?resize=768%2C576&amp;ssl=1 768w\" width=\"162\" height=\"122\" loading=\"lazy\" data-original-width=\"162\" data-original-height=\"122\" itemprop=\"http:\/\/schema.org\/image\" title=\"20-Mallorca2010\" alt=\"Der Wasserschaden im Keller wird immer gr\u00f6\u00dfer\" style=\"width: 162px; height: 122px;\" \/> <\/a> <div class=\"tiled-gallery-caption\" itemprop=\"caption description\"> Der Wasserschaden im Keller wird immer gr\u00f6\u00dfer <\/div> <\/div> <\/div> <!-- close group --> <\/div> <!-- close row --> <div class=\"gallery-row\" style=\"width: 500px; height: 189px;\" data-original-width=\"500\" data-original-height=\"189\" > <div class=\"gallery-group images-1\" style=\"width: 250px; height: 189px;\" data-original-width=\"250\" data-original-height=\"189\" > <div class=\"tiled-gallery-item tiled-gallery-item-small\" itemprop=\"associatedMedia\" itemscope itemtype=\"http:\/\/schema.org\/ImageObject\"> <a href=\"https:\/\/www.karlstetter.net\/jkblog\/2010\/09\/05\/urlaubsnachlese-mallorca-2010\/21-mallorca2010\/\" border=\"0\" itemprop=\"url\"> <meta itemprop=\"width\" content=\"246\"> <meta itemprop=\"height\" content=\"185\"> <img decoding=\"async\" class=\"\" data-attachment-id=\"2380\" data-orig-file=\"https:\/\/www.karlstetter.net\/jkblog\/wp-content\/uploads\/2010\/09\/21-Mallorca2010.jpg\" data-orig-size=\"800,600\" data-comments-opened=\"1\" data-image-meta=\"{&quot;aperture&quot;:&quot;2.8&quot;,&quot;credit&quot;:&quot;&quot;,&quot;camera&quot;:&quot;DSC-H5&quot;,&quot;caption&quot;:&quot;&quot;,&quot;created_timestamp&quot;:&quot;1282830648&quot;,&quot;copyright&quot;:&quot;&quot;,&quot;focal_length&quot;:&quot;6&quot;,&quot;iso&quot;:&quot;320&quot;,&quot;shutter_speed&quot;:&quot;0.0666666666667&quot;,&quot;title&quot;:&quot;&quot;,&quot;orientation&quot;:&quot;0&quot;}\" data-image-title=\"21-Mallorca2010\" data-image-description=\"\" data-medium-file=\"https:\/\/i0.wp.com\/www.karlstetter.net\/jkblog\/wp-content\/uploads\/2010\/09\/21-Mallorca2010.jpg?fit=400%2C300&#038;ssl=1\" data-large-file=\"https:\/\/i0.wp.com\/www.karlstetter.net\/jkblog\/wp-content\/uploads\/2010\/09\/21-Mallorca2010.jpg?fit=800%2C600&#038;ssl=1\" src=\"https:\/\/i0.wp.com\/www.karlstetter.net\/jkblog\/wp-content\/uploads\/2010\/09\/21-Mallorca2010.jpg?w=246&#038;h=185&#038;ssl=1\" srcset=\"https:\/\/i0.wp.com\/www.karlstetter.net\/jkblog\/wp-content\/uploads\/2010\/09\/21-Mallorca2010.jpg?w=800&amp;ssl=1 800w, https:\/\/i0.wp.com\/www.karlstetter.net\/jkblog\/wp-content\/uploads\/2010\/09\/21-Mallorca2010.jpg?resize=200%2C150&amp;ssl=1 200w, https:\/\/i0.wp.com\/www.karlstetter.net\/jkblog\/wp-content\/uploads\/2010\/09\/21-Mallorca2010.jpg?resize=400%2C300&amp;ssl=1 400w, https:\/\/i0.wp.com\/www.karlstetter.net\/jkblog\/wp-content\/uploads\/2010\/09\/21-Mallorca2010.jpg?resize=768%2C576&amp;ssl=1 768w\" width=\"246\" height=\"185\" loading=\"lazy\" data-original-width=\"246\" data-original-height=\"185\" itemprop=\"http:\/\/schema.org\/image\" title=\"21-Mallorca2010\" alt=\"Hi Hai!\" style=\"width: 246px; height: 185px;\" \/> <\/a> <div class=\"tiled-gallery-caption\" itemprop=\"caption description\"> Hi Hai! <\/div> <\/div> <\/div> <!-- close group --> <div class=\"gallery-group images-1\" style=\"width: 250px; height: 189px;\" data-original-width=\"250\" data-original-height=\"189\" > <div class=\"tiled-gallery-item tiled-gallery-item-small\" itemprop=\"associatedMedia\" itemscope itemtype=\"http:\/\/schema.org\/ImageObject\"> <a href=\"https:\/\/www.karlstetter.net\/jkblog\/2010\/09\/05\/urlaubsnachlese-mallorca-2010\/22-mallorca2010\/\" border=\"0\" itemprop=\"url\"> <meta itemprop=\"width\" content=\"246\"> <meta itemprop=\"height\" content=\"185\"> <img decoding=\"async\" class=\"\" data-attachment-id=\"2381\" data-orig-file=\"https:\/\/www.karlstetter.net\/jkblog\/wp-content\/uploads\/2010\/09\/22-Mallorca2010.jpg\" data-orig-size=\"800,600\" data-comments-opened=\"1\" data-image-meta=\"{&quot;aperture&quot;:&quot;3.2&quot;,&quot;credit&quot;:&quot;&quot;,&quot;camera&quot;:&quot;DSC-H5&quot;,&quot;caption&quot;:&quot;&quot;,&quot;created_timestamp&quot;:&quot;1282830705&quot;,&quot;copyright&quot;:&quot;&quot;,&quot;focal_length&quot;:&quot;12.1&quot;,&quot;iso&quot;:&quot;320&quot;,&quot;shutter_speed&quot;:&quot;0.0769230769231&quot;,&quot;title&quot;:&quot;&quot;,&quot;orientation&quot;:&quot;0&quot;}\" data-image-title=\"22-Mallorca2010\" data-image-description=\"\" data-medium-file=\"https:\/\/i0.wp.com\/www.karlstetter.net\/jkblog\/wp-content\/uploads\/2010\/09\/22-Mallorca2010.jpg?fit=400%2C300&#038;ssl=1\" data-large-file=\"https:\/\/i0.wp.com\/www.karlstetter.net\/jkblog\/wp-content\/uploads\/2010\/09\/22-Mallorca2010.jpg?fit=800%2C600&#038;ssl=1\" src=\"https:\/\/i0.wp.com\/www.karlstetter.net\/jkblog\/wp-content\/uploads\/2010\/09\/22-Mallorca2010.jpg?w=246&#038;h=185&#038;ssl=1\" srcset=\"https:\/\/i0.wp.com\/www.karlstetter.net\/jkblog\/wp-content\/uploads\/2010\/09\/22-Mallorca2010.jpg?w=800&amp;ssl=1 800w, https:\/\/i0.wp.com\/www.karlstetter.net\/jkblog\/wp-content\/uploads\/2010\/09\/22-Mallorca2010.jpg?resize=200%2C150&amp;ssl=1 200w, https:\/\/i0.wp.com\/www.karlstetter.net\/jkblog\/wp-content\/uploads\/2010\/09\/22-Mallorca2010.jpg?resize=400%2C300&amp;ssl=1 400w, https:\/\/i0.wp.com\/www.karlstetter.net\/jkblog\/wp-content\/uploads\/2010\/09\/22-Mallorca2010.jpg?resize=768%2C576&amp;ssl=1 768w\" width=\"246\" height=\"185\" loading=\"lazy\" data-original-width=\"246\" data-original-height=\"185\" itemprop=\"http:\/\/schema.org\/image\" title=\"22-Mallorca2010\" alt=\"Fisch to Go\" style=\"width: 246px; height: 185px;\" \/> <\/a> <div class=\"tiled-gallery-caption\" itemprop=\"caption description\"> Fisch to Go <\/div> <\/div> <\/div> <!-- close group --> <\/div> <!-- close row --> <div class=\"gallery-row\" style=\"width: 500px; height: 306px;\" data-original-width=\"500\" data-original-height=\"306\" > <div class=\"gallery-group images-3\" style=\"width: 135px; height: 306px;\" data-original-width=\"135\" data-original-height=\"306\" > <div class=\"tiled-gallery-item tiled-gallery-item-small\" itemprop=\"associatedMedia\" itemscope itemtype=\"http:\/\/schema.org\/ImageObject\"> <a href=\"https:\/\/www.karlstetter.net\/jkblog\/2010\/09\/05\/urlaubsnachlese-mallorca-2010\/23-mallorca2010\/\" border=\"0\" itemprop=\"url\"> <meta itemprop=\"width\" content=\"131\"> <meta itemprop=\"height\" content=\"98\"> <img decoding=\"async\" class=\"\" data-attachment-id=\"2382\" data-orig-file=\"https:\/\/www.karlstetter.net\/jkblog\/wp-content\/uploads\/2010\/09\/23-Mallorca2010.jpg\" data-orig-size=\"800,600\" data-comments-opened=\"1\" data-image-meta=\"{&quot;aperture&quot;:&quot;2.8&quot;,&quot;credit&quot;:&quot;&quot;,&quot;camera&quot;:&quot;DSC-H5&quot;,&quot;caption&quot;:&quot;&quot;,&quot;created_timestamp&quot;:&quot;1282831315&quot;,&quot;copyright&quot;:&quot;&quot;,&quot;focal_length&quot;:&quot;6&quot;,&quot;iso&quot;:&quot;125&quot;,&quot;shutter_speed&quot;:&quot;1&quot;,&quot;title&quot;:&quot;&quot;,&quot;orientation&quot;:&quot;0&quot;}\" data-image-title=\"23-Mallorca2010\" data-image-description=\"\" data-medium-file=\"https:\/\/i0.wp.com\/www.karlstetter.net\/jkblog\/wp-content\/uploads\/2010\/09\/23-Mallorca2010.jpg?fit=400%2C300&#038;ssl=1\" data-large-file=\"https:\/\/i0.wp.com\/www.karlstetter.net\/jkblog\/wp-content\/uploads\/2010\/09\/23-Mallorca2010.jpg?fit=800%2C600&#038;ssl=1\" src=\"https:\/\/i0.wp.com\/www.karlstetter.net\/jkblog\/wp-content\/uploads\/2010\/09\/23-Mallorca2010.jpg?w=131&#038;h=98&#038;ssl=1\" srcset=\"https:\/\/i0.wp.com\/www.karlstetter.net\/jkblog\/wp-content\/uploads\/2010\/09\/23-Mallorca2010.jpg?w=800&amp;ssl=1 800w, https:\/\/i0.wp.com\/www.karlstetter.net\/jkblog\/wp-content\/uploads\/2010\/09\/23-Mallorca2010.jpg?resize=200%2C150&amp;ssl=1 200w, https:\/\/i0.wp.com\/www.karlstetter.net\/jkblog\/wp-content\/uploads\/2010\/09\/23-Mallorca2010.jpg?resize=400%2C300&amp;ssl=1 400w, https:\/\/i0.wp.com\/www.karlstetter.net\/jkblog\/wp-content\/uploads\/2010\/09\/23-Mallorca2010.jpg?resize=768%2C576&amp;ssl=1 768w\" width=\"131\" height=\"98\" loading=\"lazy\" data-original-width=\"131\" data-original-height=\"98\" itemprop=\"http:\/\/schema.org\/image\" title=\"23-Mallorca2010\" alt=\"Finger weg von Drogen!\" style=\"width: 131px; height: 98px;\" \/> <\/a> <div class=\"tiled-gallery-caption\" itemprop=\"caption description\"> Finger weg von Drogen! <\/div> <\/div> <div class=\"tiled-gallery-item tiled-gallery-item-small\" itemprop=\"associatedMedia\" itemscope itemtype=\"http:\/\/schema.org\/ImageObject\"> <a href=\"https:\/\/www.karlstetter.net\/jkblog\/2010\/09\/05\/urlaubsnachlese-mallorca-2010\/24-mallorca2010\/\" border=\"0\" itemprop=\"url\"> <meta itemprop=\"width\" content=\"131\"> <meta itemprop=\"height\" content=\"98\"> <img decoding=\"async\" class=\"\" data-attachment-id=\"2383\" data-orig-file=\"https:\/\/www.karlstetter.net\/jkblog\/wp-content\/uploads\/2010\/09\/24-Mallorca2010.jpg\" data-orig-size=\"800,600\" data-comments-opened=\"1\" data-image-meta=\"{&quot;aperture&quot;:&quot;8&quot;,&quot;credit&quot;:&quot;&quot;,&quot;camera&quot;:&quot;DMC-FX50&quot;,&quot;caption&quot;:&quot;&quot;,&quot;created_timestamp&quot;:&quot;1282908263&quot;,&quot;copyright&quot;:&quot;&quot;,&quot;focal_length&quot;:&quot;4.6&quot;,&quot;iso&quot;:&quot;100&quot;,&quot;shutter_speed&quot;:&quot;0.004&quot;,&quot;title&quot;:&quot;&quot;,&quot;orientation&quot;:&quot;0&quot;}\" data-image-title=\"24-Mallorca2010\" data-image-description=\"\" data-medium-file=\"https:\/\/i0.wp.com\/www.karlstetter.net\/jkblog\/wp-content\/uploads\/2010\/09\/24-Mallorca2010.jpg?fit=400%2C300&#038;ssl=1\" data-large-file=\"https:\/\/i0.wp.com\/www.karlstetter.net\/jkblog\/wp-content\/uploads\/2010\/09\/24-Mallorca2010.jpg?fit=800%2C600&#038;ssl=1\" src=\"https:\/\/i0.wp.com\/www.karlstetter.net\/jkblog\/wp-content\/uploads\/2010\/09\/24-Mallorca2010.jpg?w=131&#038;h=98&#038;ssl=1\" srcset=\"https:\/\/i0.wp.com\/www.karlstetter.net\/jkblog\/wp-content\/uploads\/2010\/09\/24-Mallorca2010.jpg?w=800&amp;ssl=1 800w, https:\/\/i0.wp.com\/www.karlstetter.net\/jkblog\/wp-content\/uploads\/2010\/09\/24-Mallorca2010.jpg?resize=200%2C150&amp;ssl=1 200w, https:\/\/i0.wp.com\/www.karlstetter.net\/jkblog\/wp-content\/uploads\/2010\/09\/24-Mallorca2010.jpg?resize=400%2C300&amp;ssl=1 400w, https:\/\/i0.wp.com\/www.karlstetter.net\/jkblog\/wp-content\/uploads\/2010\/09\/24-Mallorca2010.jpg?resize=768%2C576&amp;ssl=1 768w\" width=\"131\" height=\"98\" loading=\"lazy\" data-original-width=\"131\" data-original-height=\"98\" itemprop=\"http:\/\/schema.org\/image\" title=\"24-Mallorca2010\" alt=\"Nach 12 Jahren hatte sich der Ballermann stark ver\u00e4ndert\" style=\"width: 131px; height: 98px;\" \/> <\/a> <div class=\"tiled-gallery-caption\" itemprop=\"caption description\"> Nach 12 Jahren hatte sich der Ballermann stark ver\u00e4ndert <\/div> <\/div> <div class=\"tiled-gallery-item tiled-gallery-item-small\" itemprop=\"associatedMedia\" itemscope itemtype=\"http:\/\/schema.org\/ImageObject\"> <a href=\"https:\/\/www.karlstetter.net\/jkblog\/2010\/09\/05\/urlaubsnachlese-mallorca-2010\/25-mallorca2010\/\" border=\"0\" itemprop=\"url\"> <meta itemprop=\"width\" content=\"131\"> <meta itemprop=\"height\" content=\"98\"> <img decoding=\"async\" class=\"\" data-attachment-id=\"2384\" data-orig-file=\"https:\/\/www.karlstetter.net\/jkblog\/wp-content\/uploads\/2010\/09\/25-Mallorca2010.jpg\" data-orig-size=\"800,600\" data-comments-opened=\"1\" data-image-meta=\"{&quot;aperture&quot;:&quot;3.8&quot;,&quot;credit&quot;:&quot;&quot;,&quot;camera&quot;:&quot;DMC-FX50&quot;,&quot;caption&quot;:&quot;&quot;,&quot;created_timestamp&quot;:&quot;1282911142&quot;,&quot;copyright&quot;:&quot;&quot;,&quot;focal_length&quot;:&quot;8.8&quot;,&quot;iso&quot;:&quot;400&quot;,&quot;shutter_speed&quot;:&quot;0.0333333333333&quot;,&quot;title&quot;:&quot;&quot;,&quot;orientation&quot;:&quot;0&quot;}\" data-image-title=\"25-Mallorca2010\" data-image-description=\"\" data-medium-file=\"https:\/\/i0.wp.com\/www.karlstetter.net\/jkblog\/wp-content\/uploads\/2010\/09\/25-Mallorca2010.jpg?fit=400%2C300&#038;ssl=1\" data-large-file=\"https:\/\/i0.wp.com\/www.karlstetter.net\/jkblog\/wp-content\/uploads\/2010\/09\/25-Mallorca2010.jpg?fit=800%2C600&#038;ssl=1\" src=\"https:\/\/i0.wp.com\/www.karlstetter.net\/jkblog\/wp-content\/uploads\/2010\/09\/25-Mallorca2010.jpg?w=131&#038;h=98&#038;ssl=1\" srcset=\"https:\/\/i0.wp.com\/www.karlstetter.net\/jkblog\/wp-content\/uploads\/2010\/09\/25-Mallorca2010.jpg?w=800&amp;ssl=1 800w, https:\/\/i0.wp.com\/www.karlstetter.net\/jkblog\/wp-content\/uploads\/2010\/09\/25-Mallorca2010.jpg?resize=200%2C150&amp;ssl=1 200w, https:\/\/i0.wp.com\/www.karlstetter.net\/jkblog\/wp-content\/uploads\/2010\/09\/25-Mallorca2010.jpg?resize=400%2C300&amp;ssl=1 400w, https:\/\/i0.wp.com\/www.karlstetter.net\/jkblog\/wp-content\/uploads\/2010\/09\/25-Mallorca2010.jpg?resize=768%2C576&amp;ssl=1 768w\" width=\"131\" height=\"98\" loading=\"lazy\" data-original-width=\"131\" data-original-height=\"98\" itemprop=\"http:\/\/schema.org\/image\" title=\"25-Mallorca2010\" alt=\"Der Beweis: Auch Weihrauch macht high!\" style=\"width: 131px; height: 98px;\" \/> <\/a> <div class=\"tiled-gallery-caption\" itemprop=\"caption description\"> Der Beweis: Auch Weihrauch macht high! <\/div> <\/div> <\/div> <!-- close group --> <div class=\"gallery-group images-1\" style=\"width: 230px; height: 306px;\" data-original-width=\"230\" data-original-height=\"306\" > <div class=\"tiled-gallery-item tiled-gallery-item-small\" itemprop=\"associatedMedia\" itemscope itemtype=\"http:\/\/schema.org\/ImageObject\"> <a href=\"https:\/\/www.karlstetter.net\/jkblog\/2010\/09\/05\/urlaubsnachlese-mallorca-2010\/26-mallorca2010\/\" border=\"0\" itemprop=\"url\"> <meta itemprop=\"width\" content=\"226\"> <meta itemprop=\"height\" content=\"302\"> <img decoding=\"async\" class=\"\" data-attachment-id=\"2385\" data-orig-file=\"https:\/\/www.karlstetter.net\/jkblog\/wp-content\/uploads\/2010\/09\/26-Mallorca2010.jpg\" data-orig-size=\"600,800\" data-comments-opened=\"1\" data-image-meta=\"{&quot;aperture&quot;:&quot;2.8&quot;,&quot;credit&quot;:&quot;&quot;,&quot;camera&quot;:&quot;DSC-H5&quot;,&quot;caption&quot;:&quot;&quot;,&quot;created_timestamp&quot;:&quot;1282911199&quot;,&quot;copyright&quot;:&quot;&quot;,&quot;focal_length&quot;:&quot;6&quot;,&quot;iso&quot;:&quot;125&quot;,&quot;shutter_speed&quot;:&quot;0.0666666666667&quot;,&quot;title&quot;:&quot;&quot;,&quot;orientation&quot;:&quot;0&quot;}\" data-image-title=\"26-Mallorca2010\" data-image-description=\"\" data-medium-file=\"https:\/\/i0.wp.com\/www.karlstetter.net\/jkblog\/wp-content\/uploads\/2010\/09\/26-Mallorca2010.jpg?fit=300%2C400&#038;ssl=1\" data-large-file=\"https:\/\/i0.wp.com\/www.karlstetter.net\/jkblog\/wp-content\/uploads\/2010\/09\/26-Mallorca2010.jpg?fit=600%2C800&#038;ssl=1\" src=\"https:\/\/i0.wp.com\/www.karlstetter.net\/jkblog\/wp-content\/uploads\/2010\/09\/26-Mallorca2010.jpg?w=226&#038;h=302&#038;ssl=1\" srcset=\"https:\/\/i0.wp.com\/www.karlstetter.net\/jkblog\/wp-content\/uploads\/2010\/09\/26-Mallorca2010.jpg?w=600&amp;ssl=1 600w, https:\/\/i0.wp.com\/www.karlstetter.net\/jkblog\/wp-content\/uploads\/2010\/09\/26-Mallorca2010.jpg?resize=150%2C200&amp;ssl=1 150w, https:\/\/i0.wp.com\/www.karlstetter.net\/jkblog\/wp-content\/uploads\/2010\/09\/26-Mallorca2010.jpg?resize=300%2C400&amp;ssl=1 300w\" width=\"226\" height=\"302\" loading=\"lazy\" data-original-width=\"226\" data-original-height=\"302\" itemprop=\"http:\/\/schema.org\/image\" title=\"26-Mallorca2010\" alt=\"Hobbythek Folge 357: Malen mit Fensterfarben\" style=\"width: 226px; height: 302px;\" \/> <\/a> <div class=\"tiled-gallery-caption\" itemprop=\"caption description\"> Hobbythek Folge 357: Malen mit Fensterfarben <\/div> <\/div> <\/div> <!-- close group --> <div class=\"gallery-group images-3\" style=\"width: 135px; height: 306px;\" data-original-width=\"135\" data-original-height=\"306\" > <div class=\"tiled-gallery-item tiled-gallery-item-small\" itemprop=\"associatedMedia\" itemscope itemtype=\"http:\/\/schema.org\/ImageObject\"> <a href=\"https:\/\/www.karlstetter.net\/jkblog\/2010\/09\/05\/urlaubsnachlese-mallorca-2010\/27-mallorca2010\/\" border=\"0\" itemprop=\"url\"> <meta itemprop=\"width\" content=\"131\"> <meta itemprop=\"height\" content=\"98\"> <img decoding=\"async\" class=\"\" data-attachment-id=\"2386\" data-orig-file=\"https:\/\/www.karlstetter.net\/jkblog\/wp-content\/uploads\/2010\/09\/27-Mallorca2010.jpg\" data-orig-size=\"800,600\" data-comments-opened=\"1\" data-image-meta=\"{&quot;aperture&quot;:&quot;8&quot;,&quot;credit&quot;:&quot;&quot;,&quot;camera&quot;:&quot;DMC-FX50&quot;,&quot;caption&quot;:&quot;&quot;,&quot;created_timestamp&quot;:&quot;1282921218&quot;,&quot;copyright&quot;:&quot;&quot;,&quot;focal_length&quot;:&quot;4.6&quot;,&quot;iso&quot;:&quot;100&quot;,&quot;shutter_speed&quot;:&quot;0.0025&quot;,&quot;title&quot;:&quot;&quot;,&quot;orientation&quot;:&quot;0&quot;}\" data-image-title=\"27-Mallorca2010\" data-image-description=\"\" data-medium-file=\"https:\/\/i0.wp.com\/www.karlstetter.net\/jkblog\/wp-content\/uploads\/2010\/09\/27-Mallorca2010.jpg?fit=400%2C300&#038;ssl=1\" data-large-file=\"https:\/\/i0.wp.com\/www.karlstetter.net\/jkblog\/wp-content\/uploads\/2010\/09\/27-Mallorca2010.jpg?fit=800%2C600&#038;ssl=1\" src=\"https:\/\/i0.wp.com\/www.karlstetter.net\/jkblog\/wp-content\/uploads\/2010\/09\/27-Mallorca2010.jpg?w=131&#038;h=98&#038;ssl=1\" srcset=\"https:\/\/i0.wp.com\/www.karlstetter.net\/jkblog\/wp-content\/uploads\/2010\/09\/27-Mallorca2010.jpg?w=800&amp;ssl=1 800w, https:\/\/i0.wp.com\/www.karlstetter.net\/jkblog\/wp-content\/uploads\/2010\/09\/27-Mallorca2010.jpg?resize=200%2C150&amp;ssl=1 200w, https:\/\/i0.wp.com\/www.karlstetter.net\/jkblog\/wp-content\/uploads\/2010\/09\/27-Mallorca2010.jpg?resize=400%2C300&amp;ssl=1 400w, https:\/\/i0.wp.com\/www.karlstetter.net\/jkblog\/wp-content\/uploads\/2010\/09\/27-Mallorca2010.jpg?resize=768%2C576&amp;ssl=1 768w\" width=\"131\" height=\"98\" loading=\"lazy\" data-original-width=\"131\" data-original-height=\"98\" itemprop=\"http:\/\/schema.org\/image\" title=\"27-Mallorca2010\" alt=\"Weltweit sch\u00f6nste Aussicht von der Terrasse eines Burger Kings\" style=\"width: 131px; height: 98px;\" \/> <\/a> <div class=\"tiled-gallery-caption\" itemprop=\"caption description\"> Weltweit sch\u00f6nste Aussicht von der Terrasse eines Burger Kings <\/div> <\/div> <div class=\"tiled-gallery-item tiled-gallery-item-small\" itemprop=\"associatedMedia\" itemscope itemtype=\"http:\/\/schema.org\/ImageObject\"> <a href=\"https:\/\/www.karlstetter.net\/jkblog\/2010\/09\/05\/urlaubsnachlese-mallorca-2010\/28-mallorca2010\/\" border=\"0\" itemprop=\"url\"> <meta itemprop=\"width\" content=\"131\"> <meta itemprop=\"height\" content=\"98\"> <img decoding=\"async\" class=\"\" data-attachment-id=\"2387\" data-orig-file=\"https:\/\/www.karlstetter.net\/jkblog\/wp-content\/uploads\/2010\/09\/28-Mallorca2010.jpg\" data-orig-size=\"800,600\" data-comments-opened=\"1\" data-image-meta=\"{&quot;aperture&quot;:&quot;5.6&quot;,&quot;credit&quot;:&quot;&quot;,&quot;camera&quot;:&quot;DSC-H5&quot;,&quot;caption&quot;:&quot;&quot;,&quot;created_timestamp&quot;:&quot;1282926301&quot;,&quot;copyright&quot;:&quot;&quot;,&quot;focal_length&quot;:&quot;7.8&quot;,&quot;iso&quot;:&quot;125&quot;,&quot;shutter_speed&quot;:&quot;0.002&quot;,&quot;title&quot;:&quot;&quot;,&quot;orientation&quot;:&quot;0&quot;}\" data-image-title=\"28-Mallorca2010\" data-image-description=\"\" data-medium-file=\"https:\/\/i0.wp.com\/www.karlstetter.net\/jkblog\/wp-content\/uploads\/2010\/09\/28-Mallorca2010.jpg?fit=400%2C300&#038;ssl=1\" data-large-file=\"https:\/\/i0.wp.com\/www.karlstetter.net\/jkblog\/wp-content\/uploads\/2010\/09\/28-Mallorca2010.jpg?fit=800%2C600&#038;ssl=1\" src=\"https:\/\/i0.wp.com\/www.karlstetter.net\/jkblog\/wp-content\/uploads\/2010\/09\/28-Mallorca2010.jpg?w=131&#038;h=98&#038;ssl=1\" srcset=\"https:\/\/i0.wp.com\/www.karlstetter.net\/jkblog\/wp-content\/uploads\/2010\/09\/28-Mallorca2010.jpg?w=800&amp;ssl=1 800w, https:\/\/i0.wp.com\/www.karlstetter.net\/jkblog\/wp-content\/uploads\/2010\/09\/28-Mallorca2010.jpg?resize=200%2C150&amp;ssl=1 200w, https:\/\/i0.wp.com\/www.karlstetter.net\/jkblog\/wp-content\/uploads\/2010\/09\/28-Mallorca2010.jpg?resize=400%2C300&amp;ssl=1 400w, https:\/\/i0.wp.com\/www.karlstetter.net\/jkblog\/wp-content\/uploads\/2010\/09\/28-Mallorca2010.jpg?resize=768%2C576&amp;ssl=1 768w\" width=\"131\" height=\"98\" loading=\"lazy\" data-original-width=\"131\" data-original-height=\"98\" itemprop=\"http:\/\/schema.org\/image\" title=\"28-Mallorca2010\" alt=\"N\u00e4chstes Mal doch das Ferienhaus!\" style=\"width: 131px; height: 98px;\" \/> <\/a> <div class=\"tiled-gallery-caption\" itemprop=\"caption description\"> N\u00e4chstes Mal doch das Ferienhaus! <\/div> <\/div> <div class=\"tiled-gallery-item tiled-gallery-item-small\" itemprop=\"associatedMedia\" itemscope itemtype=\"http:\/\/schema.org\/ImageObject\"> <a href=\"https:\/\/www.karlstetter.net\/jkblog\/2010\/09\/05\/urlaubsnachlese-mallorca-2010\/29-mallorca2010\/\" border=\"0\" itemprop=\"url\"> <meta itemprop=\"width\" content=\"131\"> <meta itemprop=\"height\" content=\"98\"> <img decoding=\"async\" class=\"\" data-attachment-id=\"2388\" data-orig-file=\"https:\/\/www.karlstetter.net\/jkblog\/wp-content\/uploads\/2010\/09\/29-Mallorca2010.jpg\" data-orig-size=\"800,600\" data-comments-opened=\"1\" data-image-meta=\"{&quot;aperture&quot;:&quot;2.8&quot;,&quot;credit&quot;:&quot;&quot;,&quot;camera&quot;:&quot;DSC-H5&quot;,&quot;caption&quot;:&quot;&quot;,&quot;created_timestamp&quot;:&quot;1282927423&quot;,&quot;copyright&quot;:&quot;&quot;,&quot;focal_length&quot;:&quot;6&quot;,&quot;iso&quot;:&quot;125&quot;,&quot;shutter_speed&quot;:&quot;0.025&quot;,&quot;title&quot;:&quot;&quot;,&quot;orientation&quot;:&quot;0&quot;}\" data-image-title=\"29-Mallorca2010\" data-image-description=\"\" data-medium-file=\"https:\/\/i0.wp.com\/www.karlstetter.net\/jkblog\/wp-content\/uploads\/2010\/09\/29-Mallorca2010.jpg?fit=400%2C300&#038;ssl=1\" data-large-file=\"https:\/\/i0.wp.com\/www.karlstetter.net\/jkblog\/wp-content\/uploads\/2010\/09\/29-Mallorca2010.jpg?fit=800%2C600&#038;ssl=1\" src=\"https:\/\/i0.wp.com\/www.karlstetter.net\/jkblog\/wp-content\/uploads\/2010\/09\/29-Mallorca2010.jpg?w=131&#038;h=98&#038;ssl=1\" srcset=\"https:\/\/i0.wp.com\/www.karlstetter.net\/jkblog\/wp-content\/uploads\/2010\/09\/29-Mallorca2010.jpg?w=800&amp;ssl=1 800w, https:\/\/i0.wp.com\/www.karlstetter.net\/jkblog\/wp-content\/uploads\/2010\/09\/29-Mallorca2010.jpg?resize=200%2C150&amp;ssl=1 200w, https:\/\/i0.wp.com\/www.karlstetter.net\/jkblog\/wp-content\/uploads\/2010\/09\/29-Mallorca2010.jpg?resize=400%2C300&amp;ssl=1 400w, https:\/\/i0.wp.com\/www.karlstetter.net\/jkblog\/wp-content\/uploads\/2010\/09\/29-Mallorca2010.jpg?resize=768%2C576&amp;ssl=1 768w\" width=\"131\" height=\"98\" loading=\"lazy\" data-original-width=\"131\" data-original-height=\"98\" itemprop=\"http:\/\/schema.org\/image\" title=\"29-Mallorca2010\" alt=\"Papa heizt den Mietwagen, der Sohn muss sich festhalten\" style=\"width: 131px; height: 98px;\" \/> <\/a> <div class=\"tiled-gallery-caption\" itemprop=\"caption description\"> Papa heizt den Mietwagen, der Sohn muss sich festhalten <\/div> <\/div> <\/div> <!-- close group --> <\/div> <!-- close row --> <div class=\"gallery-row\" style=\"width: 500px; height: 419px;\" data-original-width=\"500\" data-original-height=\"419\" > <div class=\"gallery-group images-3\" style=\"width: 185px; height: 419px;\" data-original-width=\"185\" data-original-height=\"419\" > <div class=\"tiled-gallery-item tiled-gallery-item-small\" itemprop=\"associatedMedia\" itemscope itemtype=\"http:\/\/schema.org\/ImageObject\"> <a href=\"https:\/\/www.karlstetter.net\/jkblog\/2010\/09\/05\/urlaubsnachlese-mallorca-2010\/30-mallorca2010\/\" border=\"0\" itemprop=\"url\"> <meta itemprop=\"width\" content=\"181\"> <meta itemprop=\"height\" content=\"136\"> <img decoding=\"async\" class=\"\" data-attachment-id=\"2389\" data-orig-file=\"https:\/\/www.karlstetter.net\/jkblog\/wp-content\/uploads\/2010\/09\/30-Mallorca2010.jpg\" data-orig-size=\"800,600\" data-comments-opened=\"1\" data-image-meta=\"{&quot;aperture&quot;:&quot;5.6&quot;,&quot;credit&quot;:&quot;&quot;,&quot;camera&quot;:&quot;DSC-H5&quot;,&quot;caption&quot;:&quot;&quot;,&quot;created_timestamp&quot;:&quot;1282927910&quot;,&quot;copyright&quot;:&quot;&quot;,&quot;focal_length&quot;:&quot;6&quot;,&quot;iso&quot;:&quot;125&quot;,&quot;shutter_speed&quot;:&quot;0.0015625&quot;,&quot;title&quot;:&quot;&quot;,&quot;orientation&quot;:&quot;0&quot;}\" data-image-title=\"30-Mallorca2010\" data-image-description=\"\" data-medium-file=\"https:\/\/i0.wp.com\/www.karlstetter.net\/jkblog\/wp-content\/uploads\/2010\/09\/30-Mallorca2010.jpg?fit=400%2C300&#038;ssl=1\" data-large-file=\"https:\/\/i0.wp.com\/www.karlstetter.net\/jkblog\/wp-content\/uploads\/2010\/09\/30-Mallorca2010.jpg?fit=800%2C600&#038;ssl=1\" src=\"https:\/\/i0.wp.com\/www.karlstetter.net\/jkblog\/wp-content\/uploads\/2010\/09\/30-Mallorca2010.jpg?w=181&#038;h=136&#038;ssl=1\" srcset=\"https:\/\/i0.wp.com\/www.karlstetter.net\/jkblog\/wp-content\/uploads\/2010\/09\/30-Mallorca2010.jpg?w=800&amp;ssl=1 800w, https:\/\/i0.wp.com\/www.karlstetter.net\/jkblog\/wp-content\/uploads\/2010\/09\/30-Mallorca2010.jpg?resize=200%2C150&amp;ssl=1 200w, https:\/\/i0.wp.com\/www.karlstetter.net\/jkblog\/wp-content\/uploads\/2010\/09\/30-Mallorca2010.jpg?resize=400%2C300&amp;ssl=1 400w, https:\/\/i0.wp.com\/www.karlstetter.net\/jkblog\/wp-content\/uploads\/2010\/09\/30-Mallorca2010.jpg?resize=768%2C576&amp;ssl=1 768w\" width=\"181\" height=\"136\" loading=\"lazy\" data-original-width=\"181\" data-original-height=\"136\" itemprop=\"http:\/\/schema.org\/image\" title=\"30-Mallorca2010\" alt=\"Auf LOST&#039;s Spuren\" style=\"width: 181px; height: 136px;\" \/> <\/a> <div class=\"tiled-gallery-caption\" itemprop=\"caption description\"> Auf LOST&#8217;s Spuren <\/div> <\/div> <div class=\"tiled-gallery-item tiled-gallery-item-small\" itemprop=\"associatedMedia\" itemscope itemtype=\"http:\/\/schema.org\/ImageObject\"> <a href=\"https:\/\/www.karlstetter.net\/jkblog\/2010\/09\/05\/urlaubsnachlese-mallorca-2010\/31-mallorca2010\/\" border=\"0\" itemprop=\"url\"> <meta itemprop=\"width\" content=\"181\"> <meta itemprop=\"height\" content=\"136\"> <img decoding=\"async\" class=\"\" data-attachment-id=\"2390\" data-orig-file=\"https:\/\/www.karlstetter.net\/jkblog\/wp-content\/uploads\/2010\/09\/31-Mallorca2010.jpg\" data-orig-size=\"800,600\" data-comments-opened=\"1\" data-image-meta=\"{&quot;aperture&quot;:&quot;5.6&quot;,&quot;credit&quot;:&quot;&quot;,&quot;camera&quot;:&quot;DSC-H5&quot;,&quot;caption&quot;:&quot;&quot;,&quot;created_timestamp&quot;:&quot;1282933780&quot;,&quot;copyright&quot;:&quot;&quot;,&quot;focal_length&quot;:&quot;17.5&quot;,&quot;iso&quot;:&quot;125&quot;,&quot;shutter_speed&quot;:&quot;0.00125&quot;,&quot;title&quot;:&quot;&quot;,&quot;orientation&quot;:&quot;0&quot;}\" data-image-title=\"31-Mallorca2010\" data-image-description=\"\" data-medium-file=\"https:\/\/i0.wp.com\/www.karlstetter.net\/jkblog\/wp-content\/uploads\/2010\/09\/31-Mallorca2010.jpg?fit=400%2C300&#038;ssl=1\" data-large-file=\"https:\/\/i0.wp.com\/www.karlstetter.net\/jkblog\/wp-content\/uploads\/2010\/09\/31-Mallorca2010.jpg?fit=800%2C600&#038;ssl=1\" src=\"https:\/\/i0.wp.com\/www.karlstetter.net\/jkblog\/wp-content\/uploads\/2010\/09\/31-Mallorca2010.jpg?w=181&#038;h=136&#038;ssl=1\" srcset=\"https:\/\/i0.wp.com\/www.karlstetter.net\/jkblog\/wp-content\/uploads\/2010\/09\/31-Mallorca2010.jpg?w=800&amp;ssl=1 800w, https:\/\/i0.wp.com\/www.karlstetter.net\/jkblog\/wp-content\/uploads\/2010\/09\/31-Mallorca2010.jpg?resize=200%2C150&amp;ssl=1 200w, https:\/\/i0.wp.com\/www.karlstetter.net\/jkblog\/wp-content\/uploads\/2010\/09\/31-Mallorca2010.jpg?resize=400%2C300&amp;ssl=1 400w, https:\/\/i0.wp.com\/www.karlstetter.net\/jkblog\/wp-content\/uploads\/2010\/09\/31-Mallorca2010.jpg?resize=768%2C576&amp;ssl=1 768w\" width=\"181\" height=\"136\" loading=\"lazy\" data-original-width=\"181\" data-original-height=\"136\" itemprop=\"http:\/\/schema.org\/image\" title=\"31-Mallorca2010\" alt=\"Zum Gl\u00fcck war Nena nicht da\" style=\"width: 181px; height: 136px;\" \/> <\/a> <div class=\"tiled-gallery-caption\" itemprop=\"caption description\"> Zum Gl\u00fcck war Nena nicht da <\/div> <\/div> <div class=\"tiled-gallery-item tiled-gallery-item-small\" itemprop=\"associatedMedia\" itemscope itemtype=\"http:\/\/schema.org\/ImageObject\"> <a href=\"https:\/\/www.karlstetter.net\/jkblog\/2010\/09\/05\/urlaubsnachlese-mallorca-2010\/32-mallorca2010\/\" border=\"0\" itemprop=\"url\"> <meta itemprop=\"width\" content=\"181\"> <meta itemprop=\"height\" content=\"135\"> <img decoding=\"async\" class=\"\" data-attachment-id=\"2391\" data-orig-file=\"https:\/\/www.karlstetter.net\/jkblog\/wp-content\/uploads\/2010\/09\/32-Mallorca2010.jpg\" data-orig-size=\"800,600\" data-comments-opened=\"1\" data-image-meta=\"{&quot;aperture&quot;:&quot;5.6&quot;,&quot;credit&quot;:&quot;&quot;,&quot;camera&quot;:&quot;DSC-H5&quot;,&quot;caption&quot;:&quot;&quot;,&quot;created_timestamp&quot;:&quot;1282934046&quot;,&quot;copyright&quot;:&quot;&quot;,&quot;focal_length&quot;:&quot;11.1&quot;,&quot;iso&quot;:&quot;125&quot;,&quot;shutter_speed&quot;:&quot;0.004&quot;,&quot;title&quot;:&quot;&quot;,&quot;orientation&quot;:&quot;0&quot;}\" data-image-title=\"32-Mallorca2010\" data-image-description=\"\" data-medium-file=\"https:\/\/i0.wp.com\/www.karlstetter.net\/jkblog\/wp-content\/uploads\/2010\/09\/32-Mallorca2010.jpg?fit=400%2C300&#038;ssl=1\" data-large-file=\"https:\/\/i0.wp.com\/www.karlstetter.net\/jkblog\/wp-content\/uploads\/2010\/09\/32-Mallorca2010.jpg?fit=800%2C600&#038;ssl=1\" src=\"https:\/\/i0.wp.com\/www.karlstetter.net\/jkblog\/wp-content\/uploads\/2010\/09\/32-Mallorca2010.jpg?w=181&#038;h=135&#038;ssl=1\" srcset=\"https:\/\/i0.wp.com\/www.karlstetter.net\/jkblog\/wp-content\/uploads\/2010\/09\/32-Mallorca2010.jpg?w=800&amp;ssl=1 800w, https:\/\/i0.wp.com\/www.karlstetter.net\/jkblog\/wp-content\/uploads\/2010\/09\/32-Mallorca2010.jpg?resize=200%2C150&amp;ssl=1 200w, https:\/\/i0.wp.com\/www.karlstetter.net\/jkblog\/wp-content\/uploads\/2010\/09\/32-Mallorca2010.jpg?resize=400%2C300&amp;ssl=1 400w, https:\/\/i0.wp.com\/www.karlstetter.net\/jkblog\/wp-content\/uploads\/2010\/09\/32-Mallorca2010.jpg?resize=768%2C576&amp;ssl=1 768w\" width=\"181\" height=\"135\" loading=\"lazy\" data-original-width=\"181\" data-original-height=\"135\" itemprop=\"http:\/\/schema.org\/image\" title=\"32-Mallorca2010\" alt=\"Leider setzt schon der Gr\u00fcnspan an\" style=\"width: 181px; height: 135px;\" \/> <\/a> <div class=\"tiled-gallery-caption\" itemprop=\"caption description\"> Leider setzt schon der Gr\u00fcnspan an <\/div> <\/div> <\/div> <!-- close group --> <div class=\"gallery-group images-1\" style=\"width: 315px; height: 419px;\" data-original-width=\"315\" data-original-height=\"419\" > <div class=\"tiled-gallery-item tiled-gallery-item-large\" itemprop=\"associatedMedia\" itemscope itemtype=\"http:\/\/schema.org\/ImageObject\"> <a href=\"https:\/\/www.karlstetter.net\/jkblog\/2010\/09\/05\/urlaubsnachlese-mallorca-2010\/33-mallorca2010\/\" border=\"0\" itemprop=\"url\"> <meta itemprop=\"width\" content=\"311\"> <meta itemprop=\"height\" content=\"415\"> <img decoding=\"async\" class=\"\" data-attachment-id=\"2392\" data-orig-file=\"https:\/\/www.karlstetter.net\/jkblog\/wp-content\/uploads\/2010\/09\/33-Mallorca2010.jpg\" data-orig-size=\"600,800\" data-comments-opened=\"1\" data-image-meta=\"{&quot;aperture&quot;:&quot;5.6&quot;,&quot;credit&quot;:&quot;&quot;,&quot;camera&quot;:&quot;DSC-H5&quot;,&quot;caption&quot;:&quot;&quot;,&quot;created_timestamp&quot;:&quot;1282934437&quot;,&quot;copyright&quot;:&quot;&quot;,&quot;focal_length&quot;:&quot;7.8&quot;,&quot;iso&quot;:&quot;125&quot;,&quot;shutter_speed&quot;:&quot;0.00125&quot;,&quot;title&quot;:&quot;&quot;,&quot;orientation&quot;:&quot;0&quot;}\" data-image-title=\"33-Mallorca2010\" data-image-description=\"\" data-medium-file=\"https:\/\/i0.wp.com\/www.karlstetter.net\/jkblog\/wp-content\/uploads\/2010\/09\/33-Mallorca2010.jpg?fit=300%2C400&#038;ssl=1\" data-large-file=\"https:\/\/i0.wp.com\/www.karlstetter.net\/jkblog\/wp-content\/uploads\/2010\/09\/33-Mallorca2010.jpg?fit=600%2C800&#038;ssl=1\" src=\"https:\/\/i0.wp.com\/www.karlstetter.net\/jkblog\/wp-content\/uploads\/2010\/09\/33-Mallorca2010.jpg?w=311&#038;h=415&#038;ssl=1\" srcset=\"https:\/\/i0.wp.com\/www.karlstetter.net\/jkblog\/wp-content\/uploads\/2010\/09\/33-Mallorca2010.jpg?w=600&amp;ssl=1 600w, https:\/\/i0.wp.com\/www.karlstetter.net\/jkblog\/wp-content\/uploads\/2010\/09\/33-Mallorca2010.jpg?resize=150%2C200&amp;ssl=1 150w, https:\/\/i0.wp.com\/www.karlstetter.net\/jkblog\/wp-content\/uploads\/2010\/09\/33-Mallorca2010.jpg?resize=300%2C400&amp;ssl=1 300w\" width=\"311\" height=\"415\" loading=\"lazy\" data-original-width=\"311\" data-original-height=\"415\" itemprop=\"http:\/\/schema.org\/image\" title=\"33-Mallorca2010\" alt=\"Spielerneuvorstellung auf Mallorca\" style=\"width: 311px; height: 415px;\" \/> <\/a> <div class=\"tiled-gallery-caption\" itemprop=\"caption description\"> Spielerneuvorstellung auf Mallorca <\/div> <\/div> <\/div> <!-- close group --> <\/div> <!-- close row --> <div class=\"gallery-row\" style=\"width: 500px; height: 251px;\" data-original-width=\"500\" data-original-height=\"251\" > <div class=\"gallery-group images-1\" style=\"width: 334px; height: 251px;\" data-original-width=\"334\" data-original-height=\"251\" > <div class=\"tiled-gallery-item tiled-gallery-item-large\" itemprop=\"associatedMedia\" itemscope itemtype=\"http:\/\/schema.org\/ImageObject\"> <a href=\"https:\/\/www.karlstetter.net\/jkblog\/2010\/09\/05\/urlaubsnachlese-mallorca-2010\/34-mallorca2010\/\" border=\"0\" itemprop=\"url\"> <meta itemprop=\"width\" content=\"330\"> <meta itemprop=\"height\" content=\"247\"> <img decoding=\"async\" class=\"\" data-attachment-id=\"2393\" data-orig-file=\"https:\/\/www.karlstetter.net\/jkblog\/wp-content\/uploads\/2010\/09\/34-Mallorca2010.jpg\" data-orig-size=\"800,600\" data-comments-opened=\"1\" data-image-meta=\"{&quot;aperture&quot;:&quot;8&quot;,&quot;credit&quot;:&quot;&quot;,&quot;camera&quot;:&quot;DSC-H5&quot;,&quot;caption&quot;:&quot;&quot;,&quot;created_timestamp&quot;:&quot;1282934712&quot;,&quot;copyright&quot;:&quot;&quot;,&quot;focal_length&quot;:&quot;6&quot;,&quot;iso&quot;:&quot;125&quot;,&quot;shutter_speed&quot;:&quot;0.000625&quot;,&quot;title&quot;:&quot;&quot;,&quot;orientation&quot;:&quot;0&quot;}\" data-image-title=\"34-Mallorca2010\" data-image-description=\"\" data-medium-file=\"https:\/\/i0.wp.com\/www.karlstetter.net\/jkblog\/wp-content\/uploads\/2010\/09\/34-Mallorca2010.jpg?fit=400%2C300&#038;ssl=1\" data-large-file=\"https:\/\/i0.wp.com\/www.karlstetter.net\/jkblog\/wp-content\/uploads\/2010\/09\/34-Mallorca2010.jpg?fit=800%2C600&#038;ssl=1\" src=\"https:\/\/i0.wp.com\/www.karlstetter.net\/jkblog\/wp-content\/uploads\/2010\/09\/34-Mallorca2010.jpg?w=330&#038;h=247&#038;ssl=1\" srcset=\"https:\/\/i0.wp.com\/www.karlstetter.net\/jkblog\/wp-content\/uploads\/2010\/09\/34-Mallorca2010.jpg?w=800&amp;ssl=1 800w, https:\/\/i0.wp.com\/www.karlstetter.net\/jkblog\/wp-content\/uploads\/2010\/09\/34-Mallorca2010.jpg?resize=200%2C150&amp;ssl=1 200w, https:\/\/i0.wp.com\/www.karlstetter.net\/jkblog\/wp-content\/uploads\/2010\/09\/34-Mallorca2010.jpg?resize=400%2C300&amp;ssl=1 400w, https:\/\/i0.wp.com\/www.karlstetter.net\/jkblog\/wp-content\/uploads\/2010\/09\/34-Mallorca2010.jpg?resize=768%2C576&amp;ssl=1 768w\" width=\"330\" height=\"247\" loading=\"lazy\" data-original-width=\"330\" data-original-height=\"247\" itemprop=\"http:\/\/schema.org\/image\" title=\"34-Mallorca2010\" alt=\"Wilde Verfolgungsfahrt\" style=\"width: 330px; height: 247px;\" \/> <\/a> <div class=\"tiled-gallery-caption\" itemprop=\"caption description\"> Wilde Verfolgungsfahrt <\/div> <\/div> <\/div> <!-- close group --> <div class=\"gallery-group images-2\" style=\"width: 166px; height: 251px;\" data-original-width=\"166\" data-original-height=\"251\" > <div class=\"tiled-gallery-item tiled-gallery-item-small\" itemprop=\"associatedMedia\" itemscope itemtype=\"http:\/\/schema.org\/ImageObject\"> <a href=\"https:\/\/www.karlstetter.net\/jkblog\/2010\/09\/05\/urlaubsnachlese-mallorca-2010\/35-mallorca2010\/\" border=\"0\" itemprop=\"url\"> <meta itemprop=\"width\" content=\"162\"> <meta itemprop=\"height\" content=\"122\"> <img decoding=\"async\" class=\"\" data-attachment-id=\"2394\" data-orig-file=\"https:\/\/www.karlstetter.net\/jkblog\/wp-content\/uploads\/2010\/09\/35-Mallorca2010.jpg\" data-orig-size=\"800,600\" data-comments-opened=\"1\" data-image-meta=\"{&quot;aperture&quot;:&quot;5.6&quot;,&quot;credit&quot;:&quot;&quot;,&quot;camera&quot;:&quot;DSC-H5&quot;,&quot;caption&quot;:&quot;&quot;,&quot;created_timestamp&quot;:&quot;1282937386&quot;,&quot;copyright&quot;:&quot;&quot;,&quot;focal_length&quot;:&quot;6&quot;,&quot;iso&quot;:&quot;125&quot;,&quot;shutter_speed&quot;:&quot;0.0025&quot;,&quot;title&quot;:&quot;&quot;,&quot;orientation&quot;:&quot;0&quot;}\" data-image-title=\"35-Mallorca2010\" data-image-description=\"\" data-medium-file=\"https:\/\/i0.wp.com\/www.karlstetter.net\/jkblog\/wp-content\/uploads\/2010\/09\/35-Mallorca2010.jpg?fit=400%2C300&#038;ssl=1\" data-large-file=\"https:\/\/i0.wp.com\/www.karlstetter.net\/jkblog\/wp-content\/uploads\/2010\/09\/35-Mallorca2010.jpg?fit=800%2C600&#038;ssl=1\" src=\"https:\/\/i0.wp.com\/www.karlstetter.net\/jkblog\/wp-content\/uploads\/2010\/09\/35-Mallorca2010.jpg?w=162&#038;h=122&#038;ssl=1\" srcset=\"https:\/\/i0.wp.com\/www.karlstetter.net\/jkblog\/wp-content\/uploads\/2010\/09\/35-Mallorca2010.jpg?w=800&amp;ssl=1 800w, https:\/\/i0.wp.com\/www.karlstetter.net\/jkblog\/wp-content\/uploads\/2010\/09\/35-Mallorca2010.jpg?resize=200%2C150&amp;ssl=1 200w, https:\/\/i0.wp.com\/www.karlstetter.net\/jkblog\/wp-content\/uploads\/2010\/09\/35-Mallorca2010.jpg?resize=400%2C300&amp;ssl=1 400w, https:\/\/i0.wp.com\/www.karlstetter.net\/jkblog\/wp-content\/uploads\/2010\/09\/35-Mallorca2010.jpg?resize=768%2C576&amp;ssl=1 768w\" width=\"162\" height=\"122\" loading=\"lazy\" data-original-width=\"162\" data-original-height=\"122\" itemprop=\"http:\/\/schema.org\/image\" title=\"35-Mallorca2010\" alt=\"Fototapeten k\u00f6nnen auch sch\u00f6n sein\" style=\"width: 162px; height: 122px;\" \/> <\/a> <div class=\"tiled-gallery-caption\" itemprop=\"caption description\"> Fototapeten k\u00f6nnen auch sch\u00f6n sein <\/div> <\/div> <div class=\"tiled-gallery-item tiled-gallery-item-small\" itemprop=\"associatedMedia\" itemscope itemtype=\"http:\/\/schema.org\/ImageObject\"> <a href=\"https:\/\/www.karlstetter.net\/jkblog\/2010\/09\/05\/urlaubsnachlese-mallorca-2010\/36-mallorca2010\/\" border=\"0\" itemprop=\"url\"> <meta itemprop=\"width\" content=\"162\"> <meta itemprop=\"height\" content=\"121\"> <img decoding=\"async\" class=\"\" data-attachment-id=\"2395\" data-orig-file=\"https:\/\/www.karlstetter.net\/jkblog\/wp-content\/uploads\/2010\/09\/36-Mallorca2010.jpg\" data-orig-size=\"800,600\" data-comments-opened=\"1\" data-image-meta=\"{&quot;aperture&quot;:&quot;4.3&quot;,&quot;credit&quot;:&quot;&quot;,&quot;camera&quot;:&quot;DMC-FX50&quot;,&quot;caption&quot;:&quot;&quot;,&quot;created_timestamp&quot;:&quot;1282937397&quot;,&quot;copyright&quot;:&quot;&quot;,&quot;focal_length&quot;:&quot;11.2&quot;,&quot;iso&quot;:&quot;100&quot;,&quot;shutter_speed&quot;:&quot;0.0025&quot;,&quot;title&quot;:&quot;&quot;,&quot;orientation&quot;:&quot;0&quot;}\" data-image-title=\"36-Mallorca2010\" data-image-description=\"\" data-medium-file=\"https:\/\/i0.wp.com\/www.karlstetter.net\/jkblog\/wp-content\/uploads\/2010\/09\/36-Mallorca2010.jpg?fit=400%2C300&#038;ssl=1\" data-large-file=\"https:\/\/i0.wp.com\/www.karlstetter.net\/jkblog\/wp-content\/uploads\/2010\/09\/36-Mallorca2010.jpg?fit=800%2C600&#038;ssl=1\" src=\"https:\/\/i0.wp.com\/www.karlstetter.net\/jkblog\/wp-content\/uploads\/2010\/09\/36-Mallorca2010.jpg?w=162&#038;h=121&#038;ssl=1\" srcset=\"https:\/\/i0.wp.com\/www.karlstetter.net\/jkblog\/wp-content\/uploads\/2010\/09\/36-Mallorca2010.jpg?w=800&amp;ssl=1 800w, https:\/\/i0.wp.com\/www.karlstetter.net\/jkblog\/wp-content\/uploads\/2010\/09\/36-Mallorca2010.jpg?resize=200%2C150&amp;ssl=1 200w, https:\/\/i0.wp.com\/www.karlstetter.net\/jkblog\/wp-content\/uploads\/2010\/09\/36-Mallorca2010.jpg?resize=400%2C300&amp;ssl=1 400w, https:\/\/i0.wp.com\/www.karlstetter.net\/jkblog\/wp-content\/uploads\/2010\/09\/36-Mallorca2010.jpg?resize=768%2C576&amp;ssl=1 768w\" width=\"162\" height=\"121\" loading=\"lazy\" data-original-width=\"162\" data-original-height=\"121\" itemprop=\"http:\/\/schema.org\/image\" title=\"36-Mallorca2010\" alt=\"Aufbruch aus dem Auenland\" style=\"width: 162px; height: 121px;\" \/> <\/a> <div class=\"tiled-gallery-caption\" itemprop=\"caption description\"> Aufbruch aus dem Auenland <\/div> <\/div> <\/div> <!-- close group --> <\/div> <!-- close row --> <div class=\"gallery-row\" style=\"width: 500px; height: 139px;\" data-original-width=\"500\" data-original-height=\"139\" > <div class=\"gallery-group images-1\" style=\"width: 106px; height: 139px;\" data-original-width=\"106\" data-original-height=\"139\" > <div class=\"tiled-gallery-item tiled-gallery-item-small\" itemprop=\"associatedMedia\" itemscope itemtype=\"http:\/\/schema.org\/ImageObject\"> <a href=\"https:\/\/www.karlstetter.net\/jkblog\/2010\/09\/05\/urlaubsnachlese-mallorca-2010\/37-mallorca2010\/\" border=\"0\" itemprop=\"url\"> <meta itemprop=\"width\" content=\"102\"> <meta itemprop=\"height\" content=\"135\"> <img decoding=\"async\" class=\"\" data-attachment-id=\"2396\" data-orig-file=\"https:\/\/www.karlstetter.net\/jkblog\/wp-content\/uploads\/2010\/09\/37-Mallorca2010.jpg\" data-orig-size=\"600,800\" data-comments-opened=\"1\" data-image-meta=\"{&quot;aperture&quot;:&quot;4&quot;,&quot;credit&quot;:&quot;&quot;,&quot;camera&quot;:&quot;DSC-H5&quot;,&quot;caption&quot;:&quot;&quot;,&quot;created_timestamp&quot;:&quot;1282937904&quot;,&quot;copyright&quot;:&quot;&quot;,&quot;focal_length&quot;:&quot;11.7&quot;,&quot;iso&quot;:&quot;125&quot;,&quot;shutter_speed&quot;:&quot;0.0025&quot;,&quot;title&quot;:&quot;&quot;,&quot;orientation&quot;:&quot;0&quot;}\" data-image-title=\"37-Mallorca2010\" data-image-description=\"\" data-medium-file=\"https:\/\/i0.wp.com\/www.karlstetter.net\/jkblog\/wp-content\/uploads\/2010\/09\/37-Mallorca2010.jpg?fit=300%2C400&#038;ssl=1\" data-large-file=\"https:\/\/i0.wp.com\/www.karlstetter.net\/jkblog\/wp-content\/uploads\/2010\/09\/37-Mallorca2010.jpg?fit=600%2C800&#038;ssl=1\" src=\"https:\/\/i0.wp.com\/www.karlstetter.net\/jkblog\/wp-content\/uploads\/2010\/09\/37-Mallorca2010.jpg?w=102&#038;h=135&#038;ssl=1\" srcset=\"https:\/\/i0.wp.com\/www.karlstetter.net\/jkblog\/wp-content\/uploads\/2010\/09\/37-Mallorca2010.jpg?w=600&amp;ssl=1 600w, https:\/\/i0.wp.com\/www.karlstetter.net\/jkblog\/wp-content\/uploads\/2010\/09\/37-Mallorca2010.jpg?resize=150%2C200&amp;ssl=1 150w, https:\/\/i0.wp.com\/www.karlstetter.net\/jkblog\/wp-content\/uploads\/2010\/09\/37-Mallorca2010.jpg?resize=300%2C400&amp;ssl=1 300w\" width=\"102\" height=\"135\" loading=\"lazy\" data-original-width=\"102\" data-original-height=\"135\" itemprop=\"http:\/\/schema.org\/image\" title=\"37-Mallorca2010\" alt=\"Die frisch gefangene Beute versucht sich zu wehren\" style=\"width: 102px; height: 135px;\" \/> <\/a> <div class=\"tiled-gallery-caption\" itemprop=\"caption description\"> Die frisch gefangene Beute versucht sich zu wehren <\/div> <\/div> <\/div> <!-- close group --> <div class=\"gallery-group images-1\" style=\"width: 105px; height: 139px;\" data-original-width=\"105\" data-original-height=\"139\" > <div class=\"tiled-gallery-item tiled-gallery-item-small\" itemprop=\"associatedMedia\" itemscope itemtype=\"http:\/\/schema.org\/ImageObject\"> <a href=\"https:\/\/www.karlstetter.net\/jkblog\/2010\/09\/05\/urlaubsnachlese-mallorca-2010\/38-mallorca2010\/\" border=\"0\" itemprop=\"url\"> <meta itemprop=\"width\" content=\"101\"> <meta itemprop=\"height\" content=\"135\"> <img decoding=\"async\" class=\"\" data-attachment-id=\"2397\" data-orig-file=\"https:\/\/www.karlstetter.net\/jkblog\/wp-content\/uploads\/2010\/09\/38-Mallorca2010.jpg\" data-orig-size=\"600,800\" data-comments-opened=\"1\" data-image-meta=\"{&quot;aperture&quot;:&quot;8&quot;,&quot;credit&quot;:&quot;&quot;,&quot;camera&quot;:&quot;DMC-FX50&quot;,&quot;caption&quot;:&quot;&quot;,&quot;created_timestamp&quot;:&quot;1282991842&quot;,&quot;copyright&quot;:&quot;&quot;,&quot;focal_length&quot;:&quot;4.6&quot;,&quot;iso&quot;:&quot;100&quot;,&quot;shutter_speed&quot;:&quot;0.004&quot;,&quot;title&quot;:&quot;&quot;,&quot;orientation&quot;:&quot;0&quot;}\" data-image-title=\"38-Mallorca2010\" data-image-description=\"\" data-medium-file=\"https:\/\/i0.wp.com\/www.karlstetter.net\/jkblog\/wp-content\/uploads\/2010\/09\/38-Mallorca2010.jpg?fit=300%2C400&#038;ssl=1\" data-large-file=\"https:\/\/i0.wp.com\/www.karlstetter.net\/jkblog\/wp-content\/uploads\/2010\/09\/38-Mallorca2010.jpg?fit=600%2C800&#038;ssl=1\" src=\"https:\/\/i0.wp.com\/www.karlstetter.net\/jkblog\/wp-content\/uploads\/2010\/09\/38-Mallorca2010.jpg?w=101&#038;h=135&#038;ssl=1\" srcset=\"https:\/\/i0.wp.com\/www.karlstetter.net\/jkblog\/wp-content\/uploads\/2010\/09\/38-Mallorca2010.jpg?w=600&amp;ssl=1 600w, https:\/\/i0.wp.com\/www.karlstetter.net\/jkblog\/wp-content\/uploads\/2010\/09\/38-Mallorca2010.jpg?resize=150%2C200&amp;ssl=1 150w, https:\/\/i0.wp.com\/www.karlstetter.net\/jkblog\/wp-content\/uploads\/2010\/09\/38-Mallorca2010.jpg?resize=300%2C400&amp;ssl=1 300w\" width=\"101\" height=\"135\" loading=\"lazy\" data-original-width=\"101\" data-original-height=\"135\" itemprop=\"http:\/\/schema.org\/image\" title=\"38-Mallorca2010\" alt=\"Freude \u00fcber ein erfolgreiches Liegenbesetzen ;-)\" style=\"width: 101px; height: 135px;\" \/> <\/a> <div class=\"tiled-gallery-caption\" itemprop=\"caption description\"> Freude \u00fcber ein erfolgreiches Liegenbesetzen \ud83d\ude09 <\/div> <\/div> <\/div> <!-- close group --> <div class=\"gallery-group images-1\" style=\"width: 105px; height: 139px;\" data-original-width=\"105\" data-original-height=\"139\" > <div class=\"tiled-gallery-item tiled-gallery-item-small\" itemprop=\"associatedMedia\" itemscope itemtype=\"http:\/\/schema.org\/ImageObject\"> <a href=\"https:\/\/www.karlstetter.net\/jkblog\/2010\/09\/05\/urlaubsnachlese-mallorca-2010\/39-mallorca2010\/\" border=\"0\" itemprop=\"url\"> <meta itemprop=\"width\" content=\"101\"> <meta itemprop=\"height\" content=\"135\"> <img decoding=\"async\" class=\"\" data-attachment-id=\"2398\" data-orig-file=\"https:\/\/www.karlstetter.net\/jkblog\/wp-content\/uploads\/2010\/09\/39-Mallorca2010.jpg\" data-orig-size=\"600,800\" data-comments-opened=\"1\" data-image-meta=\"{&quot;aperture&quot;:&quot;10&quot;,&quot;credit&quot;:&quot;&quot;,&quot;camera&quot;:&quot;DMC-FX50&quot;,&quot;caption&quot;:&quot;&quot;,&quot;created_timestamp&quot;:&quot;1282992465&quot;,&quot;copyright&quot;:&quot;&quot;,&quot;focal_length&quot;:&quot;8.1&quot;,&quot;iso&quot;:&quot;100&quot;,&quot;shutter_speed&quot;:&quot;0.005&quot;,&quot;title&quot;:&quot;&quot;,&quot;orientation&quot;:&quot;0&quot;}\" data-image-title=\"39-Mallorca2010\" data-image-description=\"\" data-medium-file=\"https:\/\/i0.wp.com\/www.karlstetter.net\/jkblog\/wp-content\/uploads\/2010\/09\/39-Mallorca2010.jpg?fit=300%2C400&#038;ssl=1\" data-large-file=\"https:\/\/i0.wp.com\/www.karlstetter.net\/jkblog\/wp-content\/uploads\/2010\/09\/39-Mallorca2010.jpg?fit=600%2C800&#038;ssl=1\" src=\"https:\/\/i0.wp.com\/www.karlstetter.net\/jkblog\/wp-content\/uploads\/2010\/09\/39-Mallorca2010.jpg?w=101&#038;h=135&#038;ssl=1\" srcset=\"https:\/\/i0.wp.com\/www.karlstetter.net\/jkblog\/wp-content\/uploads\/2010\/09\/39-Mallorca2010.jpg?w=600&amp;ssl=1 600w, https:\/\/i0.wp.com\/www.karlstetter.net\/jkblog\/wp-content\/uploads\/2010\/09\/39-Mallorca2010.jpg?resize=150%2C200&amp;ssl=1 150w, https:\/\/i0.wp.com\/www.karlstetter.net\/jkblog\/wp-content\/uploads\/2010\/09\/39-Mallorca2010.jpg?resize=300%2C400&amp;ssl=1 300w\" width=\"101\" height=\"135\" loading=\"lazy\" data-original-width=\"101\" data-original-height=\"135\" itemprop=\"http:\/\/schema.org\/image\" title=\"39-Mallorca2010\" alt=\"Nun auch Baustellen am Strand\" style=\"width: 101px; height: 135px;\" \/> <\/a> <div class=\"tiled-gallery-caption\" itemprop=\"caption description\"> Nun auch Baustellen am Strand <\/div> <\/div> <\/div> <!-- close group --> <div class=\"gallery-group images-1\" style=\"width: 184px; height: 139px;\" data-original-width=\"184\" data-original-height=\"139\" > <div class=\"tiled-gallery-item tiled-gallery-item-small\" itemprop=\"associatedMedia\" itemscope itemtype=\"http:\/\/schema.org\/ImageObject\"> <a href=\"https:\/\/www.karlstetter.net\/jkblog\/2010\/09\/05\/urlaubsnachlese-mallorca-2010\/40-mallorca2010\/\" border=\"0\" itemprop=\"url\"> <meta itemprop=\"width\" content=\"180\"> <meta itemprop=\"height\" content=\"135\"> <img decoding=\"async\" class=\"\" data-attachment-id=\"2399\" data-orig-file=\"https:\/\/www.karlstetter.net\/jkblog\/wp-content\/uploads\/2010\/09\/40-Mallorca2010.jpg\" data-orig-size=\"800,600\" data-comments-opened=\"1\" data-image-meta=\"{&quot;aperture&quot;:&quot;10&quot;,&quot;credit&quot;:&quot;&quot;,&quot;camera&quot;:&quot;DMC-FX50&quot;,&quot;caption&quot;:&quot;&quot;,&quot;created_timestamp&quot;:&quot;1282993685&quot;,&quot;copyright&quot;:&quot;&quot;,&quot;focal_length&quot;:&quot;6.9&quot;,&quot;iso&quot;:&quot;100&quot;,&quot;shutter_speed&quot;:&quot;0.005&quot;,&quot;title&quot;:&quot;&quot;,&quot;orientation&quot;:&quot;0&quot;}\" data-image-title=\"40-Mallorca2010\" data-image-description=\"\" data-medium-file=\"https:\/\/i0.wp.com\/www.karlstetter.net\/jkblog\/wp-content\/uploads\/2010\/09\/40-Mallorca2010.jpg?fit=400%2C300&#038;ssl=1\" data-large-file=\"https:\/\/i0.wp.com\/www.karlstetter.net\/jkblog\/wp-content\/uploads\/2010\/09\/40-Mallorca2010.jpg?fit=800%2C600&#038;ssl=1\" src=\"https:\/\/i0.wp.com\/www.karlstetter.net\/jkblog\/wp-content\/uploads\/2010\/09\/40-Mallorca2010.jpg?w=180&#038;h=135&#038;ssl=1\" srcset=\"https:\/\/i0.wp.com\/www.karlstetter.net\/jkblog\/wp-content\/uploads\/2010\/09\/40-Mallorca2010.jpg?w=800&amp;ssl=1 800w, https:\/\/i0.wp.com\/www.karlstetter.net\/jkblog\/wp-content\/uploads\/2010\/09\/40-Mallorca2010.jpg?resize=200%2C150&amp;ssl=1 200w, https:\/\/i0.wp.com\/www.karlstetter.net\/jkblog\/wp-content\/uploads\/2010\/09\/40-Mallorca2010.jpg?resize=400%2C300&amp;ssl=1 400w, https:\/\/i0.wp.com\/www.karlstetter.net\/jkblog\/wp-content\/uploads\/2010\/09\/40-Mallorca2010.jpg?resize=768%2C576&amp;ssl=1 768w\" width=\"180\" height=\"135\" loading=\"lazy\" data-original-width=\"180\" data-original-height=\"135\" itemprop=\"http:\/\/schema.org\/image\" title=\"40-Mallorca2010\" alt=\"Der Vorarbeiter ist mit dem Bauwerk unzufrieden\" style=\"width: 180px; height: 135px;\" \/> <\/a> <div class=\"tiled-gallery-caption\" itemprop=\"caption description\"> Der Vorarbeiter ist mit dem Bauwerk unzufrieden <\/div> <\/div> <\/div> <!-- close group --> <\/div> <!-- close row --> <\/div>\n<p>&nbsp;<\/p>\n<p>&nbsp;<\/p>\n<div class=\"shariff\"><ul class=\"shariff-buttons theme-default orientation-horizontal buttonsize-medium\"><li class=\"shariff-button facebook shariff-nocustomcolor\" style=\"background-color:#4273c8\"><a href=\"https:\/\/www.facebook.com\/sharer\/sharer.php?u=https%3A%2F%2Fwww.karlstetter.net%2Fjkblog%2F2010%2F09%2F05%2Furlaubsnachlese-mallorca-2010%2F\" title=\"Bei Facebook teilen\" aria-label=\"Bei Facebook teilen\" role=\"button\" rel=\"nofollow\" class=\"shariff-link\" style=\"; background-color:#3b5998; color:#fff\" target=\"_blank\"><span class=\"shariff-icon\" style=\"\"><svg width=\"32px\" height=\"20px\" xmlns=\"http:\/\/www.w3.org\/2000\/svg\" viewBox=\"0 0 18 32\"><path fill=\"#3b5998\" d=\"M17.1 0.2v4.7h-2.8q-1.5 0-2.1 0.6t-0.5 1.9v3.4h5.2l-0.7 5.3h-4.5v13.6h-5.5v-13.6h-4.5v-5.3h4.5v-3.9q0-3.3 1.9-5.2t5-1.8q2.6 0 4.1 0.2z\"\/><\/svg><\/span><span class=\"shariff-text\">teilen<\/span>&nbsp;<\/a><\/li><li class=\"shariff-button twitter shariff-nocustomcolor\" style=\"background-color:#595959\"><a href=\"https:\/\/twitter.com\/share?url=https%3A%2F%2Fwww.karlstetter.net%2Fjkblog%2F2010%2F09%2F05%2Furlaubsnachlese-mallorca-2010%2F&text=Urlaubsnachlese%3A%20Mallorca%202010&via=monacobazi\" title=\"Bei X teilen\" aria-label=\"Bei X teilen\" role=\"button\" rel=\"noopener nofollow\" class=\"shariff-link\" style=\"; background-color:#000; color:#fff\" target=\"_blank\"><span class=\"shariff-icon\" style=\"\"><svg width=\"32px\" height=\"20px\" xmlns=\"http:\/\/www.w3.org\/2000\/svg\" viewBox=\"0 0 24 24\"><path fill=\"#000\" d=\"M14.258 10.152L23.176 0h-2.113l-7.747 8.813L7.133 0H0l9.352 13.328L0 23.973h2.113l8.176-9.309 6.531 9.309h7.133zm-2.895 3.293l-.949-1.328L2.875 1.56h3.246l6.086 8.523.945 1.328 7.91 11.078h-3.246zm0 0\"\/><\/svg><\/span><span class=\"shariff-text\">teilen<\/span>&nbsp;<\/a><\/li><li class=\"shariff-button whatsapp shariff-nocustomcolor\" style=\"background-color:#5cbe4a\"><a href=\"https:\/\/api.whatsapp.com\/send?text=https%3A%2F%2Fwww.karlstetter.net%2Fjkblog%2F2010%2F09%2F05%2Furlaubsnachlese-mallorca-2010%2F%20Urlaubsnachlese%3A%20Mallorca%202010\" title=\"Bei Whatsapp teilen\" aria-label=\"Bei Whatsapp teilen\" role=\"button\" rel=\"noopener nofollow\" class=\"shariff-link\" style=\"; background-color:#34af23; color:#fff\" target=\"_blank\"><span class=\"shariff-icon\" style=\"\"><svg width=\"32px\" height=\"20px\" xmlns=\"http:\/\/www.w3.org\/2000\/svg\" viewBox=\"0 0 32 32\"><path fill=\"#34af23\" d=\"M17.6 17.4q0.2 0 1.7 0.8t1.6 0.9q0 0.1 0 0.3 0 0.6-0.3 1.4-0.3 0.7-1.3 1.2t-1.8 0.5q-1 0-3.4-1.1-1.7-0.8-3-2.1t-2.6-3.3q-1.3-1.9-1.3-3.5v-0.1q0.1-1.6 1.3-2.8 0.4-0.4 0.9-0.4 0.1 0 0.3 0t0.3 0q0.3 0 0.5 0.1t0.3 0.5q0.1 0.4 0.6 1.6t0.4 1.3q0 0.4-0.6 1t-0.6 0.8q0 0.1 0.1 0.3 0.6 1.3 1.8 2.4 1 0.9 2.7 1.8 0.2 0.1 0.4 0.1 0.3 0 1-0.9t0.9-0.9zM14 26.9q2.3 0 4.3-0.9t3.6-2.4 2.4-3.6 0.9-4.3-0.9-4.3-2.4-3.6-3.6-2.4-4.3-0.9-4.3 0.9-3.6 2.4-2.4 3.6-0.9 4.3q0 3.6 2.1 6.6l-1.4 4.2 4.3-1.4q2.8 1.9 6.2 1.9zM14 2.2q2.7 0 5.2 1.1t4.3 2.9 2.9 4.3 1.1 5.2-1.1 5.2-2.9 4.3-4.3 2.9-5.2 1.1q-3.5 0-6.5-1.7l-7.4 2.4 2.4-7.2q-1.9-3.2-1.9-6.9 0-2.7 1.1-5.2t2.9-4.3 4.3-2.9 5.2-1.1z\"\/><\/svg><\/span><span class=\"shariff-text\">teilen<\/span>&nbsp;<\/a><\/li><li class=\"shariff-button mailto shariff-nocustomcolor\" style=\"background-color:#a8a8a8\"><a href=\"mailto:?body=https%3A%2F%2Fwww.karlstetter.net%2Fjkblog%2F2010%2F09%2F05%2Furlaubsnachlese-mallorca-2010%2F&subject=Urlaubsnachlese%3A%20Mallorca%202010\" title=\"Per E-Mail versenden\" aria-label=\"Per E-Mail versenden\" role=\"button\" rel=\"noopener nofollow\" class=\"shariff-link\" style=\"; background-color:#999; color:#fff\"><span class=\"shariff-icon\" style=\"\"><svg width=\"32px\" height=\"20px\" xmlns=\"http:\/\/www.w3.org\/2000\/svg\" viewBox=\"0 0 32 32\"><path fill=\"#999\" d=\"M32 12.7v14.2q0 1.2-0.8 2t-2 0.9h-26.3q-1.2 0-2-0.9t-0.8-2v-14.2q0.8 0.9 1.8 1.6 6.5 4.4 8.9 6.1 1 0.8 1.6 1.2t1.7 0.9 2 0.4h0.1q0.9 0 2-0.4t1.7-0.9 1.6-1.2q3-2.2 8.9-6.1 1-0.7 1.8-1.6zM32 7.4q0 1.4-0.9 2.7t-2.2 2.2q-6.7 4.7-8.4 5.8-0.2 0.1-0.7 0.5t-1 0.7-0.9 0.6-1.1 0.5-0.9 0.2h-0.1q-0.4 0-0.9-0.2t-1.1-0.5-0.9-0.6-1-0.7-0.7-0.5q-1.6-1.1-4.7-3.2t-3.6-2.6q-1.1-0.7-2.1-2t-1-2.5q0-1.4 0.7-2.3t2.1-0.9h26.3q1.2 0 2 0.8t0.9 2z\"\/><\/svg><\/span><span class=\"shariff-text\">E-Mail<\/span>&nbsp;<\/a><\/li><li class=\"shariff-button printer shariff-nocustomcolor\" style=\"background-color:#a8a8a8\"><a href=\"javascript:window.print()\" title=\"drucken\" aria-label=\"drucken\" role=\"button\" rel=\"noopener nofollow\" class=\"shariff-link\" style=\"; background-color:#999; color:#fff\"><span class=\"shariff-icon\" style=\"\"><svg width=\"32px\" height=\"20px\" xmlns=\"http:\/\/www.w3.org\/2000\/svg\" viewBox=\"0 0 30 32\"><path fill=\"#999\" d=\"M6.8 27.4h16v-4.6h-16v4.6zM6.8 16h16v-6.8h-2.8q-0.7 0-1.2-0.5t-0.5-1.2v-2.8h-11.4v11.4zM27.4 17.2q0-0.5-0.3-0.8t-0.8-0.4-0.8 0.4-0.3 0.8 0.3 0.8 0.8 0.3 0.8-0.3 0.3-0.8zM29.7 17.2v7.4q0 0.2-0.2 0.4t-0.4 0.2h-4v2.8q0 0.7-0.5 1.2t-1.2 0.5h-17.2q-0.7 0-1.2-0.5t-0.5-1.2v-2.8h-4q-0.2 0-0.4-0.2t-0.2-0.4v-7.4q0-1.4 1-2.4t2.4-1h1.2v-9.7q0-0.7 0.5-1.2t1.2-0.5h12q0.7 0 1.6 0.4t1.3 0.8l2.7 2.7q0.5 0.5 0.9 1.4t0.4 1.6v4.6h1.1q1.4 0 2.4 1t1 2.4z\"\/><\/svg><\/span><span class=\"shariff-text\">drucken<\/span>&nbsp;<\/a><\/li><li class=\"shariff-button info shariff-nocustomcolor\" style=\"background-color:#eee\"><a href=\"http:\/\/ct.de\/-2467514\" title=\"Weitere Informationen\" aria-label=\"Weitere Informationen\" role=\"button\" rel=\"noopener \" class=\"shariff-link\" style=\"; background-color:#fff; color:#fff\" target=\"_blank\"><span class=\"shariff-icon\" style=\"\"><svg width=\"32px\" height=\"20px\" xmlns=\"http:\/\/www.w3.org\/2000\/svg\" viewBox=\"0 0 11 32\"><path fill=\"#999\" d=\"M11.4 24v2.3q0 0.5-0.3 0.8t-0.8 0.4h-9.1q-0.5 0-0.8-0.4t-0.4-0.8v-2.3q0-0.5 0.4-0.8t0.8-0.4h1.1v-6.8h-1.1q-0.5 0-0.8-0.4t-0.4-0.8v-2.3q0-0.5 0.4-0.8t0.8-0.4h6.8q0.5 0 0.8 0.4t0.4 0.8v10.3h1.1q0.5 0 0.8 0.4t0.3 0.8zM9.2 3.4v3.4q0 0.5-0.4 0.8t-0.8 0.4h-4.6q-0.4 0-0.8-0.4t-0.4-0.8v-3.4q0-0.4 0.4-0.8t0.8-0.4h4.6q0.5 0 0.8 0.4t0.4 0.8z\"\/><\/svg><\/span><\/a><\/li><\/ul><\/div>","protected":false},"excerpt":{"rendered":"<p>Im Gegensatz zu fr\u00fcher gibt es diesmal eine Urlaubsnachlese mit einer Auswahl an Bildern. Einerseits war die Internetanbindung im Hotel mehr als teuer und zum anderen sind die eigenen Priorit\u00e4ten im Familienurlaub einfach ver\u00e4ndert. \ud83d\ude09 Ja es ist schon wieder eine Woche her, seit&#46;&#46;&#46;<\/p>\n","protected":false},"author":2,"featured_media":0,"comment_status":"open","ping_status":"open","sticky":false,"template":"","format":"standard","meta":{"jetpack_post_was_ever_published":false,"_jetpack_newsletter_access":"","_jetpack_dont_email_post_to_subs":false,"_jetpack_newsletter_tier_id":0,"_jetpack_memberships_contains_paywalled_content":false,"_jetpack_memberships_contains_paid_content":false,"footnotes":""},"categories":[6,11],"tags":[62,200,218,597,245,247,249,284,446,600],"class_list":["post-702","post","type-post","status-publish","format-standard","hentry","category-jk-jr","category-urlaub","tag-bettina","tag-handtuchreservierung","tag-iberostar-alcudia-park","tag-jk-jr","tag-jochen","tag-jonas","tag-kampf-um-liegen","tag-mallorca","tag-strand","tag-urlaub"],"yoast_head":"<!-- This site is optimized with the Yoast SEO plugin v27.4 - https:\/\/yoast.com\/product\/yoast-seo-wordpress\/ -->\n<title>Urlaubsnachlese: Mallorca 2010 - jk blog<\/title>\n<meta name=\"robots\" content=\"index, follow, max-snippet:-1, max-image-preview:large, max-video-preview:-1\" \/>\n<link rel=\"canonical\" href=\"https:\/\/www.karlstetter.net\/jkblog\/2010\/09\/05\/urlaubsnachlese-mallorca-2010\/\" \/>\n<meta property=\"og:locale\" content=\"de_DE\" \/>\n<meta property=\"og:type\" content=\"article\" \/>\n<meta property=\"og:title\" content=\"Urlaubsnachlese: Mallorca 2010 - jk blog\" \/>\n<meta property=\"og:description\" content=\"Im Gegensatz zu fr\u00fcher gibt es diesmal eine Urlaubsnachlese mit einer Auswahl an Bildern. Einerseits war die Internetanbindung im Hotel mehr als teuer und zum anderen sind die eigenen Priorit\u00e4ten im Familienurlaub einfach ver\u00e4ndert. \ud83d\ude09 Ja es ist schon wieder eine Woche her, seit&#046;&#046;&#046;\" \/>\n<meta property=\"og:url\" content=\"https:\/\/www.karlstetter.net\/jkblog\/2010\/09\/05\/urlaubsnachlese-mallorca-2010\/\" \/>\n<meta property=\"og:site_name\" content=\"jk blog\" \/>\n<meta property=\"article:author\" content=\"https:\/\/de-de.facebook.com\/bayernbazi\" \/>\n<meta property=\"article:published_time\" content=\"2010-09-05T20:25:56+00:00\" \/>\n<meta property=\"article:modified_time\" content=\"2013-03-25T23:02:13+00:00\" \/>\n<meta property=\"og:image\" content=\"https:\/\/i1.wp.com\/www.karlstetter.net\/jkblog\/wp-content\/uploads\/2010\/09\/01-Mallorca2010.jpg?w=346&#038;h=461&#038;ssl=1\" \/>\n<meta name=\"author\" content=\"JK\" \/>\n<meta name=\"twitter:label1\" content=\"Verfasst von\" \/>\n\t<meta name=\"twitter:data1\" content=\"JK\" \/>\n\t<meta name=\"twitter:label2\" content=\"Gesch\u00e4tzte Lesezeit\" \/>\n\t<meta name=\"twitter:data2\" content=\"3\u00a0Minuten\" \/>\n<script type=\"application\/ld+json\" class=\"yoast-schema-graph\">{\"@context\":\"https:\\\/\\\/schema.org\",\"@graph\":[{\"@type\":\"Article\",\"@id\":\"https:\\\/\\\/www.karlstetter.net\\\/jkblog\\\/2010\\\/09\\\/05\\\/urlaubsnachlese-mallorca-2010\\\/#article\",\"isPartOf\":{\"@id\":\"https:\\\/\\\/www.karlstetter.net\\\/jkblog\\\/2010\\\/09\\\/05\\\/urlaubsnachlese-mallorca-2010\\\/\"},\"author\":{\"name\":\"JK\",\"@id\":\"https:\\\/\\\/www.karlstetter.net\\\/jkblog\\\/#\\\/schema\\\/person\\\/2a92019bcb282ecce17aa7ec379f3d29\"},\"headline\":\"Urlaubsnachlese: Mallorca 2010\",\"datePublished\":\"2010-09-05T20:25:56+00:00\",\"dateModified\":\"2013-03-25T23:02:13+00:00\",\"mainEntityOfPage\":{\"@id\":\"https:\\\/\\\/www.karlstetter.net\\\/jkblog\\\/2010\\\/09\\\/05\\\/urlaubsnachlese-mallorca-2010\\\/\"},\"wordCount\":584,\"commentCount\":1,\"publisher\":{\"@id\":\"https:\\\/\\\/www.karlstetter.net\\\/jkblog\\\/#organization\"},\"keywords\":[\"Bettina\",\"Handtuchreservierung\",\"iberostar Alcudia Park\",\"JK jr.\",\"Jochen\",\"Jonas\",\"Kampf um Liegen\",\"Mallorca\",\"Strand\",\"Urlaub\"],\"articleSection\":[\"JK jr.\",\"Urlaub\"],\"inLanguage\":\"de\",\"potentialAction\":[{\"@type\":\"CommentAction\",\"name\":\"Comment\",\"target\":[\"https:\\\/\\\/www.karlstetter.net\\\/jkblog\\\/2010\\\/09\\\/05\\\/urlaubsnachlese-mallorca-2010\\\/#respond\"]}]},{\"@type\":\"WebPage\",\"@id\":\"https:\\\/\\\/www.karlstetter.net\\\/jkblog\\\/2010\\\/09\\\/05\\\/urlaubsnachlese-mallorca-2010\\\/\",\"url\":\"https:\\\/\\\/www.karlstetter.net\\\/jkblog\\\/2010\\\/09\\\/05\\\/urlaubsnachlese-mallorca-2010\\\/\",\"name\":\"Urlaubsnachlese: Mallorca 2010 - jk blog\",\"isPartOf\":{\"@id\":\"https:\\\/\\\/www.karlstetter.net\\\/jkblog\\\/#website\"},\"datePublished\":\"2010-09-05T20:25:56+00:00\",\"dateModified\":\"2013-03-25T23:02:13+00:00\",\"breadcrumb\":{\"@id\":\"https:\\\/\\\/www.karlstetter.net\\\/jkblog\\\/2010\\\/09\\\/05\\\/urlaubsnachlese-mallorca-2010\\\/#breadcrumb\"},\"inLanguage\":\"de\",\"potentialAction\":[{\"@type\":\"ReadAction\",\"target\":[\"https:\\\/\\\/www.karlstetter.net\\\/jkblog\\\/2010\\\/09\\\/05\\\/urlaubsnachlese-mallorca-2010\\\/\"]}]},{\"@type\":\"BreadcrumbList\",\"@id\":\"https:\\\/\\\/www.karlstetter.net\\\/jkblog\\\/2010\\\/09\\\/05\\\/urlaubsnachlese-mallorca-2010\\\/#breadcrumb\",\"itemListElement\":[{\"@type\":\"ListItem\",\"position\":1,\"name\":\"Startseite\",\"item\":\"https:\\\/\\\/www.karlstetter.net\\\/jkblog\\\/\"},{\"@type\":\"ListItem\",\"position\":2,\"name\":\"Urlaubsnachlese: Mallorca 2010\"}]},{\"@type\":\"WebSite\",\"@id\":\"https:\\\/\\\/www.karlstetter.net\\\/jkblog\\\/#website\",\"url\":\"https:\\\/\\\/www.karlstetter.net\\\/jkblog\\\/\",\"name\":\"jk blog\",\"description\":\"M\u00fcnchner Allerlei seit 2005\",\"publisher\":{\"@id\":\"https:\\\/\\\/www.karlstetter.net\\\/jkblog\\\/#organization\"},\"potentialAction\":[{\"@type\":\"SearchAction\",\"target\":{\"@type\":\"EntryPoint\",\"urlTemplate\":\"https:\\\/\\\/www.karlstetter.net\\\/jkblog\\\/?s={search_term_string}\"},\"query-input\":{\"@type\":\"PropertyValueSpecification\",\"valueRequired\":true,\"valueName\":\"search_term_string\"}}],\"inLanguage\":\"de\"},{\"@type\":\"Organization\",\"@id\":\"https:\\\/\\\/www.karlstetter.net\\\/jkblog\\\/#organization\",\"name\":\"jk blog\",\"url\":\"https:\\\/\\\/www.karlstetter.net\\\/jkblog\\\/\",\"logo\":{\"@type\":\"ImageObject\",\"inLanguage\":\"de\",\"@id\":\"https:\\\/\\\/www.karlstetter.net\\\/jkblog\\\/#\\\/schema\\\/logo\\\/image\\\/\",\"url\":\"https:\\\/\\\/i0.wp.com\\\/www.karlstetter.net\\\/jkblog\\\/wp-content\\\/uploads\\\/2022\\\/08\\\/jkblog_2022_Logo.png?fit=500%2C213&ssl=1\",\"contentUrl\":\"https:\\\/\\\/i0.wp.com\\\/www.karlstetter.net\\\/jkblog\\\/wp-content\\\/uploads\\\/2022\\\/08\\\/jkblog_2022_Logo.png?fit=500%2C213&ssl=1\",\"width\":500,\"height\":213,\"caption\":\"jk blog\"},\"image\":{\"@id\":\"https:\\\/\\\/www.karlstetter.net\\\/jkblog\\\/#\\\/schema\\\/logo\\\/image\\\/\"}},{\"@type\":\"Person\",\"@id\":\"https:\\\/\\\/www.karlstetter.net\\\/jkblog\\\/#\\\/schema\\\/person\\\/2a92019bcb282ecce17aa7ec379f3d29\",\"name\":\"JK\",\"image\":{\"@type\":\"ImageObject\",\"inLanguage\":\"de\",\"@id\":\"https:\\\/\\\/secure.gravatar.com\\\/avatar\\\/61120a9cd0caf6f8ef48873f0e5a0bf445b011424a20c8e2f0565ecc84bc047e?s=96&d=mm&r=x\",\"url\":\"https:\\\/\\\/secure.gravatar.com\\\/avatar\\\/61120a9cd0caf6f8ef48873f0e5a0bf445b011424a20c8e2f0565ecc84bc047e?s=96&d=mm&r=x\",\"contentUrl\":\"https:\\\/\\\/secure.gravatar.com\\\/avatar\\\/61120a9cd0caf6f8ef48873f0e5a0bf445b011424a20c8e2f0565ecc84bc047e?s=96&d=mm&r=x\",\"caption\":\"JK\"},\"sameAs\":[\"https:\\\/\\\/www.jkblog.de\",\"https:\\\/\\\/de-de.facebook.com\\\/bayernbazi\",\"https:\\\/\\\/x.com\\\/monacobazi\"],\"url\":\"https:\\\/\\\/www.karlstetter.net\\\/jkblog\\\/author\\\/jk\\\/\"}]}<\/script>\n<!-- \/ Yoast SEO plugin. -->","yoast_head_json":{"title":"Urlaubsnachlese: Mallorca 2010 - jk blog","robots":{"index":"index","follow":"follow","max-snippet":"max-snippet:-1","max-image-preview":"max-image-preview:large","max-video-preview":"max-video-preview:-1"},"canonical":"https:\/\/www.karlstetter.net\/jkblog\/2010\/09\/05\/urlaubsnachlese-mallorca-2010\/","og_locale":"de_DE","og_type":"article","og_title":"Urlaubsnachlese: Mallorca 2010 - jk blog","og_description":"Im Gegensatz zu fr\u00fcher gibt es diesmal eine Urlaubsnachlese mit einer Auswahl an Bildern. Einerseits war die Internetanbindung im Hotel mehr als teuer und zum anderen sind die eigenen Priorit\u00e4ten im Familienurlaub einfach ver\u00e4ndert. \ud83d\ude09 Ja es ist schon wieder eine Woche her, seit&#46;&#46;&#46;","og_url":"https:\/\/www.karlstetter.net\/jkblog\/2010\/09\/05\/urlaubsnachlese-mallorca-2010\/","og_site_name":"jk blog","article_author":"https:\/\/de-de.facebook.com\/bayernbazi","article_published_time":"2010-09-05T20:25:56+00:00","article_modified_time":"2013-03-25T23:02:13+00:00","og_image":[{"url":"https:\/\/i1.wp.com\/www.karlstetter.net\/jkblog\/wp-content\/uploads\/2010\/09\/01-Mallorca2010.jpg?w=346&#038;h=461&#038;ssl=1","type":"","width":"","height":""}],"author":"JK","twitter_misc":{"Verfasst von":"JK","Gesch\u00e4tzte Lesezeit":"3\u00a0Minuten"},"schema":{"@context":"https:\/\/schema.org","@graph":[{"@type":"Article","@id":"https:\/\/www.karlstetter.net\/jkblog\/2010\/09\/05\/urlaubsnachlese-mallorca-2010\/#article","isPartOf":{"@id":"https:\/\/www.karlstetter.net\/jkblog\/2010\/09\/05\/urlaubsnachlese-mallorca-2010\/"},"author":{"name":"JK","@id":"https:\/\/www.karlstetter.net\/jkblog\/#\/schema\/person\/2a92019bcb282ecce17aa7ec379f3d29"},"headline":"Urlaubsnachlese: Mallorca 2010","datePublished":"2010-09-05T20:25:56+00:00","dateModified":"2013-03-25T23:02:13+00:00","mainEntityOfPage":{"@id":"https:\/\/www.karlstetter.net\/jkblog\/2010\/09\/05\/urlaubsnachlese-mallorca-2010\/"},"wordCount":584,"commentCount":1,"publisher":{"@id":"https:\/\/www.karlstetter.net\/jkblog\/#organization"},"keywords":["Bettina","Handtuchreservierung","iberostar Alcudia Park","JK jr.","Jochen","Jonas","Kampf um Liegen","Mallorca","Strand","Urlaub"],"articleSection":["JK jr.","Urlaub"],"inLanguage":"de","potentialAction":[{"@type":"CommentAction","name":"Comment","target":["https:\/\/www.karlstetter.net\/jkblog\/2010\/09\/05\/urlaubsnachlese-mallorca-2010\/#respond"]}]},{"@type":"WebPage","@id":"https:\/\/www.karlstetter.net\/jkblog\/2010\/09\/05\/urlaubsnachlese-mallorca-2010\/","url":"https:\/\/www.karlstetter.net\/jkblog\/2010\/09\/05\/urlaubsnachlese-mallorca-2010\/","name":"Urlaubsnachlese: Mallorca 2010 - jk blog","isPartOf":{"@id":"https:\/\/www.karlstetter.net\/jkblog\/#website"},"datePublished":"2010-09-05T20:25:56+00:00","dateModified":"2013-03-25T23:02:13+00:00","breadcrumb":{"@id":"https:\/\/www.karlstetter.net\/jkblog\/2010\/09\/05\/urlaubsnachlese-mallorca-2010\/#breadcrumb"},"inLanguage":"de","potentialAction":[{"@type":"ReadAction","target":["https:\/\/www.karlstetter.net\/jkblog\/2010\/09\/05\/urlaubsnachlese-mallorca-2010\/"]}]},{"@type":"BreadcrumbList","@id":"https:\/\/www.karlstetter.net\/jkblog\/2010\/09\/05\/urlaubsnachlese-mallorca-2010\/#breadcrumb","itemListElement":[{"@type":"ListItem","position":1,"name":"Startseite","item":"https:\/\/www.karlstetter.net\/jkblog\/"},{"@type":"ListItem","position":2,"name":"Urlaubsnachlese: Mallorca 2010"}]},{"@type":"WebSite","@id":"https:\/\/www.karlstetter.net\/jkblog\/#website","url":"https:\/\/www.karlstetter.net\/jkblog\/","name":"jk blog","description":"M\u00fcnchner Allerlei seit 2005","publisher":{"@id":"https:\/\/www.karlstetter.net\/jkblog\/#organization"},"potentialAction":[{"@type":"SearchAction","target":{"@type":"EntryPoint","urlTemplate":"https:\/\/www.karlstetter.net\/jkblog\/?s={search_term_string}"},"query-input":{"@type":"PropertyValueSpecification","valueRequired":true,"valueName":"search_term_string"}}],"inLanguage":"de"},{"@type":"Organization","@id":"https:\/\/www.karlstetter.net\/jkblog\/#organization","name":"jk blog","url":"https:\/\/www.karlstetter.net\/jkblog\/","logo":{"@type":"ImageObject","inLanguage":"de","@id":"https:\/\/www.karlstetter.net\/jkblog\/#\/schema\/logo\/image\/","url":"https:\/\/i0.wp.com\/www.karlstetter.net\/jkblog\/wp-content\/uploads\/2022\/08\/jkblog_2022_Logo.png?fit=500%2C213&ssl=1","contentUrl":"https:\/\/i0.wp.com\/www.karlstetter.net\/jkblog\/wp-content\/uploads\/2022\/08\/jkblog_2022_Logo.png?fit=500%2C213&ssl=1","width":500,"height":213,"caption":"jk blog"},"image":{"@id":"https:\/\/www.karlstetter.net\/jkblog\/#\/schema\/logo\/image\/"}},{"@type":"Person","@id":"https:\/\/www.karlstetter.net\/jkblog\/#\/schema\/person\/2a92019bcb282ecce17aa7ec379f3d29","name":"JK","image":{"@type":"ImageObject","inLanguage":"de","@id":"https:\/\/secure.gravatar.com\/avatar\/61120a9cd0caf6f8ef48873f0e5a0bf445b011424a20c8e2f0565ecc84bc047e?s=96&d=mm&r=x","url":"https:\/\/secure.gravatar.com\/avatar\/61120a9cd0caf6f8ef48873f0e5a0bf445b011424a20c8e2f0565ecc84bc047e?s=96&d=mm&r=x","contentUrl":"https:\/\/secure.gravatar.com\/avatar\/61120a9cd0caf6f8ef48873f0e5a0bf445b011424a20c8e2f0565ecc84bc047e?s=96&d=mm&r=x","caption":"JK"},"sameAs":["https:\/\/www.jkblog.de","https:\/\/de-de.facebook.com\/bayernbazi","https:\/\/x.com\/monacobazi"],"url":"https:\/\/www.karlstetter.net\/jkblog\/author\/jk\/"}]}},"jetpack_featured_media_url":"","jetpack_shortlink":"https:\/\/wp.me\/p3i4NZ-bk","jetpack_sharing_enabled":true,"_links":{"self":[{"href":"https:\/\/www.karlstetter.net\/jkblog\/wp-json\/wp\/v2\/posts\/702","targetHints":{"allow":["GET"]}}],"collection":[{"href":"https:\/\/www.karlstetter.net\/jkblog\/wp-json\/wp\/v2\/posts"}],"about":[{"href":"https:\/\/www.karlstetter.net\/jkblog\/wp-json\/wp\/v2\/types\/post"}],"author":[{"embeddable":true,"href":"https:\/\/www.karlstetter.net\/jkblog\/wp-json\/wp\/v2\/users\/2"}],"replies":[{"embeddable":true,"href":"https:\/\/www.karlstetter.net\/jkblog\/wp-json\/wp\/v2\/comments?post=702"}],"version-history":[{"count":2,"href":"https:\/\/www.karlstetter.net\/jkblog\/wp-json\/wp\/v2\/posts\/702\/revisions"}],"predecessor-version":[{"id":2359,"href":"https:\/\/www.karlstetter.net\/jkblog\/wp-json\/wp\/v2\/posts\/702\/revisions\/2359"}],"wp:attachment":[{"href":"https:\/\/www.karlstetter.net\/jkblog\/wp-json\/wp\/v2\/media?parent=702"}],"wp:term":[{"taxonomy":"category","embeddable":true,"href":"https:\/\/www.karlstetter.net\/jkblog\/wp-json\/wp\/v2\/categories?post=702"},{"taxonomy":"post_tag","embeddable":true,"href":"https:\/\/www.karlstetter.net\/jkblog\/wp-json\/wp\/v2\/tags?post=702"}],"curies":[{"name":"wp","href":"https:\/\/api.w.org\/{rel}","templated":true}]}}