{"id":78,"date":"2007-11-20T12:30:40","date_gmt":"2007-11-20T11:30:40","guid":{"rendered":"http:\/\/www.karlstetter.net\/jkblog20\/wordpress\/2007\/11\/20\/bilder-fanta-4-konzert-vom-1811-in-munchen\/"},"modified":"2023-02-20T11:55:51","modified_gmt":"2023-02-20T10:55:51","slug":"bilder-fanta-4-konzert-vom-1811-in-munchen","status":"publish","type":"post","link":"https:\/\/www.karlstetter.net\/jkblog\/2007\/11\/20\/bilder-fanta-4-konzert-vom-1811-in-munchen\/","title":{"rendered":"Bilder Fanta 4 Konzert vom 18.11. in M\u00fcnchen"},"content":{"rendered":"\n<p>Hier ein paar Bilder vom <em>saugeilen<\/em> Fanta 4 Konzert in M\u00fcnchen, leider wei\u00df ich nicht mehr welches B\u00fchnenbild bei welchem Song war:<\/p>\n\n\n\n<div class=\"wp-block-jetpack-tiled-gallery aligncenter is-style-rectangular\"><div class=\"tiled-gallery__gallery\"><div class=\"tiled-gallery__row\"><div class=\"tiled-gallery__col\" style=\"flex-basis:66.71871%\"><figure class=\"tiled-gallery__item\"><img decoding=\"async\" data-attachment-id=\"1698\" data-permalink=\"https:\/\/www.karlstetter.net\/jkblog\/2007\/11\/20\/bilder-fanta-4-konzert-vom-1811-in-munchen\/fanta4_muenchen_nov07_01\/\" data-orig-file=\"https:\/\/i0.wp.com\/www.karlstetter.net\/jkblog\/wp-content\/uploads\/2007\/11\/Fanta4_Muenchen_Nov07_01.jpg?fit=800%2C600&amp;ssl=1\" data-orig-size=\"800,600\" data-comments-opened=\"1\" data-image-meta=\"{&quot;aperture&quot;:&quot;5&quot;,&quot;credit&quot;:&quot;&quot;,&quot;camera&quot;:&quot;DMC-FX50&quot;,&quot;caption&quot;:&quot;&quot;,&quot;created_timestamp&quot;:&quot;1195423279&quot;,&quot;copyright&quot;:&quot;&quot;,&quot;focal_length&quot;:&quot;14.2&quot;,&quot;iso&quot;:&quot;400&quot;,&quot;shutter_speed&quot;:&quot;0.0666666666667&quot;,&quot;title&quot;:&quot;&quot;,&quot;orientation&quot;:&quot;1&quot;}\" data-image-title=\"Fanta4_Muenchen_Nov07_01\" data-image-description=\"\" data-image-caption=\"\" data-large-file=\"https:\/\/i0.wp.com\/www.karlstetter.net\/jkblog\/wp-content\/uploads\/2007\/11\/Fanta4_Muenchen_Nov07_01.jpg?fit=800%2C600&amp;ssl=1\" data-attachment-id=\"1698\" data-permalink=\"https:\/\/www.karlstetter.net\/jkblog\/2007\/11\/20\/bilder-fanta-4-konzert-vom-1811-in-munchen\/fanta4_muenchen_nov07_01\/\" data-orig-file=\"https:\/\/i0.wp.com\/www.karlstetter.net\/jkblog\/wp-content\/uploads\/2007\/11\/Fanta4_Muenchen_Nov07_01.jpg?fit=800%2C600&amp;ssl=1\" data-orig-size=\"800,600\" data-comments-opened=\"1\" data-image-meta=\"{&quot;aperture&quot;:&quot;5&quot;,&quot;credit&quot;:&quot;&quot;,&quot;camera&quot;:&quot;DMC-FX50&quot;,&quot;caption&quot;:&quot;&quot;,&quot;created_timestamp&quot;:&quot;1195423279&quot;,&quot;copyright&quot;:&quot;&quot;,&quot;focal_length&quot;:&quot;14.2&quot;,&quot;iso&quot;:&quot;400&quot;,&quot;shutter_speed&quot;:&quot;0.0666666666667&quot;,&quot;title&quot;:&quot;&quot;,&quot;orientation&quot;:&quot;1&quot;}\" data-image-title=\"Fanta4_Muenchen_Nov07_01\" data-image-description=\"\" data-image-caption=\"\" data-large-file=\"https:\/\/i0.wp.com\/www.karlstetter.net\/jkblog\/wp-content\/uploads\/2007\/11\/Fanta4_Muenchen_Nov07_01.jpg?fit=800%2C600&amp;ssl=1\" role=\"button\" tabindex=\"0\" aria-label=\"Bild\u00a01 von 20 im Vollbildmodus \u00f6ffnen\"srcset=\"https:\/\/i1.wp.com\/www.karlstetter.net\/jkblog\/wp-content\/uploads\/2007\/11\/Fanta4_Muenchen_Nov07_01.jpg?strip=info&#038;w=600&#038;ssl=1 600w,https:\/\/i1.wp.com\/www.karlstetter.net\/jkblog\/wp-content\/uploads\/2007\/11\/Fanta4_Muenchen_Nov07_01.jpg?strip=info&#038;w=800&#038;ssl=1 800w\" alt=\"\" data-height=\"600\" data-id=\"1698\" data-link=\"https:\/\/www.karlstetter.net\/jkblog\/2007\/11\/20\/bilder-fanta-4-konzert-vom-1811-in-munchen\/fanta4_muenchen_nov07_01\/\" data-url=\"https:\/\/www.karlstetter.net\/jkblog\/wp-content\/uploads\/2007\/11\/Fanta4_Muenchen_Nov07_01.jpg\" data-width=\"800\" src=\"https:\/\/i1.wp.com\/www.karlstetter.net\/jkblog\/wp-content\/uploads\/2007\/11\/Fanta4_Muenchen_Nov07_01.jpg?ssl=1\" data-amp-layout=\"responsive\"\/><\/figure><\/div><div class=\"tiled-gallery__col\" style=\"flex-basis:33.28129%\"><figure class=\"tiled-gallery__item\"><img decoding=\"async\" data-attachment-id=\"1699\" data-permalink=\"https:\/\/www.karlstetter.net\/jkblog\/2007\/11\/20\/bilder-fanta-4-konzert-vom-1811-in-munchen\/fanta4_muenchen_nov07_02\/\" data-orig-file=\"https:\/\/i0.wp.com\/www.karlstetter.net\/jkblog\/wp-content\/uploads\/2007\/11\/Fanta4_Muenchen_Nov07_02.jpg?fit=800%2C600&amp;ssl=1\" data-orig-size=\"800,600\" data-comments-opened=\"1\" data-image-meta=\"{&quot;aperture&quot;:&quot;5.3&quot;,&quot;credit&quot;:&quot;&quot;,&quot;camera&quot;:&quot;DMC-FX50&quot;,&quot;caption&quot;:&quot;&quot;,&quot;created_timestamp&quot;:&quot;1195423630&quot;,&quot;copyright&quot;:&quot;&quot;,&quot;focal_length&quot;:&quot;15.5&quot;,&quot;iso&quot;:&quot;400&quot;,&quot;shutter_speed&quot;:&quot;0.125&quot;,&quot;title&quot;:&quot;&quot;,&quot;orientation&quot;:&quot;1&quot;}\" data-image-title=\"Fanta4_Muenchen_Nov07_02\" data-image-description=\"\" data-image-caption=\"\" data-large-file=\"https:\/\/i0.wp.com\/www.karlstetter.net\/jkblog\/wp-content\/uploads\/2007\/11\/Fanta4_Muenchen_Nov07_02.jpg?fit=800%2C600&amp;ssl=1\" data-attachment-id=\"1699\" data-permalink=\"https:\/\/www.karlstetter.net\/jkblog\/2007\/11\/20\/bilder-fanta-4-konzert-vom-1811-in-munchen\/fanta4_muenchen_nov07_02\/\" data-orig-file=\"https:\/\/i0.wp.com\/www.karlstetter.net\/jkblog\/wp-content\/uploads\/2007\/11\/Fanta4_Muenchen_Nov07_02.jpg?fit=800%2C600&amp;ssl=1\" data-orig-size=\"800,600\" data-comments-opened=\"1\" data-image-meta=\"{&quot;aperture&quot;:&quot;5.3&quot;,&quot;credit&quot;:&quot;&quot;,&quot;camera&quot;:&quot;DMC-FX50&quot;,&quot;caption&quot;:&quot;&quot;,&quot;created_timestamp&quot;:&quot;1195423630&quot;,&quot;copyright&quot;:&quot;&quot;,&quot;focal_length&quot;:&quot;15.5&quot;,&quot;iso&quot;:&quot;400&quot;,&quot;shutter_speed&quot;:&quot;0.125&quot;,&quot;title&quot;:&quot;&quot;,&quot;orientation&quot;:&quot;1&quot;}\" data-image-title=\"Fanta4_Muenchen_Nov07_02\" data-image-description=\"\" data-image-caption=\"\" data-large-file=\"https:\/\/i0.wp.com\/www.karlstetter.net\/jkblog\/wp-content\/uploads\/2007\/11\/Fanta4_Muenchen_Nov07_02.jpg?fit=800%2C600&amp;ssl=1\" role=\"button\" tabindex=\"0\" aria-label=\"Bild\u00a02 von 20 im Vollbildmodus \u00f6ffnen\"srcset=\"https:\/\/i0.wp.com\/www.karlstetter.net\/jkblog\/wp-content\/uploads\/2007\/11\/Fanta4_Muenchen_Nov07_02.jpg?strip=info&#038;w=600&#038;ssl=1 600w,https:\/\/i0.wp.com\/www.karlstetter.net\/jkblog\/wp-content\/uploads\/2007\/11\/Fanta4_Muenchen_Nov07_02.jpg?strip=info&#038;w=800&#038;ssl=1 800w\" alt=\"\" data-height=\"600\" data-id=\"1699\" data-link=\"https:\/\/www.karlstetter.net\/jkblog\/2007\/11\/20\/bilder-fanta-4-konzert-vom-1811-in-munchen\/fanta4_muenchen_nov07_02\/\" data-url=\"https:\/\/www.karlstetter.net\/jkblog\/wp-content\/uploads\/2007\/11\/Fanta4_Muenchen_Nov07_02.jpg\" data-width=\"800\" src=\"https:\/\/i0.wp.com\/www.karlstetter.net\/jkblog\/wp-content\/uploads\/2007\/11\/Fanta4_Muenchen_Nov07_02.jpg?ssl=1\" data-amp-layout=\"responsive\"\/><\/figure><figure class=\"tiled-gallery__item\"><img decoding=\"async\" data-attachment-id=\"1700\" data-permalink=\"https:\/\/www.karlstetter.net\/jkblog\/2007\/11\/20\/bilder-fanta-4-konzert-vom-1811-in-munchen\/fanta4_muenchen_nov07_03\/\" data-orig-file=\"https:\/\/i0.wp.com\/www.karlstetter.net\/jkblog\/wp-content\/uploads\/2007\/11\/Fanta4_Muenchen_Nov07_03.jpg?fit=800%2C600&amp;ssl=1\" data-orig-size=\"800,600\" data-comments-opened=\"1\" data-image-meta=\"{&quot;aperture&quot;:&quot;4.5&quot;,&quot;credit&quot;:&quot;&quot;,&quot;camera&quot;:&quot;DMC-FX50&quot;,&quot;caption&quot;:&quot;&quot;,&quot;created_timestamp&quot;:&quot;1195423771&quot;,&quot;copyright&quot;:&quot;&quot;,&quot;focal_length&quot;:&quot;12&quot;,&quot;iso&quot;:&quot;400&quot;,&quot;shutter_speed&quot;:&quot;0.125&quot;,&quot;title&quot;:&quot;&quot;,&quot;orientation&quot;:&quot;1&quot;}\" data-image-title=\"Fanta4_Muenchen_Nov07_03\" data-image-description=\"\" data-image-caption=\"\" data-large-file=\"https:\/\/i0.wp.com\/www.karlstetter.net\/jkblog\/wp-content\/uploads\/2007\/11\/Fanta4_Muenchen_Nov07_03.jpg?fit=800%2C600&amp;ssl=1\" data-attachment-id=\"1700\" data-permalink=\"https:\/\/www.karlstetter.net\/jkblog\/2007\/11\/20\/bilder-fanta-4-konzert-vom-1811-in-munchen\/fanta4_muenchen_nov07_03\/\" data-orig-file=\"https:\/\/i0.wp.com\/www.karlstetter.net\/jkblog\/wp-content\/uploads\/2007\/11\/Fanta4_Muenchen_Nov07_03.jpg?fit=800%2C600&amp;ssl=1\" data-orig-size=\"800,600\" data-comments-opened=\"1\" data-image-meta=\"{&quot;aperture&quot;:&quot;4.5&quot;,&quot;credit&quot;:&quot;&quot;,&quot;camera&quot;:&quot;DMC-FX50&quot;,&quot;caption&quot;:&quot;&quot;,&quot;created_timestamp&quot;:&quot;1195423771&quot;,&quot;copyright&quot;:&quot;&quot;,&quot;focal_length&quot;:&quot;12&quot;,&quot;iso&quot;:&quot;400&quot;,&quot;shutter_speed&quot;:&quot;0.125&quot;,&quot;title&quot;:&quot;&quot;,&quot;orientation&quot;:&quot;1&quot;}\" data-image-title=\"Fanta4_Muenchen_Nov07_03\" data-image-description=\"\" data-image-caption=\"\" data-large-file=\"https:\/\/i0.wp.com\/www.karlstetter.net\/jkblog\/wp-content\/uploads\/2007\/11\/Fanta4_Muenchen_Nov07_03.jpg?fit=800%2C600&amp;ssl=1\" role=\"button\" tabindex=\"0\" aria-label=\"Bild\u00a03 von 20 im Vollbildmodus \u00f6ffnen\"srcset=\"https:\/\/i1.wp.com\/www.karlstetter.net\/jkblog\/wp-content\/uploads\/2007\/11\/Fanta4_Muenchen_Nov07_03.jpg?strip=info&#038;w=600&#038;ssl=1 600w,https:\/\/i1.wp.com\/www.karlstetter.net\/jkblog\/wp-content\/uploads\/2007\/11\/Fanta4_Muenchen_Nov07_03.jpg?strip=info&#038;w=800&#038;ssl=1 800w\" alt=\"\" data-height=\"600\" data-id=\"1700\" data-link=\"https:\/\/www.karlstetter.net\/jkblog\/2007\/11\/20\/bilder-fanta-4-konzert-vom-1811-in-munchen\/fanta4_muenchen_nov07_03\/\" data-url=\"https:\/\/www.karlstetter.net\/jkblog\/wp-content\/uploads\/2007\/11\/Fanta4_Muenchen_Nov07_03.jpg\" data-width=\"800\" src=\"https:\/\/i1.wp.com\/www.karlstetter.net\/jkblog\/wp-content\/uploads\/2007\/11\/Fanta4_Muenchen_Nov07_03.jpg?ssl=1\" data-amp-layout=\"responsive\"\/><\/figure><\/div><\/div><div class=\"tiled-gallery__row\"><div class=\"tiled-gallery__col\" style=\"flex-basis:33.33333%\"><figure class=\"tiled-gallery__item\"><img decoding=\"async\" data-attachment-id=\"1702\" data-permalink=\"https:\/\/www.karlstetter.net\/jkblog\/2007\/11\/20\/bilder-fanta-4-konzert-vom-1811-in-munchen\/fanta4_muenchen_nov07_04\/\" data-orig-file=\"https:\/\/i0.wp.com\/www.karlstetter.net\/jkblog\/wp-content\/uploads\/2007\/11\/Fanta4_Muenchen_Nov07_04.jpg?fit=800%2C600&amp;ssl=1\" data-orig-size=\"800,600\" data-comments-opened=\"1\" data-image-meta=\"{&quot;aperture&quot;:&quot;4.1&quot;,&quot;credit&quot;:&quot;&quot;,&quot;camera&quot;:&quot;DMC-FX50&quot;,&quot;caption&quot;:&quot;&quot;,&quot;created_timestamp&quot;:&quot;1195425081&quot;,&quot;copyright&quot;:&quot;&quot;,&quot;focal_length&quot;:&quot;10.3&quot;,&quot;iso&quot;:&quot;400&quot;,&quot;shutter_speed&quot;:&quot;0.125&quot;,&quot;title&quot;:&quot;&quot;,&quot;orientation&quot;:&quot;1&quot;}\" data-image-title=\"Fanta4_Muenchen_Nov07_04\" data-image-description=\"\" data-image-caption=\"\" data-large-file=\"https:\/\/i0.wp.com\/www.karlstetter.net\/jkblog\/wp-content\/uploads\/2007\/11\/Fanta4_Muenchen_Nov07_04.jpg?fit=800%2C600&amp;ssl=1\" data-attachment-id=\"1702\" data-permalink=\"https:\/\/www.karlstetter.net\/jkblog\/2007\/11\/20\/bilder-fanta-4-konzert-vom-1811-in-munchen\/fanta4_muenchen_nov07_04\/\" data-orig-file=\"https:\/\/i0.wp.com\/www.karlstetter.net\/jkblog\/wp-content\/uploads\/2007\/11\/Fanta4_Muenchen_Nov07_04.jpg?fit=800%2C600&amp;ssl=1\" data-orig-size=\"800,600\" data-comments-opened=\"1\" data-image-meta=\"{&quot;aperture&quot;:&quot;4.1&quot;,&quot;credit&quot;:&quot;&quot;,&quot;camera&quot;:&quot;DMC-FX50&quot;,&quot;caption&quot;:&quot;&quot;,&quot;created_timestamp&quot;:&quot;1195425081&quot;,&quot;copyright&quot;:&quot;&quot;,&quot;focal_length&quot;:&quot;10.3&quot;,&quot;iso&quot;:&quot;400&quot;,&quot;shutter_speed&quot;:&quot;0.125&quot;,&quot;title&quot;:&quot;&quot;,&quot;orientation&quot;:&quot;1&quot;}\" data-image-title=\"Fanta4_Muenchen_Nov07_04\" data-image-description=\"\" data-image-caption=\"\" data-large-file=\"https:\/\/i0.wp.com\/www.karlstetter.net\/jkblog\/wp-content\/uploads\/2007\/11\/Fanta4_Muenchen_Nov07_04.jpg?fit=800%2C600&amp;ssl=1\" role=\"button\" tabindex=\"0\" aria-label=\"Bild\u00a04 von 20 im Vollbildmodus \u00f6ffnen\"srcset=\"https:\/\/i2.wp.com\/www.karlstetter.net\/jkblog\/wp-content\/uploads\/2007\/11\/Fanta4_Muenchen_Nov07_04.jpg?strip=info&#038;w=600&#038;ssl=1 600w,https:\/\/i2.wp.com\/www.karlstetter.net\/jkblog\/wp-content\/uploads\/2007\/11\/Fanta4_Muenchen_Nov07_04.jpg?strip=info&#038;w=800&#038;ssl=1 800w\" alt=\"\" data-height=\"600\" data-id=\"1702\" data-link=\"https:\/\/www.karlstetter.net\/jkblog\/2007\/11\/20\/bilder-fanta-4-konzert-vom-1811-in-munchen\/fanta4_muenchen_nov07_04\/\" data-url=\"https:\/\/www.karlstetter.net\/jkblog\/wp-content\/uploads\/2007\/11\/Fanta4_Muenchen_Nov07_04.jpg\" data-width=\"800\" src=\"https:\/\/i2.wp.com\/www.karlstetter.net\/jkblog\/wp-content\/uploads\/2007\/11\/Fanta4_Muenchen_Nov07_04.jpg?ssl=1\" data-amp-layout=\"responsive\"\/><\/figure><\/div><div class=\"tiled-gallery__col\" style=\"flex-basis:33.33333%\"><figure class=\"tiled-gallery__item\"><img decoding=\"async\" data-attachment-id=\"1703\" data-permalink=\"https:\/\/www.karlstetter.net\/jkblog\/2007\/11\/20\/bilder-fanta-4-konzert-vom-1811-in-munchen\/fanta4_muenchen_nov07_05\/\" data-orig-file=\"https:\/\/i0.wp.com\/www.karlstetter.net\/jkblog\/wp-content\/uploads\/2007\/11\/Fanta4_Muenchen_Nov07_05.jpg?fit=800%2C600&amp;ssl=1\" data-orig-size=\"800,600\" data-comments-opened=\"1\" data-image-meta=\"{&quot;aperture&quot;:&quot;5.6&quot;,&quot;credit&quot;:&quot;&quot;,&quot;camera&quot;:&quot;DMC-FX50&quot;,&quot;caption&quot;:&quot;&quot;,&quot;created_timestamp&quot;:&quot;1195425350&quot;,&quot;copyright&quot;:&quot;&quot;,&quot;focal_length&quot;:&quot;16.8&quot;,&quot;iso&quot;:&quot;400&quot;,&quot;shutter_speed&quot;:&quot;0.01&quot;,&quot;title&quot;:&quot;&quot;,&quot;orientation&quot;:&quot;1&quot;}\" data-image-title=\"Fanta4_Muenchen_Nov07_05\" data-image-description=\"\" data-image-caption=\"\" data-large-file=\"https:\/\/i0.wp.com\/www.karlstetter.net\/jkblog\/wp-content\/uploads\/2007\/11\/Fanta4_Muenchen_Nov07_05.jpg?fit=800%2C600&amp;ssl=1\" data-attachment-id=\"1703\" data-permalink=\"https:\/\/www.karlstetter.net\/jkblog\/2007\/11\/20\/bilder-fanta-4-konzert-vom-1811-in-munchen\/fanta4_muenchen_nov07_05\/\" data-orig-file=\"https:\/\/i0.wp.com\/www.karlstetter.net\/jkblog\/wp-content\/uploads\/2007\/11\/Fanta4_Muenchen_Nov07_05.jpg?fit=800%2C600&amp;ssl=1\" data-orig-size=\"800,600\" data-comments-opened=\"1\" data-image-meta=\"{&quot;aperture&quot;:&quot;5.6&quot;,&quot;credit&quot;:&quot;&quot;,&quot;camera&quot;:&quot;DMC-FX50&quot;,&quot;caption&quot;:&quot;&quot;,&quot;created_timestamp&quot;:&quot;1195425350&quot;,&quot;copyright&quot;:&quot;&quot;,&quot;focal_length&quot;:&quot;16.8&quot;,&quot;iso&quot;:&quot;400&quot;,&quot;shutter_speed&quot;:&quot;0.01&quot;,&quot;title&quot;:&quot;&quot;,&quot;orientation&quot;:&quot;1&quot;}\" data-image-title=\"Fanta4_Muenchen_Nov07_05\" data-image-description=\"\" data-image-caption=\"\" data-large-file=\"https:\/\/i0.wp.com\/www.karlstetter.net\/jkblog\/wp-content\/uploads\/2007\/11\/Fanta4_Muenchen_Nov07_05.jpg?fit=800%2C600&amp;ssl=1\" role=\"button\" tabindex=\"0\" aria-label=\"Bild\u00a05 von 20 im Vollbildmodus \u00f6ffnen\"srcset=\"https:\/\/i2.wp.com\/www.karlstetter.net\/jkblog\/wp-content\/uploads\/2007\/11\/Fanta4_Muenchen_Nov07_05.jpg?strip=info&#038;w=600&#038;ssl=1 600w,https:\/\/i2.wp.com\/www.karlstetter.net\/jkblog\/wp-content\/uploads\/2007\/11\/Fanta4_Muenchen_Nov07_05.jpg?strip=info&#038;w=800&#038;ssl=1 800w\" alt=\"\" data-height=\"600\" data-id=\"1703\" data-link=\"https:\/\/www.karlstetter.net\/jkblog\/2007\/11\/20\/bilder-fanta-4-konzert-vom-1811-in-munchen\/fanta4_muenchen_nov07_05\/\" data-url=\"https:\/\/www.karlstetter.net\/jkblog\/wp-content\/uploads\/2007\/11\/Fanta4_Muenchen_Nov07_05.jpg\" data-width=\"800\" src=\"https:\/\/i2.wp.com\/www.karlstetter.net\/jkblog\/wp-content\/uploads\/2007\/11\/Fanta4_Muenchen_Nov07_05.jpg?ssl=1\" data-amp-layout=\"responsive\"\/><\/figure><\/div><div class=\"tiled-gallery__col\" style=\"flex-basis:33.33333%\"><figure class=\"tiled-gallery__item\"><img decoding=\"async\" data-attachment-id=\"1704\" data-permalink=\"https:\/\/www.karlstetter.net\/jkblog\/2007\/11\/20\/bilder-fanta-4-konzert-vom-1811-in-munchen\/fanta4_muenchen_nov07_06\/\" data-orig-file=\"https:\/\/i0.wp.com\/www.karlstetter.net\/jkblog\/wp-content\/uploads\/2007\/11\/Fanta4_Muenchen_Nov07_06.jpg?fit=800%2C600&amp;ssl=1\" data-orig-size=\"800,600\" data-comments-opened=\"1\" data-image-meta=\"{&quot;aperture&quot;:&quot;4.5&quot;,&quot;credit&quot;:&quot;&quot;,&quot;camera&quot;:&quot;DMC-FX50&quot;,&quot;caption&quot;:&quot;&quot;,&quot;created_timestamp&quot;:&quot;1195425562&quot;,&quot;copyright&quot;:&quot;&quot;,&quot;focal_length&quot;:&quot;12&quot;,&quot;iso&quot;:&quot;400&quot;,&quot;shutter_speed&quot;:&quot;0.125&quot;,&quot;title&quot;:&quot;&quot;,&quot;orientation&quot;:&quot;1&quot;}\" data-image-title=\"Fanta4_Muenchen_Nov07_06\" data-image-description=\"\" data-image-caption=\"\" data-large-file=\"https:\/\/i0.wp.com\/www.karlstetter.net\/jkblog\/wp-content\/uploads\/2007\/11\/Fanta4_Muenchen_Nov07_06.jpg?fit=800%2C600&amp;ssl=1\" data-attachment-id=\"1704\" data-permalink=\"https:\/\/www.karlstetter.net\/jkblog\/2007\/11\/20\/bilder-fanta-4-konzert-vom-1811-in-munchen\/fanta4_muenchen_nov07_06\/\" data-orig-file=\"https:\/\/i0.wp.com\/www.karlstetter.net\/jkblog\/wp-content\/uploads\/2007\/11\/Fanta4_Muenchen_Nov07_06.jpg?fit=800%2C600&amp;ssl=1\" data-orig-size=\"800,600\" data-comments-opened=\"1\" data-image-meta=\"{&quot;aperture&quot;:&quot;4.5&quot;,&quot;credit&quot;:&quot;&quot;,&quot;camera&quot;:&quot;DMC-FX50&quot;,&quot;caption&quot;:&quot;&quot;,&quot;created_timestamp&quot;:&quot;1195425562&quot;,&quot;copyright&quot;:&quot;&quot;,&quot;focal_length&quot;:&quot;12&quot;,&quot;iso&quot;:&quot;400&quot;,&quot;shutter_speed&quot;:&quot;0.125&quot;,&quot;title&quot;:&quot;&quot;,&quot;orientation&quot;:&quot;1&quot;}\" data-image-title=\"Fanta4_Muenchen_Nov07_06\" data-image-description=\"\" data-image-caption=\"\" data-large-file=\"https:\/\/i0.wp.com\/www.karlstetter.net\/jkblog\/wp-content\/uploads\/2007\/11\/Fanta4_Muenchen_Nov07_06.jpg?fit=800%2C600&amp;ssl=1\" role=\"button\" tabindex=\"0\" aria-label=\"Bild\u00a06 von 20 im Vollbildmodus \u00f6ffnen\"srcset=\"https:\/\/i2.wp.com\/www.karlstetter.net\/jkblog\/wp-content\/uploads\/2007\/11\/Fanta4_Muenchen_Nov07_06.jpg?strip=info&#038;w=600&#038;ssl=1 600w,https:\/\/i2.wp.com\/www.karlstetter.net\/jkblog\/wp-content\/uploads\/2007\/11\/Fanta4_Muenchen_Nov07_06.jpg?strip=info&#038;w=800&#038;ssl=1 800w\" alt=\"\" data-height=\"600\" data-id=\"1704\" data-link=\"https:\/\/www.karlstetter.net\/jkblog\/2007\/11\/20\/bilder-fanta-4-konzert-vom-1811-in-munchen\/fanta4_muenchen_nov07_06\/\" data-url=\"https:\/\/www.karlstetter.net\/jkblog\/wp-content\/uploads\/2007\/11\/Fanta4_Muenchen_Nov07_06.jpg\" data-width=\"800\" src=\"https:\/\/i2.wp.com\/www.karlstetter.net\/jkblog\/wp-content\/uploads\/2007\/11\/Fanta4_Muenchen_Nov07_06.jpg?ssl=1\" data-amp-layout=\"responsive\"\/><\/figure><\/div><\/div><div class=\"tiled-gallery__row\"><div class=\"tiled-gallery__col\" style=\"flex-basis:33.28129%\"><figure class=\"tiled-gallery__item\"><img decoding=\"async\" data-attachment-id=\"1705\" data-permalink=\"https:\/\/www.karlstetter.net\/jkblog\/2007\/11\/20\/bilder-fanta-4-konzert-vom-1811-in-munchen\/fanta4_muenchen_nov07_07\/\" data-orig-file=\"https:\/\/i0.wp.com\/www.karlstetter.net\/jkblog\/wp-content\/uploads\/2007\/11\/Fanta4_Muenchen_Nov07_07.jpg?fit=800%2C600&amp;ssl=1\" data-orig-size=\"800,600\" data-comments-opened=\"1\" data-image-meta=\"{&quot;aperture&quot;:&quot;4.1&quot;,&quot;credit&quot;:&quot;&quot;,&quot;camera&quot;:&quot;DMC-FX50&quot;,&quot;caption&quot;:&quot;&quot;,&quot;created_timestamp&quot;:&quot;1195425922&quot;,&quot;copyright&quot;:&quot;&quot;,&quot;focal_length&quot;:&quot;10.3&quot;,&quot;iso&quot;:&quot;400&quot;,&quot;shutter_speed&quot;:&quot;0.0333333333333&quot;,&quot;title&quot;:&quot;&quot;,&quot;orientation&quot;:&quot;1&quot;}\" data-image-title=\"Fanta4_Muenchen_Nov07_07\" data-image-description=\"\" data-image-caption=\"\" data-large-file=\"https:\/\/i0.wp.com\/www.karlstetter.net\/jkblog\/wp-content\/uploads\/2007\/11\/Fanta4_Muenchen_Nov07_07.jpg?fit=800%2C600&amp;ssl=1\" data-attachment-id=\"1705\" data-permalink=\"https:\/\/www.karlstetter.net\/jkblog\/2007\/11\/20\/bilder-fanta-4-konzert-vom-1811-in-munchen\/fanta4_muenchen_nov07_07\/\" data-orig-file=\"https:\/\/i0.wp.com\/www.karlstetter.net\/jkblog\/wp-content\/uploads\/2007\/11\/Fanta4_Muenchen_Nov07_07.jpg?fit=800%2C600&amp;ssl=1\" data-orig-size=\"800,600\" data-comments-opened=\"1\" data-image-meta=\"{&quot;aperture&quot;:&quot;4.1&quot;,&quot;credit&quot;:&quot;&quot;,&quot;camera&quot;:&quot;DMC-FX50&quot;,&quot;caption&quot;:&quot;&quot;,&quot;created_timestamp&quot;:&quot;1195425922&quot;,&quot;copyright&quot;:&quot;&quot;,&quot;focal_length&quot;:&quot;10.3&quot;,&quot;iso&quot;:&quot;400&quot;,&quot;shutter_speed&quot;:&quot;0.0333333333333&quot;,&quot;title&quot;:&quot;&quot;,&quot;orientation&quot;:&quot;1&quot;}\" data-image-title=\"Fanta4_Muenchen_Nov07_07\" data-image-description=\"\" data-image-caption=\"\" data-large-file=\"https:\/\/i0.wp.com\/www.karlstetter.net\/jkblog\/wp-content\/uploads\/2007\/11\/Fanta4_Muenchen_Nov07_07.jpg?fit=800%2C600&amp;ssl=1\" role=\"button\" tabindex=\"0\" aria-label=\"Bild\u00a07 von 20 im Vollbildmodus \u00f6ffnen\"srcset=\"https:\/\/i1.wp.com\/www.karlstetter.net\/jkblog\/wp-content\/uploads\/2007\/11\/Fanta4_Muenchen_Nov07_07.jpg?strip=info&#038;w=600&#038;ssl=1 600w,https:\/\/i1.wp.com\/www.karlstetter.net\/jkblog\/wp-content\/uploads\/2007\/11\/Fanta4_Muenchen_Nov07_07.jpg?strip=info&#038;w=800&#038;ssl=1 800w\" alt=\"\" data-height=\"600\" data-id=\"1705\" data-link=\"https:\/\/www.karlstetter.net\/jkblog\/2007\/11\/20\/bilder-fanta-4-konzert-vom-1811-in-munchen\/fanta4_muenchen_nov07_07\/\" data-url=\"https:\/\/www.karlstetter.net\/jkblog\/wp-content\/uploads\/2007\/11\/Fanta4_Muenchen_Nov07_07.jpg\" data-width=\"800\" src=\"https:\/\/i1.wp.com\/www.karlstetter.net\/jkblog\/wp-content\/uploads\/2007\/11\/Fanta4_Muenchen_Nov07_07.jpg?ssl=1\" data-amp-layout=\"responsive\"\/><\/figure><figure class=\"tiled-gallery__item\"><img decoding=\"async\" data-attachment-id=\"1706\" data-permalink=\"https:\/\/www.karlstetter.net\/jkblog\/2007\/11\/20\/bilder-fanta-4-konzert-vom-1811-in-munchen\/fanta4_muenchen_nov07_08\/\" data-orig-file=\"https:\/\/i0.wp.com\/www.karlstetter.net\/jkblog\/wp-content\/uploads\/2007\/11\/Fanta4_Muenchen_Nov07_08.jpg?fit=800%2C600&amp;ssl=1\" data-orig-size=\"800,600\" data-comments-opened=\"1\" data-image-meta=\"{&quot;aperture&quot;:&quot;3.8&quot;,&quot;credit&quot;:&quot;&quot;,&quot;camera&quot;:&quot;DMC-FX50&quot;,&quot;caption&quot;:&quot;&quot;,&quot;created_timestamp&quot;:&quot;1195426074&quot;,&quot;copyright&quot;:&quot;&quot;,&quot;focal_length&quot;:&quot;8.8&quot;,&quot;iso&quot;:&quot;200&quot;,&quot;shutter_speed&quot;:&quot;0.125&quot;,&quot;title&quot;:&quot;&quot;,&quot;orientation&quot;:&quot;1&quot;}\" data-image-title=\"Fanta4_Muenchen_Nov07_08\" data-image-description=\"\" data-image-caption=\"\" data-large-file=\"https:\/\/i0.wp.com\/www.karlstetter.net\/jkblog\/wp-content\/uploads\/2007\/11\/Fanta4_Muenchen_Nov07_08.jpg?fit=800%2C600&amp;ssl=1\" data-attachment-id=\"1706\" data-permalink=\"https:\/\/www.karlstetter.net\/jkblog\/2007\/11\/20\/bilder-fanta-4-konzert-vom-1811-in-munchen\/fanta4_muenchen_nov07_08\/\" data-orig-file=\"https:\/\/i0.wp.com\/www.karlstetter.net\/jkblog\/wp-content\/uploads\/2007\/11\/Fanta4_Muenchen_Nov07_08.jpg?fit=800%2C600&amp;ssl=1\" data-orig-size=\"800,600\" data-comments-opened=\"1\" data-image-meta=\"{&quot;aperture&quot;:&quot;3.8&quot;,&quot;credit&quot;:&quot;&quot;,&quot;camera&quot;:&quot;DMC-FX50&quot;,&quot;caption&quot;:&quot;&quot;,&quot;created_timestamp&quot;:&quot;1195426074&quot;,&quot;copyright&quot;:&quot;&quot;,&quot;focal_length&quot;:&quot;8.8&quot;,&quot;iso&quot;:&quot;200&quot;,&quot;shutter_speed&quot;:&quot;0.125&quot;,&quot;title&quot;:&quot;&quot;,&quot;orientation&quot;:&quot;1&quot;}\" data-image-title=\"Fanta4_Muenchen_Nov07_08\" data-image-description=\"\" data-image-caption=\"\" data-large-file=\"https:\/\/i0.wp.com\/www.karlstetter.net\/jkblog\/wp-content\/uploads\/2007\/11\/Fanta4_Muenchen_Nov07_08.jpg?fit=800%2C600&amp;ssl=1\" role=\"button\" tabindex=\"0\" aria-label=\"Bild\u00a08 von 20 im Vollbildmodus \u00f6ffnen\"srcset=\"https:\/\/i1.wp.com\/www.karlstetter.net\/jkblog\/wp-content\/uploads\/2007\/11\/Fanta4_Muenchen_Nov07_08.jpg?strip=info&#038;w=600&#038;ssl=1 600w,https:\/\/i1.wp.com\/www.karlstetter.net\/jkblog\/wp-content\/uploads\/2007\/11\/Fanta4_Muenchen_Nov07_08.jpg?strip=info&#038;w=800&#038;ssl=1 800w\" alt=\"\" data-height=\"600\" data-id=\"1706\" data-link=\"https:\/\/www.karlstetter.net\/jkblog\/2007\/11\/20\/bilder-fanta-4-konzert-vom-1811-in-munchen\/fanta4_muenchen_nov07_08\/\" data-url=\"https:\/\/www.karlstetter.net\/jkblog\/wp-content\/uploads\/2007\/11\/Fanta4_Muenchen_Nov07_08.jpg\" data-width=\"800\" src=\"https:\/\/i1.wp.com\/www.karlstetter.net\/jkblog\/wp-content\/uploads\/2007\/11\/Fanta4_Muenchen_Nov07_08.jpg?ssl=1\" data-amp-layout=\"responsive\"\/><\/figure><\/div><div class=\"tiled-gallery__col\" style=\"flex-basis:66.71871%\"><figure class=\"tiled-gallery__item\"><img decoding=\"async\" data-attachment-id=\"1707\" data-permalink=\"https:\/\/www.karlstetter.net\/jkblog\/2007\/11\/20\/bilder-fanta-4-konzert-vom-1811-in-munchen\/fanta4_muenchen_nov07_09\/\" data-orig-file=\"https:\/\/i0.wp.com\/www.karlstetter.net\/jkblog\/wp-content\/uploads\/2007\/11\/Fanta4_Muenchen_Nov07_09.jpg?fit=800%2C600&amp;ssl=1\" data-orig-size=\"800,600\" data-comments-opened=\"1\" data-image-meta=\"{&quot;aperture&quot;:&quot;5&quot;,&quot;credit&quot;:&quot;&quot;,&quot;camera&quot;:&quot;DMC-FX50&quot;,&quot;caption&quot;:&quot;&quot;,&quot;created_timestamp&quot;:&quot;1195426291&quot;,&quot;copyright&quot;:&quot;&quot;,&quot;focal_length&quot;:&quot;14.2&quot;,&quot;iso&quot;:&quot;400&quot;,&quot;shutter_speed&quot;:&quot;0.04&quot;,&quot;title&quot;:&quot;&quot;,&quot;orientation&quot;:&quot;1&quot;}\" data-image-title=\"Fanta4_Muenchen_Nov07_09\" data-image-description=\"\" data-image-caption=\"\" data-large-file=\"https:\/\/i0.wp.com\/www.karlstetter.net\/jkblog\/wp-content\/uploads\/2007\/11\/Fanta4_Muenchen_Nov07_09.jpg?fit=800%2C600&amp;ssl=1\" data-attachment-id=\"1707\" data-permalink=\"https:\/\/www.karlstetter.net\/jkblog\/2007\/11\/20\/bilder-fanta-4-konzert-vom-1811-in-munchen\/fanta4_muenchen_nov07_09\/\" data-orig-file=\"https:\/\/i0.wp.com\/www.karlstetter.net\/jkblog\/wp-content\/uploads\/2007\/11\/Fanta4_Muenchen_Nov07_09.jpg?fit=800%2C600&amp;ssl=1\" data-orig-size=\"800,600\" data-comments-opened=\"1\" data-image-meta=\"{&quot;aperture&quot;:&quot;5&quot;,&quot;credit&quot;:&quot;&quot;,&quot;camera&quot;:&quot;DMC-FX50&quot;,&quot;caption&quot;:&quot;&quot;,&quot;created_timestamp&quot;:&quot;1195426291&quot;,&quot;copyright&quot;:&quot;&quot;,&quot;focal_length&quot;:&quot;14.2&quot;,&quot;iso&quot;:&quot;400&quot;,&quot;shutter_speed&quot;:&quot;0.04&quot;,&quot;title&quot;:&quot;&quot;,&quot;orientation&quot;:&quot;1&quot;}\" data-image-title=\"Fanta4_Muenchen_Nov07_09\" data-image-description=\"\" data-image-caption=\"\" data-large-file=\"https:\/\/i0.wp.com\/www.karlstetter.net\/jkblog\/wp-content\/uploads\/2007\/11\/Fanta4_Muenchen_Nov07_09.jpg?fit=800%2C600&amp;ssl=1\" role=\"button\" tabindex=\"0\" aria-label=\"Bild\u00a09 von 20 im Vollbildmodus \u00f6ffnen\"srcset=\"https:\/\/i2.wp.com\/www.karlstetter.net\/jkblog\/wp-content\/uploads\/2007\/11\/Fanta4_Muenchen_Nov07_09.jpg?strip=info&#038;w=600&#038;ssl=1 600w,https:\/\/i2.wp.com\/www.karlstetter.net\/jkblog\/wp-content\/uploads\/2007\/11\/Fanta4_Muenchen_Nov07_09.jpg?strip=info&#038;w=800&#038;ssl=1 800w\" alt=\"\" data-height=\"600\" data-id=\"1707\" data-link=\"https:\/\/www.karlstetter.net\/jkblog\/2007\/11\/20\/bilder-fanta-4-konzert-vom-1811-in-munchen\/fanta4_muenchen_nov07_09\/\" data-url=\"https:\/\/www.karlstetter.net\/jkblog\/wp-content\/uploads\/2007\/11\/Fanta4_Muenchen_Nov07_09.jpg\" data-width=\"800\" src=\"https:\/\/i2.wp.com\/www.karlstetter.net\/jkblog\/wp-content\/uploads\/2007\/11\/Fanta4_Muenchen_Nov07_09.jpg?ssl=1\" data-amp-layout=\"responsive\"\/><\/figure><\/div><\/div><div class=\"tiled-gallery__row\"><div class=\"tiled-gallery__col\" style=\"flex-basis:50.00000%\"><figure class=\"tiled-gallery__item\"><img decoding=\"async\" data-attachment-id=\"1708\" data-permalink=\"https:\/\/www.karlstetter.net\/jkblog\/2007\/11\/20\/bilder-fanta-4-konzert-vom-1811-in-munchen\/fanta4_muenchen_nov07_10\/\" data-orig-file=\"https:\/\/i0.wp.com\/www.karlstetter.net\/jkblog\/wp-content\/uploads\/2007\/11\/Fanta4_Muenchen_Nov07_10.jpg?fit=800%2C600&amp;ssl=1\" data-orig-size=\"800,600\" data-comments-opened=\"1\" data-image-meta=\"{&quot;aperture&quot;:&quot;5.6&quot;,&quot;credit&quot;:&quot;&quot;,&quot;camera&quot;:&quot;DMC-FX50&quot;,&quot;caption&quot;:&quot;&quot;,&quot;created_timestamp&quot;:&quot;1195426574&quot;,&quot;copyright&quot;:&quot;&quot;,&quot;focal_length&quot;:&quot;16.8&quot;,&quot;iso&quot;:&quot;400&quot;,&quot;shutter_speed&quot;:&quot;0.125&quot;,&quot;title&quot;:&quot;&quot;,&quot;orientation&quot;:&quot;1&quot;}\" data-image-title=\"Fanta4_Muenchen_Nov07_10\" data-image-description=\"\" data-image-caption=\"\" data-large-file=\"https:\/\/i0.wp.com\/www.karlstetter.net\/jkblog\/wp-content\/uploads\/2007\/11\/Fanta4_Muenchen_Nov07_10.jpg?fit=800%2C600&amp;ssl=1\" data-attachment-id=\"1708\" data-permalink=\"https:\/\/www.karlstetter.net\/jkblog\/2007\/11\/20\/bilder-fanta-4-konzert-vom-1811-in-munchen\/fanta4_muenchen_nov07_10\/\" data-orig-file=\"https:\/\/i0.wp.com\/www.karlstetter.net\/jkblog\/wp-content\/uploads\/2007\/11\/Fanta4_Muenchen_Nov07_10.jpg?fit=800%2C600&amp;ssl=1\" data-orig-size=\"800,600\" data-comments-opened=\"1\" data-image-meta=\"{&quot;aperture&quot;:&quot;5.6&quot;,&quot;credit&quot;:&quot;&quot;,&quot;camera&quot;:&quot;DMC-FX50&quot;,&quot;caption&quot;:&quot;&quot;,&quot;created_timestamp&quot;:&quot;1195426574&quot;,&quot;copyright&quot;:&quot;&quot;,&quot;focal_length&quot;:&quot;16.8&quot;,&quot;iso&quot;:&quot;400&quot;,&quot;shutter_speed&quot;:&quot;0.125&quot;,&quot;title&quot;:&quot;&quot;,&quot;orientation&quot;:&quot;1&quot;}\" data-image-title=\"Fanta4_Muenchen_Nov07_10\" data-image-description=\"\" data-image-caption=\"\" data-large-file=\"https:\/\/i0.wp.com\/www.karlstetter.net\/jkblog\/wp-content\/uploads\/2007\/11\/Fanta4_Muenchen_Nov07_10.jpg?fit=800%2C600&amp;ssl=1\" role=\"button\" tabindex=\"0\" aria-label=\"Bild\u00a010 von 20 im Vollbildmodus \u00f6ffnen\"srcset=\"https:\/\/i0.wp.com\/www.karlstetter.net\/jkblog\/wp-content\/uploads\/2007\/11\/Fanta4_Muenchen_Nov07_10.jpg?strip=info&#038;w=600&#038;ssl=1 600w,https:\/\/i0.wp.com\/www.karlstetter.net\/jkblog\/wp-content\/uploads\/2007\/11\/Fanta4_Muenchen_Nov07_10.jpg?strip=info&#038;w=800&#038;ssl=1 800w\" alt=\"\" data-height=\"600\" data-id=\"1708\" data-link=\"https:\/\/www.karlstetter.net\/jkblog\/2007\/11\/20\/bilder-fanta-4-konzert-vom-1811-in-munchen\/fanta4_muenchen_nov07_10\/\" data-url=\"https:\/\/www.karlstetter.net\/jkblog\/wp-content\/uploads\/2007\/11\/Fanta4_Muenchen_Nov07_10.jpg\" data-width=\"800\" src=\"https:\/\/i0.wp.com\/www.karlstetter.net\/jkblog\/wp-content\/uploads\/2007\/11\/Fanta4_Muenchen_Nov07_10.jpg?ssl=1\" data-amp-layout=\"responsive\"\/><\/figure><\/div><div class=\"tiled-gallery__col\" style=\"flex-basis:50.00000%\"><figure class=\"tiled-gallery__item\"><img decoding=\"async\" data-attachment-id=\"1709\" data-permalink=\"https:\/\/www.karlstetter.net\/jkblog\/2007\/11\/20\/bilder-fanta-4-konzert-vom-1811-in-munchen\/fanta4_muenchen_nov07_11\/\" data-orig-file=\"https:\/\/i0.wp.com\/www.karlstetter.net\/jkblog\/wp-content\/uploads\/2007\/11\/Fanta4_Muenchen_Nov07_11.jpg?fit=800%2C600&amp;ssl=1\" data-orig-size=\"800,600\" data-comments-opened=\"1\" data-image-meta=\"{&quot;aperture&quot;:&quot;5&quot;,&quot;credit&quot;:&quot;&quot;,&quot;camera&quot;:&quot;DMC-FX50&quot;,&quot;caption&quot;:&quot;&quot;,&quot;created_timestamp&quot;:&quot;1195426701&quot;,&quot;copyright&quot;:&quot;&quot;,&quot;focal_length&quot;:&quot;14.2&quot;,&quot;iso&quot;:&quot;400&quot;,&quot;shutter_speed&quot;:&quot;0.0333333333333&quot;,&quot;title&quot;:&quot;&quot;,&quot;orientation&quot;:&quot;1&quot;}\" data-image-title=\"Fanta4_Muenchen_Nov07_11\" data-image-description=\"\" data-image-caption=\"\" data-large-file=\"https:\/\/i0.wp.com\/www.karlstetter.net\/jkblog\/wp-content\/uploads\/2007\/11\/Fanta4_Muenchen_Nov07_11.jpg?fit=800%2C600&amp;ssl=1\" data-attachment-id=\"1709\" data-permalink=\"https:\/\/www.karlstetter.net\/jkblog\/2007\/11\/20\/bilder-fanta-4-konzert-vom-1811-in-munchen\/fanta4_muenchen_nov07_11\/\" data-orig-file=\"https:\/\/i0.wp.com\/www.karlstetter.net\/jkblog\/wp-content\/uploads\/2007\/11\/Fanta4_Muenchen_Nov07_11.jpg?fit=800%2C600&amp;ssl=1\" data-orig-size=\"800,600\" data-comments-opened=\"1\" data-image-meta=\"{&quot;aperture&quot;:&quot;5&quot;,&quot;credit&quot;:&quot;&quot;,&quot;camera&quot;:&quot;DMC-FX50&quot;,&quot;caption&quot;:&quot;&quot;,&quot;created_timestamp&quot;:&quot;1195426701&quot;,&quot;copyright&quot;:&quot;&quot;,&quot;focal_length&quot;:&quot;14.2&quot;,&quot;iso&quot;:&quot;400&quot;,&quot;shutter_speed&quot;:&quot;0.0333333333333&quot;,&quot;title&quot;:&quot;&quot;,&quot;orientation&quot;:&quot;1&quot;}\" data-image-title=\"Fanta4_Muenchen_Nov07_11\" data-image-description=\"\" data-image-caption=\"\" data-large-file=\"https:\/\/i0.wp.com\/www.karlstetter.net\/jkblog\/wp-content\/uploads\/2007\/11\/Fanta4_Muenchen_Nov07_11.jpg?fit=800%2C600&amp;ssl=1\" role=\"button\" tabindex=\"0\" aria-label=\"Bild\u00a011 von 20 im Vollbildmodus \u00f6ffnen\"srcset=\"https:\/\/i2.wp.com\/www.karlstetter.net\/jkblog\/wp-content\/uploads\/2007\/11\/Fanta4_Muenchen_Nov07_11.jpg?strip=info&#038;w=600&#038;ssl=1 600w,https:\/\/i2.wp.com\/www.karlstetter.net\/jkblog\/wp-content\/uploads\/2007\/11\/Fanta4_Muenchen_Nov07_11.jpg?strip=info&#038;w=800&#038;ssl=1 800w\" alt=\"\" data-height=\"600\" data-id=\"1709\" data-link=\"https:\/\/www.karlstetter.net\/jkblog\/2007\/11\/20\/bilder-fanta-4-konzert-vom-1811-in-munchen\/fanta4_muenchen_nov07_11\/\" data-url=\"https:\/\/www.karlstetter.net\/jkblog\/wp-content\/uploads\/2007\/11\/Fanta4_Muenchen_Nov07_11.jpg\" data-width=\"800\" src=\"https:\/\/i2.wp.com\/www.karlstetter.net\/jkblog\/wp-content\/uploads\/2007\/11\/Fanta4_Muenchen_Nov07_11.jpg?ssl=1\" data-amp-layout=\"responsive\"\/><\/figure><\/div><\/div><div class=\"tiled-gallery__row\"><div class=\"tiled-gallery__col\" style=\"flex-basis:66.71871%\"><figure class=\"tiled-gallery__item\"><img decoding=\"async\" data-attachment-id=\"1710\" data-permalink=\"https:\/\/www.karlstetter.net\/jkblog\/2007\/11\/20\/bilder-fanta-4-konzert-vom-1811-in-munchen\/fanta4_muenchen_nov07_12\/\" data-orig-file=\"https:\/\/i0.wp.com\/www.karlstetter.net\/jkblog\/wp-content\/uploads\/2007\/11\/Fanta4_Muenchen_Nov07_12.jpg?fit=800%2C600&amp;ssl=1\" data-orig-size=\"800,600\" data-comments-opened=\"1\" data-image-meta=\"{&quot;aperture&quot;:&quot;3.6&quot;,&quot;credit&quot;:&quot;&quot;,&quot;camera&quot;:&quot;DMC-FX50&quot;,&quot;caption&quot;:&quot;&quot;,&quot;created_timestamp&quot;:&quot;1195426962&quot;,&quot;copyright&quot;:&quot;&quot;,&quot;focal_length&quot;:&quot;8.1&quot;,&quot;iso&quot;:&quot;100&quot;,&quot;shutter_speed&quot;:&quot;0.625&quot;,&quot;title&quot;:&quot;&quot;,&quot;orientation&quot;:&quot;1&quot;}\" data-image-title=\"Fanta4_Muenchen_Nov07_12\" data-image-description=\"\" data-image-caption=\"\" data-large-file=\"https:\/\/i0.wp.com\/www.karlstetter.net\/jkblog\/wp-content\/uploads\/2007\/11\/Fanta4_Muenchen_Nov07_12.jpg?fit=800%2C600&amp;ssl=1\" data-attachment-id=\"1710\" data-permalink=\"https:\/\/www.karlstetter.net\/jkblog\/2007\/11\/20\/bilder-fanta-4-konzert-vom-1811-in-munchen\/fanta4_muenchen_nov07_12\/\" data-orig-file=\"https:\/\/i0.wp.com\/www.karlstetter.net\/jkblog\/wp-content\/uploads\/2007\/11\/Fanta4_Muenchen_Nov07_12.jpg?fit=800%2C600&amp;ssl=1\" data-orig-size=\"800,600\" data-comments-opened=\"1\" data-image-meta=\"{&quot;aperture&quot;:&quot;3.6&quot;,&quot;credit&quot;:&quot;&quot;,&quot;camera&quot;:&quot;DMC-FX50&quot;,&quot;caption&quot;:&quot;&quot;,&quot;created_timestamp&quot;:&quot;1195426962&quot;,&quot;copyright&quot;:&quot;&quot;,&quot;focal_length&quot;:&quot;8.1&quot;,&quot;iso&quot;:&quot;100&quot;,&quot;shutter_speed&quot;:&quot;0.625&quot;,&quot;title&quot;:&quot;&quot;,&quot;orientation&quot;:&quot;1&quot;}\" data-image-title=\"Fanta4_Muenchen_Nov07_12\" data-image-description=\"\" data-image-caption=\"\" data-large-file=\"https:\/\/i0.wp.com\/www.karlstetter.net\/jkblog\/wp-content\/uploads\/2007\/11\/Fanta4_Muenchen_Nov07_12.jpg?fit=800%2C600&amp;ssl=1\" role=\"button\" tabindex=\"0\" aria-label=\"Bild\u00a012 von 20 im Vollbildmodus \u00f6ffnen\"srcset=\"https:\/\/i2.wp.com\/www.karlstetter.net\/jkblog\/wp-content\/uploads\/2007\/11\/Fanta4_Muenchen_Nov07_12.jpg?strip=info&#038;w=600&#038;ssl=1 600w,https:\/\/i2.wp.com\/www.karlstetter.net\/jkblog\/wp-content\/uploads\/2007\/11\/Fanta4_Muenchen_Nov07_12.jpg?strip=info&#038;w=800&#038;ssl=1 800w\" alt=\"\" data-height=\"600\" data-id=\"1710\" data-link=\"https:\/\/www.karlstetter.net\/jkblog\/2007\/11\/20\/bilder-fanta-4-konzert-vom-1811-in-munchen\/fanta4_muenchen_nov07_12\/\" data-url=\"https:\/\/www.karlstetter.net\/jkblog\/wp-content\/uploads\/2007\/11\/Fanta4_Muenchen_Nov07_12.jpg\" data-width=\"800\" src=\"https:\/\/i2.wp.com\/www.karlstetter.net\/jkblog\/wp-content\/uploads\/2007\/11\/Fanta4_Muenchen_Nov07_12.jpg?ssl=1\" data-amp-layout=\"responsive\"\/><\/figure><\/div><div class=\"tiled-gallery__col\" style=\"flex-basis:33.28129%\"><figure class=\"tiled-gallery__item\"><img decoding=\"async\" data-attachment-id=\"1711\" data-permalink=\"https:\/\/www.karlstetter.net\/jkblog\/2007\/11\/20\/bilder-fanta-4-konzert-vom-1811-in-munchen\/fanta4_muenchen_nov07_13\/\" data-orig-file=\"https:\/\/i0.wp.com\/www.karlstetter.net\/jkblog\/wp-content\/uploads\/2007\/11\/Fanta4_Muenchen_Nov07_13.jpg?fit=800%2C600&amp;ssl=1\" data-orig-size=\"800,600\" data-comments-opened=\"1\" data-image-meta=\"{&quot;aperture&quot;:&quot;4.1&quot;,&quot;credit&quot;:&quot;&quot;,&quot;camera&quot;:&quot;DMC-FX50&quot;,&quot;caption&quot;:&quot;&quot;,&quot;created_timestamp&quot;:&quot;1195427237&quot;,&quot;copyright&quot;:&quot;&quot;,&quot;focal_length&quot;:&quot;10.3&quot;,&quot;iso&quot;:&quot;400&quot;,&quot;shutter_speed&quot;:&quot;0.125&quot;,&quot;title&quot;:&quot;&quot;,&quot;orientation&quot;:&quot;1&quot;}\" data-image-title=\"Fanta4_Muenchen_Nov07_13\" data-image-description=\"\" data-image-caption=\"\" data-large-file=\"https:\/\/i0.wp.com\/www.karlstetter.net\/jkblog\/wp-content\/uploads\/2007\/11\/Fanta4_Muenchen_Nov07_13.jpg?fit=800%2C600&amp;ssl=1\" data-attachment-id=\"1711\" data-permalink=\"https:\/\/www.karlstetter.net\/jkblog\/2007\/11\/20\/bilder-fanta-4-konzert-vom-1811-in-munchen\/fanta4_muenchen_nov07_13\/\" data-orig-file=\"https:\/\/i0.wp.com\/www.karlstetter.net\/jkblog\/wp-content\/uploads\/2007\/11\/Fanta4_Muenchen_Nov07_13.jpg?fit=800%2C600&amp;ssl=1\" data-orig-size=\"800,600\" data-comments-opened=\"1\" data-image-meta=\"{&quot;aperture&quot;:&quot;4.1&quot;,&quot;credit&quot;:&quot;&quot;,&quot;camera&quot;:&quot;DMC-FX50&quot;,&quot;caption&quot;:&quot;&quot;,&quot;created_timestamp&quot;:&quot;1195427237&quot;,&quot;copyright&quot;:&quot;&quot;,&quot;focal_length&quot;:&quot;10.3&quot;,&quot;iso&quot;:&quot;400&quot;,&quot;shutter_speed&quot;:&quot;0.125&quot;,&quot;title&quot;:&quot;&quot;,&quot;orientation&quot;:&quot;1&quot;}\" data-image-title=\"Fanta4_Muenchen_Nov07_13\" data-image-description=\"\" data-image-caption=\"\" data-large-file=\"https:\/\/i0.wp.com\/www.karlstetter.net\/jkblog\/wp-content\/uploads\/2007\/11\/Fanta4_Muenchen_Nov07_13.jpg?fit=800%2C600&amp;ssl=1\" role=\"button\" tabindex=\"0\" aria-label=\"Bild\u00a013 von 20 im Vollbildmodus \u00f6ffnen\"srcset=\"https:\/\/i1.wp.com\/www.karlstetter.net\/jkblog\/wp-content\/uploads\/2007\/11\/Fanta4_Muenchen_Nov07_13.jpg?strip=info&#038;w=600&#038;ssl=1 600w,https:\/\/i1.wp.com\/www.karlstetter.net\/jkblog\/wp-content\/uploads\/2007\/11\/Fanta4_Muenchen_Nov07_13.jpg?strip=info&#038;w=800&#038;ssl=1 800w\" alt=\"\" data-height=\"600\" data-id=\"1711\" data-link=\"https:\/\/www.karlstetter.net\/jkblog\/2007\/11\/20\/bilder-fanta-4-konzert-vom-1811-in-munchen\/fanta4_muenchen_nov07_13\/\" data-url=\"https:\/\/www.karlstetter.net\/jkblog\/wp-content\/uploads\/2007\/11\/Fanta4_Muenchen_Nov07_13.jpg\" data-width=\"800\" src=\"https:\/\/i1.wp.com\/www.karlstetter.net\/jkblog\/wp-content\/uploads\/2007\/11\/Fanta4_Muenchen_Nov07_13.jpg?ssl=1\" data-amp-layout=\"responsive\"\/><\/figure><figure class=\"tiled-gallery__item\"><img decoding=\"async\" data-attachment-id=\"1712\" data-permalink=\"https:\/\/www.karlstetter.net\/jkblog\/2007\/11\/20\/bilder-fanta-4-konzert-vom-1811-in-munchen\/fanta4_muenchen_nov07_14\/\" data-orig-file=\"https:\/\/i0.wp.com\/www.karlstetter.net\/jkblog\/wp-content\/uploads\/2007\/11\/Fanta4_Muenchen_Nov07_14.jpg?fit=800%2C600&amp;ssl=1\" data-orig-size=\"800,600\" data-comments-opened=\"1\" data-image-meta=\"{&quot;aperture&quot;:&quot;5.6&quot;,&quot;credit&quot;:&quot;&quot;,&quot;camera&quot;:&quot;DMC-FX50&quot;,&quot;caption&quot;:&quot;&quot;,&quot;created_timestamp&quot;:&quot;1195427461&quot;,&quot;copyright&quot;:&quot;&quot;,&quot;focal_length&quot;:&quot;16.8&quot;,&quot;iso&quot;:&quot;400&quot;,&quot;shutter_speed&quot;:&quot;0.125&quot;,&quot;title&quot;:&quot;&quot;,&quot;orientation&quot;:&quot;1&quot;}\" data-image-title=\"Fanta4_Muenchen_Nov07_14\" data-image-description=\"\" data-image-caption=\"\" data-large-file=\"https:\/\/i0.wp.com\/www.karlstetter.net\/jkblog\/wp-content\/uploads\/2007\/11\/Fanta4_Muenchen_Nov07_14.jpg?fit=800%2C600&amp;ssl=1\" data-attachment-id=\"1712\" data-permalink=\"https:\/\/www.karlstetter.net\/jkblog\/2007\/11\/20\/bilder-fanta-4-konzert-vom-1811-in-munchen\/fanta4_muenchen_nov07_14\/\" data-orig-file=\"https:\/\/i0.wp.com\/www.karlstetter.net\/jkblog\/wp-content\/uploads\/2007\/11\/Fanta4_Muenchen_Nov07_14.jpg?fit=800%2C600&amp;ssl=1\" data-orig-size=\"800,600\" data-comments-opened=\"1\" data-image-meta=\"{&quot;aperture&quot;:&quot;5.6&quot;,&quot;credit&quot;:&quot;&quot;,&quot;camera&quot;:&quot;DMC-FX50&quot;,&quot;caption&quot;:&quot;&quot;,&quot;created_timestamp&quot;:&quot;1195427461&quot;,&quot;copyright&quot;:&quot;&quot;,&quot;focal_length&quot;:&quot;16.8&quot;,&quot;iso&quot;:&quot;400&quot;,&quot;shutter_speed&quot;:&quot;0.125&quot;,&quot;title&quot;:&quot;&quot;,&quot;orientation&quot;:&quot;1&quot;}\" data-image-title=\"Fanta4_Muenchen_Nov07_14\" data-image-description=\"\" data-image-caption=\"\" data-large-file=\"https:\/\/i0.wp.com\/www.karlstetter.net\/jkblog\/wp-content\/uploads\/2007\/11\/Fanta4_Muenchen_Nov07_14.jpg?fit=800%2C600&amp;ssl=1\" role=\"button\" tabindex=\"0\" aria-label=\"Bild\u00a014 von 20 im Vollbildmodus \u00f6ffnen\"srcset=\"https:\/\/i1.wp.com\/www.karlstetter.net\/jkblog\/wp-content\/uploads\/2007\/11\/Fanta4_Muenchen_Nov07_14.jpg?strip=info&#038;w=600&#038;ssl=1 600w,https:\/\/i1.wp.com\/www.karlstetter.net\/jkblog\/wp-content\/uploads\/2007\/11\/Fanta4_Muenchen_Nov07_14.jpg?strip=info&#038;w=800&#038;ssl=1 800w\" alt=\"\" data-height=\"600\" data-id=\"1712\" data-link=\"https:\/\/www.karlstetter.net\/jkblog\/2007\/11\/20\/bilder-fanta-4-konzert-vom-1811-in-munchen\/fanta4_muenchen_nov07_14\/\" data-url=\"https:\/\/www.karlstetter.net\/jkblog\/wp-content\/uploads\/2007\/11\/Fanta4_Muenchen_Nov07_14.jpg\" data-width=\"800\" src=\"https:\/\/i1.wp.com\/www.karlstetter.net\/jkblog\/wp-content\/uploads\/2007\/11\/Fanta4_Muenchen_Nov07_14.jpg?ssl=1\" data-amp-layout=\"responsive\"\/><\/figure><\/div><\/div><div class=\"tiled-gallery__row\"><div class=\"tiled-gallery__col\" style=\"flex-basis:50.00000%\"><figure class=\"tiled-gallery__item\"><img decoding=\"async\" data-attachment-id=\"1713\" data-permalink=\"https:\/\/www.karlstetter.net\/jkblog\/2007\/11\/20\/bilder-fanta-4-konzert-vom-1811-in-munchen\/fanta4_muenchen_nov07_15\/\" data-orig-file=\"https:\/\/i0.wp.com\/www.karlstetter.net\/jkblog\/wp-content\/uploads\/2007\/11\/Fanta4_Muenchen_Nov07_15.jpg?fit=800%2C600&amp;ssl=1\" data-orig-size=\"800,600\" data-comments-opened=\"1\" data-image-meta=\"{&quot;aperture&quot;:&quot;5&quot;,&quot;credit&quot;:&quot;&quot;,&quot;camera&quot;:&quot;DMC-FX50&quot;,&quot;caption&quot;:&quot;&quot;,&quot;created_timestamp&quot;:&quot;1195427663&quot;,&quot;copyright&quot;:&quot;&quot;,&quot;focal_length&quot;:&quot;14.2&quot;,&quot;iso&quot;:&quot;400&quot;,&quot;shutter_speed&quot;:&quot;0.125&quot;,&quot;title&quot;:&quot;&quot;,&quot;orientation&quot;:&quot;1&quot;}\" data-image-title=\"Fanta4_Muenchen_Nov07_15\" data-image-description=\"\" data-image-caption=\"\" data-large-file=\"https:\/\/i0.wp.com\/www.karlstetter.net\/jkblog\/wp-content\/uploads\/2007\/11\/Fanta4_Muenchen_Nov07_15.jpg?fit=800%2C600&amp;ssl=1\" data-attachment-id=\"1713\" data-permalink=\"https:\/\/www.karlstetter.net\/jkblog\/2007\/11\/20\/bilder-fanta-4-konzert-vom-1811-in-munchen\/fanta4_muenchen_nov07_15\/\" data-orig-file=\"https:\/\/i0.wp.com\/www.karlstetter.net\/jkblog\/wp-content\/uploads\/2007\/11\/Fanta4_Muenchen_Nov07_15.jpg?fit=800%2C600&amp;ssl=1\" data-orig-size=\"800,600\" data-comments-opened=\"1\" data-image-meta=\"{&quot;aperture&quot;:&quot;5&quot;,&quot;credit&quot;:&quot;&quot;,&quot;camera&quot;:&quot;DMC-FX50&quot;,&quot;caption&quot;:&quot;&quot;,&quot;created_timestamp&quot;:&quot;1195427663&quot;,&quot;copyright&quot;:&quot;&quot;,&quot;focal_length&quot;:&quot;14.2&quot;,&quot;iso&quot;:&quot;400&quot;,&quot;shutter_speed&quot;:&quot;0.125&quot;,&quot;title&quot;:&quot;&quot;,&quot;orientation&quot;:&quot;1&quot;}\" data-image-title=\"Fanta4_Muenchen_Nov07_15\" data-image-description=\"\" data-image-caption=\"\" data-large-file=\"https:\/\/i0.wp.com\/www.karlstetter.net\/jkblog\/wp-content\/uploads\/2007\/11\/Fanta4_Muenchen_Nov07_15.jpg?fit=800%2C600&amp;ssl=1\" role=\"button\" tabindex=\"0\" aria-label=\"Bild\u00a015 von 20 im Vollbildmodus \u00f6ffnen\"srcset=\"https:\/\/i1.wp.com\/www.karlstetter.net\/jkblog\/wp-content\/uploads\/2007\/11\/Fanta4_Muenchen_Nov07_15.jpg?strip=info&#038;w=600&#038;ssl=1 600w,https:\/\/i1.wp.com\/www.karlstetter.net\/jkblog\/wp-content\/uploads\/2007\/11\/Fanta4_Muenchen_Nov07_15.jpg?strip=info&#038;w=800&#038;ssl=1 800w\" alt=\"\" data-height=\"600\" data-id=\"1713\" data-link=\"https:\/\/www.karlstetter.net\/jkblog\/2007\/11\/20\/bilder-fanta-4-konzert-vom-1811-in-munchen\/fanta4_muenchen_nov07_15\/\" data-url=\"https:\/\/www.karlstetter.net\/jkblog\/wp-content\/uploads\/2007\/11\/Fanta4_Muenchen_Nov07_15.jpg\" data-width=\"800\" src=\"https:\/\/i1.wp.com\/www.karlstetter.net\/jkblog\/wp-content\/uploads\/2007\/11\/Fanta4_Muenchen_Nov07_15.jpg?ssl=1\" data-amp-layout=\"responsive\"\/><\/figure><\/div><div class=\"tiled-gallery__col\" style=\"flex-basis:50.00000%\"><figure class=\"tiled-gallery__item\"><img decoding=\"async\" data-attachment-id=\"1714\" data-permalink=\"https:\/\/www.karlstetter.net\/jkblog\/2007\/11\/20\/bilder-fanta-4-konzert-vom-1811-in-munchen\/fanta4_muenchen_nov07_16\/\" data-orig-file=\"https:\/\/i0.wp.com\/www.karlstetter.net\/jkblog\/wp-content\/uploads\/2007\/11\/Fanta4_Muenchen_Nov07_16.jpg?fit=800%2C600&amp;ssl=1\" data-orig-size=\"800,600\" data-comments-opened=\"1\" data-image-meta=\"{&quot;aperture&quot;:&quot;5&quot;,&quot;credit&quot;:&quot;&quot;,&quot;camera&quot;:&quot;DMC-FX50&quot;,&quot;caption&quot;:&quot;&quot;,&quot;created_timestamp&quot;:&quot;1195427956&quot;,&quot;copyright&quot;:&quot;&quot;,&quot;focal_length&quot;:&quot;14.2&quot;,&quot;iso&quot;:&quot;400&quot;,&quot;shutter_speed&quot;:&quot;0.125&quot;,&quot;title&quot;:&quot;&quot;,&quot;orientation&quot;:&quot;1&quot;}\" data-image-title=\"Fanta4_Muenchen_Nov07_16\" data-image-description=\"\" data-image-caption=\"\" data-large-file=\"https:\/\/i0.wp.com\/www.karlstetter.net\/jkblog\/wp-content\/uploads\/2007\/11\/Fanta4_Muenchen_Nov07_16.jpg?fit=800%2C600&amp;ssl=1\" data-attachment-id=\"1714\" data-permalink=\"https:\/\/www.karlstetter.net\/jkblog\/2007\/11\/20\/bilder-fanta-4-konzert-vom-1811-in-munchen\/fanta4_muenchen_nov07_16\/\" data-orig-file=\"https:\/\/i0.wp.com\/www.karlstetter.net\/jkblog\/wp-content\/uploads\/2007\/11\/Fanta4_Muenchen_Nov07_16.jpg?fit=800%2C600&amp;ssl=1\" data-orig-size=\"800,600\" data-comments-opened=\"1\" data-image-meta=\"{&quot;aperture&quot;:&quot;5&quot;,&quot;credit&quot;:&quot;&quot;,&quot;camera&quot;:&quot;DMC-FX50&quot;,&quot;caption&quot;:&quot;&quot;,&quot;created_timestamp&quot;:&quot;1195427956&quot;,&quot;copyright&quot;:&quot;&quot;,&quot;focal_length&quot;:&quot;14.2&quot;,&quot;iso&quot;:&quot;400&quot;,&quot;shutter_speed&quot;:&quot;0.125&quot;,&quot;title&quot;:&quot;&quot;,&quot;orientation&quot;:&quot;1&quot;}\" data-image-title=\"Fanta4_Muenchen_Nov07_16\" data-image-description=\"\" data-image-caption=\"\" data-large-file=\"https:\/\/i0.wp.com\/www.karlstetter.net\/jkblog\/wp-content\/uploads\/2007\/11\/Fanta4_Muenchen_Nov07_16.jpg?fit=800%2C600&amp;ssl=1\" role=\"button\" tabindex=\"0\" aria-label=\"Bild\u00a016 von 20 im Vollbildmodus \u00f6ffnen\"srcset=\"https:\/\/i2.wp.com\/www.karlstetter.net\/jkblog\/wp-content\/uploads\/2007\/11\/Fanta4_Muenchen_Nov07_16.jpg?strip=info&#038;w=600&#038;ssl=1 600w,https:\/\/i2.wp.com\/www.karlstetter.net\/jkblog\/wp-content\/uploads\/2007\/11\/Fanta4_Muenchen_Nov07_16.jpg?strip=info&#038;w=800&#038;ssl=1 800w\" alt=\"\" data-height=\"600\" data-id=\"1714\" data-link=\"https:\/\/www.karlstetter.net\/jkblog\/2007\/11\/20\/bilder-fanta-4-konzert-vom-1811-in-munchen\/fanta4_muenchen_nov07_16\/\" data-url=\"https:\/\/www.karlstetter.net\/jkblog\/wp-content\/uploads\/2007\/11\/Fanta4_Muenchen_Nov07_16.jpg\" data-width=\"800\" src=\"https:\/\/i2.wp.com\/www.karlstetter.net\/jkblog\/wp-content\/uploads\/2007\/11\/Fanta4_Muenchen_Nov07_16.jpg?ssl=1\" data-amp-layout=\"responsive\"\/><\/figure><\/div><\/div><div class=\"tiled-gallery__row\"><div class=\"tiled-gallery__col\" style=\"flex-basis:25.00000%\"><figure class=\"tiled-gallery__item\"><img decoding=\"async\" data-attachment-id=\"1715\" data-permalink=\"https:\/\/www.karlstetter.net\/jkblog\/2007\/11\/20\/bilder-fanta-4-konzert-vom-1811-in-munchen\/fanta4_muenchen_nov07_17\/\" data-orig-file=\"https:\/\/i0.wp.com\/www.karlstetter.net\/jkblog\/wp-content\/uploads\/2007\/11\/Fanta4_Muenchen_Nov07_17.jpg?fit=800%2C600&amp;ssl=1\" data-orig-size=\"800,600\" data-comments-opened=\"1\" data-image-meta=\"{&quot;aperture&quot;:&quot;4.1&quot;,&quot;credit&quot;:&quot;&quot;,&quot;camera&quot;:&quot;DMC-FX50&quot;,&quot;caption&quot;:&quot;&quot;,&quot;created_timestamp&quot;:&quot;1195428594&quot;,&quot;copyright&quot;:&quot;&quot;,&quot;focal_length&quot;:&quot;10.3&quot;,&quot;iso&quot;:&quot;400&quot;,&quot;shutter_speed&quot;:&quot;0.0333333333333&quot;,&quot;title&quot;:&quot;&quot;,&quot;orientation&quot;:&quot;1&quot;}\" data-image-title=\"Fanta4_Muenchen_Nov07_17\" data-image-description=\"\" data-image-caption=\"\" data-large-file=\"https:\/\/i0.wp.com\/www.karlstetter.net\/jkblog\/wp-content\/uploads\/2007\/11\/Fanta4_Muenchen_Nov07_17.jpg?fit=800%2C600&amp;ssl=1\" data-attachment-id=\"1715\" data-permalink=\"https:\/\/www.karlstetter.net\/jkblog\/2007\/11\/20\/bilder-fanta-4-konzert-vom-1811-in-munchen\/fanta4_muenchen_nov07_17\/\" data-orig-file=\"https:\/\/i0.wp.com\/www.karlstetter.net\/jkblog\/wp-content\/uploads\/2007\/11\/Fanta4_Muenchen_Nov07_17.jpg?fit=800%2C600&amp;ssl=1\" data-orig-size=\"800,600\" data-comments-opened=\"1\" data-image-meta=\"{&quot;aperture&quot;:&quot;4.1&quot;,&quot;credit&quot;:&quot;&quot;,&quot;camera&quot;:&quot;DMC-FX50&quot;,&quot;caption&quot;:&quot;&quot;,&quot;created_timestamp&quot;:&quot;1195428594&quot;,&quot;copyright&quot;:&quot;&quot;,&quot;focal_length&quot;:&quot;10.3&quot;,&quot;iso&quot;:&quot;400&quot;,&quot;shutter_speed&quot;:&quot;0.0333333333333&quot;,&quot;title&quot;:&quot;&quot;,&quot;orientation&quot;:&quot;1&quot;}\" data-image-title=\"Fanta4_Muenchen_Nov07_17\" data-image-description=\"\" data-image-caption=\"\" data-large-file=\"https:\/\/i0.wp.com\/www.karlstetter.net\/jkblog\/wp-content\/uploads\/2007\/11\/Fanta4_Muenchen_Nov07_17.jpg?fit=800%2C600&amp;ssl=1\" role=\"button\" tabindex=\"0\" aria-label=\"Bild\u00a017 von 20 im Vollbildmodus \u00f6ffnen\"srcset=\"https:\/\/i2.wp.com\/www.karlstetter.net\/jkblog\/wp-content\/uploads\/2007\/11\/Fanta4_Muenchen_Nov07_17.jpg?strip=info&#038;w=600&#038;ssl=1 600w,https:\/\/i2.wp.com\/www.karlstetter.net\/jkblog\/wp-content\/uploads\/2007\/11\/Fanta4_Muenchen_Nov07_17.jpg?strip=info&#038;w=800&#038;ssl=1 800w\" alt=\"\" data-height=\"600\" data-id=\"1715\" data-link=\"https:\/\/www.karlstetter.net\/jkblog\/2007\/11\/20\/bilder-fanta-4-konzert-vom-1811-in-munchen\/fanta4_muenchen_nov07_17\/\" data-url=\"https:\/\/www.karlstetter.net\/jkblog\/wp-content\/uploads\/2007\/11\/Fanta4_Muenchen_Nov07_17.jpg\" data-width=\"800\" src=\"https:\/\/i2.wp.com\/www.karlstetter.net\/jkblog\/wp-content\/uploads\/2007\/11\/Fanta4_Muenchen_Nov07_17.jpg?ssl=1\" data-amp-layout=\"responsive\"\/><\/figure><\/div><div class=\"tiled-gallery__col\" style=\"flex-basis:25.00000%\"><figure class=\"tiled-gallery__item\"><img decoding=\"async\" data-attachment-id=\"1716\" data-permalink=\"https:\/\/www.karlstetter.net\/jkblog\/2007\/11\/20\/bilder-fanta-4-konzert-vom-1811-in-munchen\/fanta4_muenchen_nov07_18\/\" data-orig-file=\"https:\/\/i0.wp.com\/www.karlstetter.net\/jkblog\/wp-content\/uploads\/2007\/11\/Fanta4_Muenchen_Nov07_18.jpg?fit=800%2C600&amp;ssl=1\" data-orig-size=\"800,600\" data-comments-opened=\"1\" data-image-meta=\"{&quot;aperture&quot;:&quot;4.1&quot;,&quot;credit&quot;:&quot;&quot;,&quot;camera&quot;:&quot;DMC-FX50&quot;,&quot;caption&quot;:&quot;&quot;,&quot;created_timestamp&quot;:&quot;1195428602&quot;,&quot;copyright&quot;:&quot;&quot;,&quot;focal_length&quot;:&quot;10.3&quot;,&quot;iso&quot;:&quot;400&quot;,&quot;shutter_speed&quot;:&quot;0.125&quot;,&quot;title&quot;:&quot;&quot;,&quot;orientation&quot;:&quot;1&quot;}\" data-image-title=\"Fanta4_Muenchen_Nov07_18\" data-image-description=\"\" data-image-caption=\"\" data-large-file=\"https:\/\/i0.wp.com\/www.karlstetter.net\/jkblog\/wp-content\/uploads\/2007\/11\/Fanta4_Muenchen_Nov07_18.jpg?fit=800%2C600&amp;ssl=1\" data-attachment-id=\"1716\" data-permalink=\"https:\/\/www.karlstetter.net\/jkblog\/2007\/11\/20\/bilder-fanta-4-konzert-vom-1811-in-munchen\/fanta4_muenchen_nov07_18\/\" data-orig-file=\"https:\/\/i0.wp.com\/www.karlstetter.net\/jkblog\/wp-content\/uploads\/2007\/11\/Fanta4_Muenchen_Nov07_18.jpg?fit=800%2C600&amp;ssl=1\" data-orig-size=\"800,600\" data-comments-opened=\"1\" data-image-meta=\"{&quot;aperture&quot;:&quot;4.1&quot;,&quot;credit&quot;:&quot;&quot;,&quot;camera&quot;:&quot;DMC-FX50&quot;,&quot;caption&quot;:&quot;&quot;,&quot;created_timestamp&quot;:&quot;1195428602&quot;,&quot;copyright&quot;:&quot;&quot;,&quot;focal_length&quot;:&quot;10.3&quot;,&quot;iso&quot;:&quot;400&quot;,&quot;shutter_speed&quot;:&quot;0.125&quot;,&quot;title&quot;:&quot;&quot;,&quot;orientation&quot;:&quot;1&quot;}\" data-image-title=\"Fanta4_Muenchen_Nov07_18\" data-image-description=\"\" data-image-caption=\"\" data-large-file=\"https:\/\/i0.wp.com\/www.karlstetter.net\/jkblog\/wp-content\/uploads\/2007\/11\/Fanta4_Muenchen_Nov07_18.jpg?fit=800%2C600&amp;ssl=1\" role=\"button\" tabindex=\"0\" aria-label=\"Bild\u00a018 von 20 im Vollbildmodus \u00f6ffnen\"srcset=\"https:\/\/i0.wp.com\/www.karlstetter.net\/jkblog\/wp-content\/uploads\/2007\/11\/Fanta4_Muenchen_Nov07_18.jpg?strip=info&#038;w=600&#038;ssl=1 600w,https:\/\/i0.wp.com\/www.karlstetter.net\/jkblog\/wp-content\/uploads\/2007\/11\/Fanta4_Muenchen_Nov07_18.jpg?strip=info&#038;w=800&#038;ssl=1 800w\" alt=\"\" data-height=\"600\" data-id=\"1716\" data-link=\"https:\/\/www.karlstetter.net\/jkblog\/2007\/11\/20\/bilder-fanta-4-konzert-vom-1811-in-munchen\/fanta4_muenchen_nov07_18\/\" data-url=\"https:\/\/www.karlstetter.net\/jkblog\/wp-content\/uploads\/2007\/11\/Fanta4_Muenchen_Nov07_18.jpg\" data-width=\"800\" src=\"https:\/\/i0.wp.com\/www.karlstetter.net\/jkblog\/wp-content\/uploads\/2007\/11\/Fanta4_Muenchen_Nov07_18.jpg?ssl=1\" data-amp-layout=\"responsive\"\/><\/figure><\/div><div class=\"tiled-gallery__col\" style=\"flex-basis:25.00000%\"><figure class=\"tiled-gallery__item\"><img decoding=\"async\" data-attachment-id=\"1717\" data-permalink=\"https:\/\/www.karlstetter.net\/jkblog\/2007\/11\/20\/bilder-fanta-4-konzert-vom-1811-in-munchen\/fanta4_muenchen_nov07_19\/\" data-orig-file=\"https:\/\/i0.wp.com\/www.karlstetter.net\/jkblog\/wp-content\/uploads\/2007\/11\/Fanta4_Muenchen_Nov07_19.jpg?fit=800%2C600&amp;ssl=1\" data-orig-size=\"800,600\" data-comments-opened=\"1\" data-image-meta=\"{&quot;aperture&quot;:&quot;5.6&quot;,&quot;credit&quot;:&quot;&quot;,&quot;camera&quot;:&quot;DMC-FX50&quot;,&quot;caption&quot;:&quot;&quot;,&quot;created_timestamp&quot;:&quot;1195429533&quot;,&quot;copyright&quot;:&quot;&quot;,&quot;focal_length&quot;:&quot;16.8&quot;,&quot;iso&quot;:&quot;400&quot;,&quot;shutter_speed&quot;:&quot;0.125&quot;,&quot;title&quot;:&quot;&quot;,&quot;orientation&quot;:&quot;1&quot;}\" data-image-title=\"Fanta4_Muenchen_Nov07_19\" data-image-description=\"\" data-image-caption=\"\" data-large-file=\"https:\/\/i0.wp.com\/www.karlstetter.net\/jkblog\/wp-content\/uploads\/2007\/11\/Fanta4_Muenchen_Nov07_19.jpg?fit=800%2C600&amp;ssl=1\" data-attachment-id=\"1717\" data-permalink=\"https:\/\/www.karlstetter.net\/jkblog\/2007\/11\/20\/bilder-fanta-4-konzert-vom-1811-in-munchen\/fanta4_muenchen_nov07_19\/\" data-orig-file=\"https:\/\/i0.wp.com\/www.karlstetter.net\/jkblog\/wp-content\/uploads\/2007\/11\/Fanta4_Muenchen_Nov07_19.jpg?fit=800%2C600&amp;ssl=1\" data-orig-size=\"800,600\" data-comments-opened=\"1\" data-image-meta=\"{&quot;aperture&quot;:&quot;5.6&quot;,&quot;credit&quot;:&quot;&quot;,&quot;camera&quot;:&quot;DMC-FX50&quot;,&quot;caption&quot;:&quot;&quot;,&quot;created_timestamp&quot;:&quot;1195429533&quot;,&quot;copyright&quot;:&quot;&quot;,&quot;focal_length&quot;:&quot;16.8&quot;,&quot;iso&quot;:&quot;400&quot;,&quot;shutter_speed&quot;:&quot;0.125&quot;,&quot;title&quot;:&quot;&quot;,&quot;orientation&quot;:&quot;1&quot;}\" data-image-title=\"Fanta4_Muenchen_Nov07_19\" data-image-description=\"\" data-image-caption=\"\" data-large-file=\"https:\/\/i0.wp.com\/www.karlstetter.net\/jkblog\/wp-content\/uploads\/2007\/11\/Fanta4_Muenchen_Nov07_19.jpg?fit=800%2C600&amp;ssl=1\" role=\"button\" tabindex=\"0\" aria-label=\"Bild\u00a019 von 20 im Vollbildmodus \u00f6ffnen\"srcset=\"https:\/\/i1.wp.com\/www.karlstetter.net\/jkblog\/wp-content\/uploads\/2007\/11\/Fanta4_Muenchen_Nov07_19.jpg?strip=info&#038;w=600&#038;ssl=1 600w,https:\/\/i1.wp.com\/www.karlstetter.net\/jkblog\/wp-content\/uploads\/2007\/11\/Fanta4_Muenchen_Nov07_19.jpg?strip=info&#038;w=800&#038;ssl=1 800w\" alt=\"\" data-height=\"600\" data-id=\"1717\" data-link=\"https:\/\/www.karlstetter.net\/jkblog\/2007\/11\/20\/bilder-fanta-4-konzert-vom-1811-in-munchen\/fanta4_muenchen_nov07_19\/\" data-url=\"https:\/\/www.karlstetter.net\/jkblog\/wp-content\/uploads\/2007\/11\/Fanta4_Muenchen_Nov07_19.jpg\" data-width=\"800\" src=\"https:\/\/i1.wp.com\/www.karlstetter.net\/jkblog\/wp-content\/uploads\/2007\/11\/Fanta4_Muenchen_Nov07_19.jpg?ssl=1\" data-amp-layout=\"responsive\"\/><\/figure><\/div><div class=\"tiled-gallery__col\" style=\"flex-basis:25.00000%\"><figure class=\"tiled-gallery__item\"><img decoding=\"async\" data-attachment-id=\"1718\" data-permalink=\"https:\/\/www.karlstetter.net\/jkblog\/2007\/11\/20\/bilder-fanta-4-konzert-vom-1811-in-munchen\/fanta4_muenchen_nov07_20\/\" data-orig-file=\"https:\/\/i0.wp.com\/www.karlstetter.net\/jkblog\/wp-content\/uploads\/2007\/11\/Fanta4_Muenchen_Nov07_20.jpg?fit=800%2C600&amp;ssl=1\" data-orig-size=\"800,600\" data-comments-opened=\"1\" data-image-meta=\"{&quot;aperture&quot;:&quot;5&quot;,&quot;credit&quot;:&quot;&quot;,&quot;camera&quot;:&quot;DMC-FX50&quot;,&quot;caption&quot;:&quot;&quot;,&quot;created_timestamp&quot;:&quot;1195429774&quot;,&quot;copyright&quot;:&quot;&quot;,&quot;focal_length&quot;:&quot;14.2&quot;,&quot;iso&quot;:&quot;400&quot;,&quot;shutter_speed&quot;:&quot;0.125&quot;,&quot;title&quot;:&quot;&quot;,&quot;orientation&quot;:&quot;1&quot;}\" data-image-title=\"Fanta4_Muenchen_Nov07_20\" data-image-description=\"\" data-image-caption=\"\" data-large-file=\"https:\/\/i0.wp.com\/www.karlstetter.net\/jkblog\/wp-content\/uploads\/2007\/11\/Fanta4_Muenchen_Nov07_20.jpg?fit=800%2C600&amp;ssl=1\" data-attachment-id=\"1718\" data-permalink=\"https:\/\/www.karlstetter.net\/jkblog\/2007\/11\/20\/bilder-fanta-4-konzert-vom-1811-in-munchen\/fanta4_muenchen_nov07_20\/\" data-orig-file=\"https:\/\/i0.wp.com\/www.karlstetter.net\/jkblog\/wp-content\/uploads\/2007\/11\/Fanta4_Muenchen_Nov07_20.jpg?fit=800%2C600&amp;ssl=1\" data-orig-size=\"800,600\" data-comments-opened=\"1\" data-image-meta=\"{&quot;aperture&quot;:&quot;5&quot;,&quot;credit&quot;:&quot;&quot;,&quot;camera&quot;:&quot;DMC-FX50&quot;,&quot;caption&quot;:&quot;&quot;,&quot;created_timestamp&quot;:&quot;1195429774&quot;,&quot;copyright&quot;:&quot;&quot;,&quot;focal_length&quot;:&quot;14.2&quot;,&quot;iso&quot;:&quot;400&quot;,&quot;shutter_speed&quot;:&quot;0.125&quot;,&quot;title&quot;:&quot;&quot;,&quot;orientation&quot;:&quot;1&quot;}\" data-image-title=\"Fanta4_Muenchen_Nov07_20\" data-image-description=\"\" data-image-caption=\"\" data-large-file=\"https:\/\/i0.wp.com\/www.karlstetter.net\/jkblog\/wp-content\/uploads\/2007\/11\/Fanta4_Muenchen_Nov07_20.jpg?fit=800%2C600&amp;ssl=1\" role=\"button\" tabindex=\"0\" aria-label=\"Bild\u00a020 von 20 im Vollbildmodus \u00f6ffnen\"srcset=\"https:\/\/i0.wp.com\/www.karlstetter.net\/jkblog\/wp-content\/uploads\/2007\/11\/Fanta4_Muenchen_Nov07_20.jpg?strip=info&#038;w=600&#038;ssl=1 600w,https:\/\/i0.wp.com\/www.karlstetter.net\/jkblog\/wp-content\/uploads\/2007\/11\/Fanta4_Muenchen_Nov07_20.jpg?strip=info&#038;w=800&#038;ssl=1 800w\" alt=\"\" data-height=\"600\" data-id=\"1718\" data-link=\"https:\/\/www.karlstetter.net\/jkblog\/2007\/11\/20\/bilder-fanta-4-konzert-vom-1811-in-munchen\/fanta4_muenchen_nov07_20\/\" data-url=\"https:\/\/www.karlstetter.net\/jkblog\/wp-content\/uploads\/2007\/11\/Fanta4_Muenchen_Nov07_20.jpg\" data-width=\"800\" src=\"https:\/\/i0.wp.com\/www.karlstetter.net\/jkblog\/wp-content\/uploads\/2007\/11\/Fanta4_Muenchen_Nov07_20.jpg?ssl=1\" data-amp-layout=\"responsive\"\/><\/figure><\/div><\/div><\/div><\/div>\n\n\n\n<p>Es war mit Abstand das beste Konzert der &#8222;Fantastischen Vier&#8220;, bei dem ich bisher war (schon das dritte Mal).<\/p>\n\n\n\n<p>Mein absoluter H\u00f6hepunkt war &#8222;Was geht!&#8220; mit Samples aus &#8222;Stronger&#8220; von Daft Punk und Kanye West. Da hei\u00dft es unbedingt Live-Album kaufen.<\/p>\n<div class=\"shariff\"><ul class=\"shariff-buttons theme-default orientation-horizontal buttonsize-medium\"><li class=\"shariff-button facebook shariff-nocustomcolor\" style=\"background-color:#4273c8\"><a href=\"https:\/\/www.facebook.com\/sharer\/sharer.php?u=https%3A%2F%2Fwww.karlstetter.net%2Fjkblog%2F2007%2F11%2F20%2Fbilder-fanta-4-konzert-vom-1811-in-munchen%2F\" title=\"Bei Facebook teilen\" aria-label=\"Bei Facebook teilen\" role=\"button\" rel=\"nofollow\" class=\"shariff-link\" style=\"; background-color:#3b5998; color:#fff\" target=\"_blank\"><span class=\"shariff-icon\" style=\"\"><svg width=\"32px\" height=\"20px\" xmlns=\"http:\/\/www.w3.org\/2000\/svg\" viewBox=\"0 0 18 32\"><path fill=\"#3b5998\" d=\"M17.1 0.2v4.7h-2.8q-1.5 0-2.1 0.6t-0.5 1.9v3.4h5.2l-0.7 5.3h-4.5v13.6h-5.5v-13.6h-4.5v-5.3h4.5v-3.9q0-3.3 1.9-5.2t5-1.8q2.6 0 4.1 0.2z\"\/><\/svg><\/span><span class=\"shariff-text\">teilen<\/span>&nbsp;<\/a><\/li><li class=\"shariff-button twitter shariff-nocustomcolor\" style=\"background-color:#595959\"><a href=\"https:\/\/twitter.com\/share?url=https%3A%2F%2Fwww.karlstetter.net%2Fjkblog%2F2007%2F11%2F20%2Fbilder-fanta-4-konzert-vom-1811-in-munchen%2F&text=Bilder%20Fanta%204%20Konzert%20vom%2018.11.%20in%20M%C3%BCnchen&via=monacobazi\" title=\"Bei X teilen\" aria-label=\"Bei X teilen\" role=\"button\" rel=\"noopener nofollow\" class=\"shariff-link\" style=\"; background-color:#000; color:#fff\" target=\"_blank\"><span class=\"shariff-icon\" style=\"\"><svg width=\"32px\" height=\"20px\" xmlns=\"http:\/\/www.w3.org\/2000\/svg\" viewBox=\"0 0 24 24\"><path fill=\"#000\" d=\"M14.258 10.152L23.176 0h-2.113l-7.747 8.813L7.133 0H0l9.352 13.328L0 23.973h2.113l8.176-9.309 6.531 9.309h7.133zm-2.895 3.293l-.949-1.328L2.875 1.56h3.246l6.086 8.523.945 1.328 7.91 11.078h-3.246zm0 0\"\/><\/svg><\/span><span class=\"shariff-text\">teilen<\/span>&nbsp;<\/a><\/li><li class=\"shariff-button whatsapp shariff-nocustomcolor\" style=\"background-color:#5cbe4a\"><a href=\"https:\/\/api.whatsapp.com\/send?text=https%3A%2F%2Fwww.karlstetter.net%2Fjkblog%2F2007%2F11%2F20%2Fbilder-fanta-4-konzert-vom-1811-in-munchen%2F%20Bilder%20Fanta%204%20Konzert%20vom%2018.11.%20in%20M%C3%BCnchen\" title=\"Bei Whatsapp teilen\" aria-label=\"Bei Whatsapp teilen\" role=\"button\" rel=\"noopener nofollow\" class=\"shariff-link\" style=\"; background-color:#34af23; color:#fff\" target=\"_blank\"><span class=\"shariff-icon\" style=\"\"><svg width=\"32px\" height=\"20px\" xmlns=\"http:\/\/www.w3.org\/2000\/svg\" viewBox=\"0 0 32 32\"><path fill=\"#34af23\" d=\"M17.6 17.4q0.2 0 1.7 0.8t1.6 0.9q0 0.1 0 0.3 0 0.6-0.3 1.4-0.3 0.7-1.3 1.2t-1.8 0.5q-1 0-3.4-1.1-1.7-0.8-3-2.1t-2.6-3.3q-1.3-1.9-1.3-3.5v-0.1q0.1-1.6 1.3-2.8 0.4-0.4 0.9-0.4 0.1 0 0.3 0t0.3 0q0.3 0 0.5 0.1t0.3 0.5q0.1 0.4 0.6 1.6t0.4 1.3q0 0.4-0.6 1t-0.6 0.8q0 0.1 0.1 0.3 0.6 1.3 1.8 2.4 1 0.9 2.7 1.8 0.2 0.1 0.4 0.1 0.3 0 1-0.9t0.9-0.9zM14 26.9q2.3 0 4.3-0.9t3.6-2.4 2.4-3.6 0.9-4.3-0.9-4.3-2.4-3.6-3.6-2.4-4.3-0.9-4.3 0.9-3.6 2.4-2.4 3.6-0.9 4.3q0 3.6 2.1 6.6l-1.4 4.2 4.3-1.4q2.8 1.9 6.2 1.9zM14 2.2q2.7 0 5.2 1.1t4.3 2.9 2.9 4.3 1.1 5.2-1.1 5.2-2.9 4.3-4.3 2.9-5.2 1.1q-3.5 0-6.5-1.7l-7.4 2.4 2.4-7.2q-1.9-3.2-1.9-6.9 0-2.7 1.1-5.2t2.9-4.3 4.3-2.9 5.2-1.1z\"\/><\/svg><\/span><span class=\"shariff-text\">teilen<\/span>&nbsp;<\/a><\/li><li class=\"shariff-button mailto shariff-nocustomcolor\" style=\"background-color:#a8a8a8\"><a href=\"mailto:?body=https%3A%2F%2Fwww.karlstetter.net%2Fjkblog%2F2007%2F11%2F20%2Fbilder-fanta-4-konzert-vom-1811-in-munchen%2F&subject=Bilder%20Fanta%204%20Konzert%20vom%2018.11.%20in%20M%C3%BCnchen\" title=\"Per E-Mail versenden\" aria-label=\"Per E-Mail versenden\" role=\"button\" rel=\"noopener nofollow\" class=\"shariff-link\" style=\"; background-color:#999; color:#fff\"><span class=\"shariff-icon\" style=\"\"><svg width=\"32px\" height=\"20px\" xmlns=\"http:\/\/www.w3.org\/2000\/svg\" viewBox=\"0 0 32 32\"><path fill=\"#999\" d=\"M32 12.7v14.2q0 1.2-0.8 2t-2 0.9h-26.3q-1.2 0-2-0.9t-0.8-2v-14.2q0.8 0.9 1.8 1.6 6.5 4.4 8.9 6.1 1 0.8 1.6 1.2t1.7 0.9 2 0.4h0.1q0.9 0 2-0.4t1.7-0.9 1.6-1.2q3-2.2 8.9-6.1 1-0.7 1.8-1.6zM32 7.4q0 1.4-0.9 2.7t-2.2 2.2q-6.7 4.7-8.4 5.8-0.2 0.1-0.7 0.5t-1 0.7-0.9 0.6-1.1 0.5-0.9 0.2h-0.1q-0.4 0-0.9-0.2t-1.1-0.5-0.9-0.6-1-0.7-0.7-0.5q-1.6-1.1-4.7-3.2t-3.6-2.6q-1.1-0.7-2.1-2t-1-2.5q0-1.4 0.7-2.3t2.1-0.9h26.3q1.2 0 2 0.8t0.9 2z\"\/><\/svg><\/span><span class=\"shariff-text\">E-Mail<\/span>&nbsp;<\/a><\/li><li class=\"shariff-button printer shariff-nocustomcolor\" style=\"background-color:#a8a8a8\"><a href=\"javascript:window.print()\" title=\"drucken\" aria-label=\"drucken\" role=\"button\" rel=\"noopener nofollow\" class=\"shariff-link\" style=\"; background-color:#999; color:#fff\"><span class=\"shariff-icon\" style=\"\"><svg width=\"32px\" height=\"20px\" xmlns=\"http:\/\/www.w3.org\/2000\/svg\" viewBox=\"0 0 30 32\"><path fill=\"#999\" d=\"M6.8 27.4h16v-4.6h-16v4.6zM6.8 16h16v-6.8h-2.8q-0.7 0-1.2-0.5t-0.5-1.2v-2.8h-11.4v11.4zM27.4 17.2q0-0.5-0.3-0.8t-0.8-0.4-0.8 0.4-0.3 0.8 0.3 0.8 0.8 0.3 0.8-0.3 0.3-0.8zM29.7 17.2v7.4q0 0.2-0.2 0.4t-0.4 0.2h-4v2.8q0 0.7-0.5 1.2t-1.2 0.5h-17.2q-0.7 0-1.2-0.5t-0.5-1.2v-2.8h-4q-0.2 0-0.4-0.2t-0.2-0.4v-7.4q0-1.4 1-2.4t2.4-1h1.2v-9.7q0-0.7 0.5-1.2t1.2-0.5h12q0.7 0 1.6 0.4t1.3 0.8l2.7 2.7q0.5 0.5 0.9 1.4t0.4 1.6v4.6h1.1q1.4 0 2.4 1t1 2.4z\"\/><\/svg><\/span><span class=\"shariff-text\">drucken<\/span>&nbsp;<\/a><\/li><li class=\"shariff-button info shariff-nocustomcolor\" style=\"background-color:#eee\"><a href=\"http:\/\/ct.de\/-2467514\" title=\"Weitere Informationen\" aria-label=\"Weitere Informationen\" role=\"button\" rel=\"noopener \" class=\"shariff-link\" style=\"; background-color:#fff; color:#fff\" target=\"_blank\"><span class=\"shariff-icon\" style=\"\"><svg width=\"32px\" height=\"20px\" xmlns=\"http:\/\/www.w3.org\/2000\/svg\" viewBox=\"0 0 11 32\"><path fill=\"#999\" d=\"M11.4 24v2.3q0 0.5-0.3 0.8t-0.8 0.4h-9.1q-0.5 0-0.8-0.4t-0.4-0.8v-2.3q0-0.5 0.4-0.8t0.8-0.4h1.1v-6.8h-1.1q-0.5 0-0.8-0.4t-0.4-0.8v-2.3q0-0.5 0.4-0.8t0.8-0.4h6.8q0.5 0 0.8 0.4t0.4 0.8v10.3h1.1q0.5 0 0.8 0.4t0.3 0.8zM9.2 3.4v3.4q0 0.5-0.4 0.8t-0.8 0.4h-4.6q-0.4 0-0.8-0.4t-0.4-0.8v-3.4q0-0.4 0.4-0.8t0.8-0.4h4.6q0.5 0 0.8 0.4t0.4 0.8z\"\/><\/svg><\/span><\/a><\/li><\/ul><\/div>","protected":false},"excerpt":{"rendered":"<p>Hier ein paar Bilder vom saugeilen Fanta 4 Konzert in M\u00fcnchen, leider wei\u00df ich nicht mehr welches B\u00fchnenbild bei welchem Song war: Es war mit Abstand das beste Konzert der &#8222;Fantastischen Vier&#8220;, bei dem ich bisher war (schon das dritte Mal). Mein absoluter H\u00f6hepunkt&#46;&#46;&#46;<\/p>\n","protected":false},"author":2,"featured_media":0,"comment_status":"open","ping_status":"open","sticky":false,"template":"","format":"standard","meta":{"jetpack_post_was_ever_published":false,"_jetpack_newsletter_access":"","_jetpack_dont_email_post_to_subs":false,"_jetpack_newsletter_tier_id":0,"_jetpack_memberships_contains_paywalled_content":false,"_jetpack_memberships_contains_paid_content":false,"footnotes":""},"categories":[3,4],"tags":[115,265,309],"class_list":["post-78","post","type-post","status-publish","format-standard","hentry","category-entertainment","category-events-parties","tag-die-fantatstischen-vier","tag-konzert","tag-munchen"],"yoast_head":"<!-- This site is optimized with the Yoast SEO plugin v27.5 - https:\/\/yoast.com\/product\/yoast-seo-wordpress\/ -->\n<title>Bilder Fanta 4 Konzert vom 18.11. in M\u00fcnchen - jk blog<\/title>\n<meta name=\"description\" content=\"Hier ein paar Bilder vom saugeilen Fanta 4 Konzert in M\u00fcnchen, leider wei\u00df ich nicht mehr welches B\u00fchnenbild bei welchem Song war:\" \/>\n<meta name=\"robots\" content=\"index, follow, max-snippet:-1, max-image-preview:large, max-video-preview:-1\" \/>\n<link rel=\"canonical\" href=\"https:\/\/www.karlstetter.net\/jkblog\/2007\/11\/20\/bilder-fanta-4-konzert-vom-1811-in-munchen\/\" \/>\n<meta property=\"og:locale\" content=\"de_DE\" \/>\n<meta property=\"og:type\" content=\"article\" \/>\n<meta property=\"og:title\" content=\"Bilder Fanta 4 Konzert vom 18.11. in M\u00fcnchen - jk blog\" \/>\n<meta property=\"og:description\" content=\"Hier ein paar Bilder vom saugeilen Fanta 4 Konzert in M\u00fcnchen, leider wei\u00df ich nicht mehr welches B\u00fchnenbild bei welchem Song war:\" \/>\n<meta property=\"og:url\" content=\"https:\/\/www.karlstetter.net\/jkblog\/2007\/11\/20\/bilder-fanta-4-konzert-vom-1811-in-munchen\/\" \/>\n<meta property=\"og:site_name\" content=\"jk blog\" \/>\n<meta property=\"article:author\" content=\"https:\/\/de-de.facebook.com\/bayernbazi\" \/>\n<meta property=\"article:published_time\" content=\"2007-11-20T11:30:40+00:00\" \/>\n<meta property=\"article:modified_time\" content=\"2023-02-20T10:55:51+00:00\" \/>\n<meta property=\"og:image\" content=\"https:\/\/i1.wp.com\/www.karlstetter.net\/jkblog\/wp-content\/uploads\/2007\/11\/Fanta4_Muenchen_Nov07_01.jpg?ssl=1\" \/>\n<meta name=\"author\" content=\"JK\" \/>\n<meta name=\"twitter:label1\" content=\"Verfasst von\" \/>\n\t<meta name=\"twitter:data1\" content=\"JK\" \/>\n\t<meta name=\"twitter:label2\" content=\"Gesch\u00e4tzte Lesezeit\" \/>\n\t<meta name=\"twitter:data2\" content=\"5\u00a0Minuten\" \/>\n<script type=\"application\/ld+json\" class=\"yoast-schema-graph\">{\"@context\":\"https:\\\/\\\/schema.org\",\"@graph\":[{\"@type\":\"Article\",\"@id\":\"https:\\\/\\\/www.karlstetter.net\\\/jkblog\\\/2007\\\/11\\\/20\\\/bilder-fanta-4-konzert-vom-1811-in-munchen\\\/#article\",\"isPartOf\":{\"@id\":\"https:\\\/\\\/www.karlstetter.net\\\/jkblog\\\/2007\\\/11\\\/20\\\/bilder-fanta-4-konzert-vom-1811-in-munchen\\\/\"},\"author\":{\"name\":\"JK\",\"@id\":\"https:\\\/\\\/www.karlstetter.net\\\/jkblog\\\/#\\\/schema\\\/person\\\/2a92019bcb282ecce17aa7ec379f3d29\"},\"headline\":\"Bilder Fanta 4 Konzert vom 18.11. in M\u00fcnchen\",\"datePublished\":\"2007-11-20T11:30:40+00:00\",\"dateModified\":\"2023-02-20T10:55:51+00:00\",\"mainEntityOfPage\":{\"@id\":\"https:\\\/\\\/www.karlstetter.net\\\/jkblog\\\/2007\\\/11\\\/20\\\/bilder-fanta-4-konzert-vom-1811-in-munchen\\\/\"},\"wordCount\":73,\"commentCount\":2,\"publisher\":{\"@id\":\"https:\\\/\\\/www.karlstetter.net\\\/jkblog\\\/#organization\"},\"image\":{\"@id\":\"https:\\\/\\\/www.karlstetter.net\\\/jkblog\\\/2007\\\/11\\\/20\\\/bilder-fanta-4-konzert-vom-1811-in-munchen\\\/#primaryimage\"},\"thumbnailUrl\":\"https:\\\/\\\/i1.wp.com\\\/www.karlstetter.net\\\/jkblog\\\/wp-content\\\/uploads\\\/2007\\\/11\\\/Fanta4_Muenchen_Nov07_01.jpg?ssl=1\",\"keywords\":[\"Die Fantatstischen Vier\",\"Konzert\",\"M\u00fcnchen\"],\"articleSection\":[\"Entertainment\",\"Events &amp; Partys\"],\"inLanguage\":\"de\",\"potentialAction\":[{\"@type\":\"CommentAction\",\"name\":\"Comment\",\"target\":[\"https:\\\/\\\/www.karlstetter.net\\\/jkblog\\\/2007\\\/11\\\/20\\\/bilder-fanta-4-konzert-vom-1811-in-munchen\\\/#respond\"]}]},{\"@type\":\"WebPage\",\"@id\":\"https:\\\/\\\/www.karlstetter.net\\\/jkblog\\\/2007\\\/11\\\/20\\\/bilder-fanta-4-konzert-vom-1811-in-munchen\\\/\",\"url\":\"https:\\\/\\\/www.karlstetter.net\\\/jkblog\\\/2007\\\/11\\\/20\\\/bilder-fanta-4-konzert-vom-1811-in-munchen\\\/\",\"name\":\"Bilder Fanta 4 Konzert vom 18.11. in M\u00fcnchen - jk blog\",\"isPartOf\":{\"@id\":\"https:\\\/\\\/www.karlstetter.net\\\/jkblog\\\/#website\"},\"primaryImageOfPage\":{\"@id\":\"https:\\\/\\\/www.karlstetter.net\\\/jkblog\\\/2007\\\/11\\\/20\\\/bilder-fanta-4-konzert-vom-1811-in-munchen\\\/#primaryimage\"},\"image\":{\"@id\":\"https:\\\/\\\/www.karlstetter.net\\\/jkblog\\\/2007\\\/11\\\/20\\\/bilder-fanta-4-konzert-vom-1811-in-munchen\\\/#primaryimage\"},\"thumbnailUrl\":\"https:\\\/\\\/i1.wp.com\\\/www.karlstetter.net\\\/jkblog\\\/wp-content\\\/uploads\\\/2007\\\/11\\\/Fanta4_Muenchen_Nov07_01.jpg?ssl=1\",\"datePublished\":\"2007-11-20T11:30:40+00:00\",\"dateModified\":\"2023-02-20T10:55:51+00:00\",\"description\":\"Hier ein paar Bilder vom saugeilen Fanta 4 Konzert in M\u00fcnchen, leider wei\u00df ich nicht mehr welches B\u00fchnenbild bei welchem Song war:\",\"breadcrumb\":{\"@id\":\"https:\\\/\\\/www.karlstetter.net\\\/jkblog\\\/2007\\\/11\\\/20\\\/bilder-fanta-4-konzert-vom-1811-in-munchen\\\/#breadcrumb\"},\"inLanguage\":\"de\",\"potentialAction\":[{\"@type\":\"ReadAction\",\"target\":[\"https:\\\/\\\/www.karlstetter.net\\\/jkblog\\\/2007\\\/11\\\/20\\\/bilder-fanta-4-konzert-vom-1811-in-munchen\\\/\"]}]},{\"@type\":\"ImageObject\",\"inLanguage\":\"de\",\"@id\":\"https:\\\/\\\/www.karlstetter.net\\\/jkblog\\\/2007\\\/11\\\/20\\\/bilder-fanta-4-konzert-vom-1811-in-munchen\\\/#primaryimage\",\"url\":\"https:\\\/\\\/i1.wp.com\\\/www.karlstetter.net\\\/jkblog\\\/wp-content\\\/uploads\\\/2007\\\/11\\\/Fanta4_Muenchen_Nov07_01.jpg?ssl=1\",\"contentUrl\":\"https:\\\/\\\/i1.wp.com\\\/www.karlstetter.net\\\/jkblog\\\/wp-content\\\/uploads\\\/2007\\\/11\\\/Fanta4_Muenchen_Nov07_01.jpg?ssl=1\"},{\"@type\":\"BreadcrumbList\",\"@id\":\"https:\\\/\\\/www.karlstetter.net\\\/jkblog\\\/2007\\\/11\\\/20\\\/bilder-fanta-4-konzert-vom-1811-in-munchen\\\/#breadcrumb\",\"itemListElement\":[{\"@type\":\"ListItem\",\"position\":1,\"name\":\"Startseite\",\"item\":\"https:\\\/\\\/www.karlstetter.net\\\/jkblog\\\/\"},{\"@type\":\"ListItem\",\"position\":2,\"name\":\"Bilder Fanta 4 Konzert vom 18.11. in M\u00fcnchen\"}]},{\"@type\":\"WebSite\",\"@id\":\"https:\\\/\\\/www.karlstetter.net\\\/jkblog\\\/#website\",\"url\":\"https:\\\/\\\/www.karlstetter.net\\\/jkblog\\\/\",\"name\":\"jk blog\",\"description\":\"M\u00fcnchner Allerlei seit 2005\",\"publisher\":{\"@id\":\"https:\\\/\\\/www.karlstetter.net\\\/jkblog\\\/#organization\"},\"potentialAction\":[{\"@type\":\"SearchAction\",\"target\":{\"@type\":\"EntryPoint\",\"urlTemplate\":\"https:\\\/\\\/www.karlstetter.net\\\/jkblog\\\/?s={search_term_string}\"},\"query-input\":{\"@type\":\"PropertyValueSpecification\",\"valueRequired\":true,\"valueName\":\"search_term_string\"}}],\"inLanguage\":\"de\"},{\"@type\":\"Organization\",\"@id\":\"https:\\\/\\\/www.karlstetter.net\\\/jkblog\\\/#organization\",\"name\":\"jk blog\",\"url\":\"https:\\\/\\\/www.karlstetter.net\\\/jkblog\\\/\",\"logo\":{\"@type\":\"ImageObject\",\"inLanguage\":\"de\",\"@id\":\"https:\\\/\\\/www.karlstetter.net\\\/jkblog\\\/#\\\/schema\\\/logo\\\/image\\\/\",\"url\":\"https:\\\/\\\/i0.wp.com\\\/www.karlstetter.net\\\/jkblog\\\/wp-content\\\/uploads\\\/2022\\\/08\\\/jkblog_2022_Logo.png?fit=500%2C213&ssl=1\",\"contentUrl\":\"https:\\\/\\\/i0.wp.com\\\/www.karlstetter.net\\\/jkblog\\\/wp-content\\\/uploads\\\/2022\\\/08\\\/jkblog_2022_Logo.png?fit=500%2C213&ssl=1\",\"width\":500,\"height\":213,\"caption\":\"jk blog\"},\"image\":{\"@id\":\"https:\\\/\\\/www.karlstetter.net\\\/jkblog\\\/#\\\/schema\\\/logo\\\/image\\\/\"}},{\"@type\":\"Person\",\"@id\":\"https:\\\/\\\/www.karlstetter.net\\\/jkblog\\\/#\\\/schema\\\/person\\\/2a92019bcb282ecce17aa7ec379f3d29\",\"name\":\"JK\",\"image\":{\"@type\":\"ImageObject\",\"inLanguage\":\"de\",\"@id\":\"https:\\\/\\\/secure.gravatar.com\\\/avatar\\\/61120a9cd0caf6f8ef48873f0e5a0bf445b011424a20c8e2f0565ecc84bc047e?s=96&d=mm&r=x\",\"url\":\"https:\\\/\\\/secure.gravatar.com\\\/avatar\\\/61120a9cd0caf6f8ef48873f0e5a0bf445b011424a20c8e2f0565ecc84bc047e?s=96&d=mm&r=x\",\"contentUrl\":\"https:\\\/\\\/secure.gravatar.com\\\/avatar\\\/61120a9cd0caf6f8ef48873f0e5a0bf445b011424a20c8e2f0565ecc84bc047e?s=96&d=mm&r=x\",\"caption\":\"JK\"},\"sameAs\":[\"https:\\\/\\\/www.jkblog.de\",\"https:\\\/\\\/de-de.facebook.com\\\/bayernbazi\",\"https:\\\/\\\/x.com\\\/monacobazi\"],\"url\":\"https:\\\/\\\/www.karlstetter.net\\\/jkblog\\\/author\\\/jk\\\/\"}]}<\/script>\n<!-- \/ Yoast SEO plugin. -->","yoast_head_json":{"title":"Bilder Fanta 4 Konzert vom 18.11. in M\u00fcnchen - jk blog","description":"Hier ein paar Bilder vom saugeilen Fanta 4 Konzert in M\u00fcnchen, leider wei\u00df ich nicht mehr welches B\u00fchnenbild bei welchem Song war:","robots":{"index":"index","follow":"follow","max-snippet":"max-snippet:-1","max-image-preview":"max-image-preview:large","max-video-preview":"max-video-preview:-1"},"canonical":"https:\/\/www.karlstetter.net\/jkblog\/2007\/11\/20\/bilder-fanta-4-konzert-vom-1811-in-munchen\/","og_locale":"de_DE","og_type":"article","og_title":"Bilder Fanta 4 Konzert vom 18.11. in M\u00fcnchen - jk blog","og_description":"Hier ein paar Bilder vom saugeilen Fanta 4 Konzert in M\u00fcnchen, leider wei\u00df ich nicht mehr welches B\u00fchnenbild bei welchem Song war:","og_url":"https:\/\/www.karlstetter.net\/jkblog\/2007\/11\/20\/bilder-fanta-4-konzert-vom-1811-in-munchen\/","og_site_name":"jk blog","article_author":"https:\/\/de-de.facebook.com\/bayernbazi","article_published_time":"2007-11-20T11:30:40+00:00","article_modified_time":"2023-02-20T10:55:51+00:00","og_image":[{"url":"https:\/\/i1.wp.com\/www.karlstetter.net\/jkblog\/wp-content\/uploads\/2007\/11\/Fanta4_Muenchen_Nov07_01.jpg?ssl=1","type":"","width":"","height":""}],"author":"JK","twitter_misc":{"Verfasst von":"JK","Gesch\u00e4tzte Lesezeit":"5\u00a0Minuten"},"schema":{"@context":"https:\/\/schema.org","@graph":[{"@type":"Article","@id":"https:\/\/www.karlstetter.net\/jkblog\/2007\/11\/20\/bilder-fanta-4-konzert-vom-1811-in-munchen\/#article","isPartOf":{"@id":"https:\/\/www.karlstetter.net\/jkblog\/2007\/11\/20\/bilder-fanta-4-konzert-vom-1811-in-munchen\/"},"author":{"name":"JK","@id":"https:\/\/www.karlstetter.net\/jkblog\/#\/schema\/person\/2a92019bcb282ecce17aa7ec379f3d29"},"headline":"Bilder Fanta 4 Konzert vom 18.11. in M\u00fcnchen","datePublished":"2007-11-20T11:30:40+00:00","dateModified":"2023-02-20T10:55:51+00:00","mainEntityOfPage":{"@id":"https:\/\/www.karlstetter.net\/jkblog\/2007\/11\/20\/bilder-fanta-4-konzert-vom-1811-in-munchen\/"},"wordCount":73,"commentCount":2,"publisher":{"@id":"https:\/\/www.karlstetter.net\/jkblog\/#organization"},"image":{"@id":"https:\/\/www.karlstetter.net\/jkblog\/2007\/11\/20\/bilder-fanta-4-konzert-vom-1811-in-munchen\/#primaryimage"},"thumbnailUrl":"https:\/\/i1.wp.com\/www.karlstetter.net\/jkblog\/wp-content\/uploads\/2007\/11\/Fanta4_Muenchen_Nov07_01.jpg?ssl=1","keywords":["Die Fantatstischen Vier","Konzert","M\u00fcnchen"],"articleSection":["Entertainment","Events &amp; Partys"],"inLanguage":"de","potentialAction":[{"@type":"CommentAction","name":"Comment","target":["https:\/\/www.karlstetter.net\/jkblog\/2007\/11\/20\/bilder-fanta-4-konzert-vom-1811-in-munchen\/#respond"]}]},{"@type":"WebPage","@id":"https:\/\/www.karlstetter.net\/jkblog\/2007\/11\/20\/bilder-fanta-4-konzert-vom-1811-in-munchen\/","url":"https:\/\/www.karlstetter.net\/jkblog\/2007\/11\/20\/bilder-fanta-4-konzert-vom-1811-in-munchen\/","name":"Bilder Fanta 4 Konzert vom 18.11. in M\u00fcnchen - jk blog","isPartOf":{"@id":"https:\/\/www.karlstetter.net\/jkblog\/#website"},"primaryImageOfPage":{"@id":"https:\/\/www.karlstetter.net\/jkblog\/2007\/11\/20\/bilder-fanta-4-konzert-vom-1811-in-munchen\/#primaryimage"},"image":{"@id":"https:\/\/www.karlstetter.net\/jkblog\/2007\/11\/20\/bilder-fanta-4-konzert-vom-1811-in-munchen\/#primaryimage"},"thumbnailUrl":"https:\/\/i1.wp.com\/www.karlstetter.net\/jkblog\/wp-content\/uploads\/2007\/11\/Fanta4_Muenchen_Nov07_01.jpg?ssl=1","datePublished":"2007-11-20T11:30:40+00:00","dateModified":"2023-02-20T10:55:51+00:00","description":"Hier ein paar Bilder vom saugeilen Fanta 4 Konzert in M\u00fcnchen, leider wei\u00df ich nicht mehr welches B\u00fchnenbild bei welchem Song war:","breadcrumb":{"@id":"https:\/\/www.karlstetter.net\/jkblog\/2007\/11\/20\/bilder-fanta-4-konzert-vom-1811-in-munchen\/#breadcrumb"},"inLanguage":"de","potentialAction":[{"@type":"ReadAction","target":["https:\/\/www.karlstetter.net\/jkblog\/2007\/11\/20\/bilder-fanta-4-konzert-vom-1811-in-munchen\/"]}]},{"@type":"ImageObject","inLanguage":"de","@id":"https:\/\/www.karlstetter.net\/jkblog\/2007\/11\/20\/bilder-fanta-4-konzert-vom-1811-in-munchen\/#primaryimage","url":"https:\/\/i1.wp.com\/www.karlstetter.net\/jkblog\/wp-content\/uploads\/2007\/11\/Fanta4_Muenchen_Nov07_01.jpg?ssl=1","contentUrl":"https:\/\/i1.wp.com\/www.karlstetter.net\/jkblog\/wp-content\/uploads\/2007\/11\/Fanta4_Muenchen_Nov07_01.jpg?ssl=1"},{"@type":"BreadcrumbList","@id":"https:\/\/www.karlstetter.net\/jkblog\/2007\/11\/20\/bilder-fanta-4-konzert-vom-1811-in-munchen\/#breadcrumb","itemListElement":[{"@type":"ListItem","position":1,"name":"Startseite","item":"https:\/\/www.karlstetter.net\/jkblog\/"},{"@type":"ListItem","position":2,"name":"Bilder Fanta 4 Konzert vom 18.11. in M\u00fcnchen"}]},{"@type":"WebSite","@id":"https:\/\/www.karlstetter.net\/jkblog\/#website","url":"https:\/\/www.karlstetter.net\/jkblog\/","name":"jk blog","description":"M\u00fcnchner Allerlei seit 2005","publisher":{"@id":"https:\/\/www.karlstetter.net\/jkblog\/#organization"},"potentialAction":[{"@type":"SearchAction","target":{"@type":"EntryPoint","urlTemplate":"https:\/\/www.karlstetter.net\/jkblog\/?s={search_term_string}"},"query-input":{"@type":"PropertyValueSpecification","valueRequired":true,"valueName":"search_term_string"}}],"inLanguage":"de"},{"@type":"Organization","@id":"https:\/\/www.karlstetter.net\/jkblog\/#organization","name":"jk blog","url":"https:\/\/www.karlstetter.net\/jkblog\/","logo":{"@type":"ImageObject","inLanguage":"de","@id":"https:\/\/www.karlstetter.net\/jkblog\/#\/schema\/logo\/image\/","url":"https:\/\/i0.wp.com\/www.karlstetter.net\/jkblog\/wp-content\/uploads\/2022\/08\/jkblog_2022_Logo.png?fit=500%2C213&ssl=1","contentUrl":"https:\/\/i0.wp.com\/www.karlstetter.net\/jkblog\/wp-content\/uploads\/2022\/08\/jkblog_2022_Logo.png?fit=500%2C213&ssl=1","width":500,"height":213,"caption":"jk blog"},"image":{"@id":"https:\/\/www.karlstetter.net\/jkblog\/#\/schema\/logo\/image\/"}},{"@type":"Person","@id":"https:\/\/www.karlstetter.net\/jkblog\/#\/schema\/person\/2a92019bcb282ecce17aa7ec379f3d29","name":"JK","image":{"@type":"ImageObject","inLanguage":"de","@id":"https:\/\/secure.gravatar.com\/avatar\/61120a9cd0caf6f8ef48873f0e5a0bf445b011424a20c8e2f0565ecc84bc047e?s=96&d=mm&r=x","url":"https:\/\/secure.gravatar.com\/avatar\/61120a9cd0caf6f8ef48873f0e5a0bf445b011424a20c8e2f0565ecc84bc047e?s=96&d=mm&r=x","contentUrl":"https:\/\/secure.gravatar.com\/avatar\/61120a9cd0caf6f8ef48873f0e5a0bf445b011424a20c8e2f0565ecc84bc047e?s=96&d=mm&r=x","caption":"JK"},"sameAs":["https:\/\/www.jkblog.de","https:\/\/de-de.facebook.com\/bayernbazi","https:\/\/x.com\/monacobazi"],"url":"https:\/\/www.karlstetter.net\/jkblog\/author\/jk\/"}]}},"jetpack_featured_media_url":"","jetpack_shortlink":"https:\/\/wp.me\/p3i4NZ-1g","jetpack_sharing_enabled":true,"_links":{"self":[{"href":"https:\/\/www.karlstetter.net\/jkblog\/wp-json\/wp\/v2\/posts\/78","targetHints":{"allow":["GET"]}}],"collection":[{"href":"https:\/\/www.karlstetter.net\/jkblog\/wp-json\/wp\/v2\/posts"}],"about":[{"href":"https:\/\/www.karlstetter.net\/jkblog\/wp-json\/wp\/v2\/types\/post"}],"author":[{"embeddable":true,"href":"https:\/\/www.karlstetter.net\/jkblog\/wp-json\/wp\/v2\/users\/2"}],"replies":[{"embeddable":true,"href":"https:\/\/www.karlstetter.net\/jkblog\/wp-json\/wp\/v2\/comments?post=78"}],"version-history":[{"count":3,"href":"https:\/\/www.karlstetter.net\/jkblog\/wp-json\/wp\/v2\/posts\/78\/revisions"}],"predecessor-version":[{"id":4077,"href":"https:\/\/www.karlstetter.net\/jkblog\/wp-json\/wp\/v2\/posts\/78\/revisions\/4077"}],"wp:attachment":[{"href":"https:\/\/www.karlstetter.net\/jkblog\/wp-json\/wp\/v2\/media?parent=78"}],"wp:term":[{"taxonomy":"category","embeddable":true,"href":"https:\/\/www.karlstetter.net\/jkblog\/wp-json\/wp\/v2\/categories?post=78"},{"taxonomy":"post_tag","embeddable":true,"href":"https:\/\/www.karlstetter.net\/jkblog\/wp-json\/wp\/v2\/tags?post=78"}],"curies":[{"name":"wp","href":"https:\/\/api.w.org\/{rel}","templated":true}]}}